{"id":9994,"date":"2018-09-24T20:01:22","date_gmt":"2018-09-24T18:01:22","guid":{"rendered":"https:\/\/www.aymericvincent.fr\/?p=9994"},"modified":"2018-09-15T09:36:22","modified_gmt":"2018-09-15T07:36:22","slug":"evolution-de-la-remuneration-des-cadres","status":"publish","type":"post","link":"https:\/\/www.aymericvincent.fr\/?p=9994","title":{"rendered":"Evolution de la r\u00e9mun\u00e9ration des cadres"},"content":{"rendered":"<p><img decoding=\"async\" title=\"Infographie - \u00e9volution de la r\u00e9mun\u00e9ration des cadres - \u00e9dition 2018\" src=\"https:\/\/cadres.apec.fr\/files\/live\/mounts\/media\/medias_delia\/graphiques\/enquetes\/xinfographie,P20,Pc3,Pa9volution,P20r,Pc3,Pa9mun,Pc3,Pa9ration,P202017-2018.gif.pagespeed.ic.fM31Fm8FyD.png\" alt=\"Infographie - \u00e9volution de la r\u00e9mun\u00e9ration des cadres - \u00e9dition 2018\" \/><\/p>\n","protected":false},"excerpt":{"rendered":"","protected":false},"author":1,"featured_media":0,"comment_status":"open","ping_status":"open","sticky":false,"template":"","format":"standard","meta":{"_monsterinsights_skip_tracking":false,"_monsterinsights_sitenote_active":false,"_monsterinsights_sitenote_note":"","_monsterinsights_sitenote_category":0,"footnotes":""},"categories":[4],"tags":[94,241,1537],"class_list":["post-9994","post","type-post","status-publish","format-standard","hentry","category-evoluer-pour-fideliser","tag-apec","tag-cadre","tag-remuneration"],"yoast_head":"<!-- This site is optimized with the Yoast SEO plugin v27.3 - https:\/\/yoast.com\/product\/yoast-seo-wordpress\/ -->\n<title>Evolution de la r\u00e9mun\u00e9ration des cadres | Aymeric Vincent<\/title>\n<meta name=\"robots\" content=\"index, follow, max-snippet:-1, max-image-preview:large, max-video-preview:-1\" \/>\n<link rel=\"canonical\" href=\"https:\/\/www.aymericvincent.fr\/?p=9994\" \/>\n<meta property=\"og:locale\" content=\"fr_FR\" \/>\n<meta property=\"og:type\" content=\"article\" \/>\n<meta property=\"og:title\" content=\"Evolution de la r\u00e9mun\u00e9ration des cadres | Aymeric Vincent\" \/>\n<meta property=\"og:url\" content=\"https:\/\/www.aymericvincent.fr\/?p=9994\" \/>\n<meta property=\"og:site_name\" content=\"Aymeric Vincent\" \/>\n<meta property=\"article:published_time\" content=\"2018-09-24T18:01:22+00:00\" \/>\n<meta property=\"og:image\" content=\"https:\/\/cadres.apec.fr\/files\/live\/mounts\/media\/medias_delia\/graphiques\/enquetes\/xinfographie,P20,Pc3,Pa9volution,P20r,Pc3,Pa9mun,Pc3,Pa9ration,P202017-2018.gif.pagespeed.ic.fM31Fm8FyD.png\" \/>\n<meta name=\"author\" content=\"Aymeric Vincent\" \/>\n<meta name=\"twitter:card\" content=\"summary_large_image\" \/>\n<meta name=\"twitter:creator\" content=\"@aymericvincent\" \/>\n<meta name=\"twitter:site\" content=\"@aymericvincent\" \/>\n<meta name=\"twitter:label1\" content=\"\u00c9crit par\" \/>\n\t<meta name=\"twitter:data1\" content=\"Aymeric Vincent\" \/>\n<script type=\"application\/ld+json\" class=\"yoast-schema-graph\">{\"@context\":\"https:\\\/\\\/schema.org\",\"@graph\":[{\"@type\":\"Article\",\"@id\":\"https:\\\/\\\/www.aymericvincent.fr\\\/?p=9994#article\",\"isPartOf\":{\"@id\":\"https:\\\/\\\/www.aymericvincent.fr\\\/?p=9994\"},\"author\":{\"name\":\"Aymeric Vincent\",\"@id\":\"https:\\\/\\\/www.aymericvincent.fr\\\/#\\\/schema\\\/person\\\/7eae4d27b09369dbd5d9d7c7b16d4643\"},\"headline\":\"Evolution de la r\u00e9mun\u00e9ration des cadres\",\"datePublished\":\"2018-09-24T18:01:22+00:00\",\"mainEntityOfPage\":{\"@id\":\"https:\\\/\\\/www.aymericvincent.fr\\\/?p=9994\"},\"wordCount\":8,\"commentCount\":0,\"publisher\":{\"@id\":\"https:\\\/\\\/www.aymericvincent.fr\\\/#\\\/schema\\\/person\\\/7eae4d27b09369dbd5d9d7c7b16d4643\"},\"image\":{\"@id\":\"https:\\\/\\\/www.aymericvincent.fr\\\/?p=9994#primaryimage\"},\"thumbnailUrl\":\"https:\\\/\\\/cadres.apec.fr\\\/files\\\/live\\\/mounts\\\/media\\\/medias_delia\\\/graphiques\\\/enquetes\\\/xinfographie,P20,Pc3,Pa9volution,P20r,Pc3,Pa9mun,Pc3,Pa9ration,P202017-2018.gif.pagespeed.ic.fM31Fm8FyD.png\",\"keywords\":[\"apec\",\"cadre\",\"remuneration\"],\"articleSection\":[\"Fid\u00e9liser\"],\"inLanguage\":\"fr-FR\",\"potentialAction\":[{\"@type\":\"CommentAction\",\"name\":\"Comment\",\"target\":[\"https:\\\/\\\/www.aymericvincent.fr\\\/?p=9994#respond\"]}]},{\"@type\":\"WebPage\",\"@id\":\"https:\\\/\\\/www.aymericvincent.fr\\\/?p=9994\",\"url\":\"https:\\\/\\\/www.aymericvincent.fr\\\/?p=9994\",\"name\":\"Evolution de la r\u00e9mun\u00e9ration des cadres | Aymeric Vincent\",\"isPartOf\":{\"@id\":\"https:\\\/\\\/www.aymericvincent.fr\\\/#website\"},\"primaryImageOfPage\":{\"@id\":\"https:\\\/\\\/www.aymericvincent.fr\\\/?p=9994#primaryimage\"},\"image\":{\"@id\":\"https:\\\/\\\/www.aymericvincent.fr\\\/?p=9994#primaryimage\"},\"thumbnailUrl\":\"https:\\\/\\\/cadres.apec.fr\\\/files\\\/live\\\/mounts\\\/media\\\/medias_delia\\\/graphiques\\\/enquetes\\\/xinfographie,P20,Pc3,Pa9volution,P20r,Pc3,Pa9mun,Pc3,Pa9ration,P202017-2018.gif.pagespeed.ic.fM31Fm8FyD.png\",\"datePublished\":\"2018-09-24T18:01:22+00:00\",\"breadcrumb\":{\"@id\":\"https:\\\/\\\/www.aymericvincent.fr\\\/?p=9994#breadcrumb\"},\"inLanguage\":\"fr-FR\",\"potentialAction\":[{\"@type\":\"ReadAction\",\"target\":[\"https:\\\/\\\/www.aymericvincent.fr\\\/?p=9994\"]}]},{\"@type\":\"ImageObject\",\"inLanguage\":\"fr-FR\",\"@id\":\"https:\\\/\\\/www.aymericvincent.fr\\\/?p=9994#primaryimage\",\"url\":\"https:\\\/\\\/cadres.apec.fr\\\/files\\\/live\\\/mounts\\\/media\\\/medias_delia\\\/graphiques\\\/enquetes\\\/xinfographie,P20,Pc3,Pa9volution,P20r,Pc3,Pa9mun,Pc3,Pa9ration,P202017-2018.gif.pagespeed.ic.fM31Fm8FyD.png\",\"contentUrl\":\"https:\\\/\\\/cadres.apec.fr\\\/files\\\/live\\\/mounts\\\/media\\\/medias_delia\\\/graphiques\\\/enquetes\\\/xinfographie,P20,Pc3,Pa9volution,P20r,Pc3,Pa9mun,Pc3,Pa9ration,P202017-2018.gif.pagespeed.ic.fM31Fm8FyD.png\"},{\"@type\":\"BreadcrumbList\",\"@id\":\"https:\\\/\\\/www.aymericvincent.fr\\\/?p=9994#breadcrumb\",\"itemListElement\":[{\"@type\":\"ListItem\",\"position\":1,\"name\":\"Accueil\",\"item\":\"https:\\\/\\\/www.aymericvincent.fr\\\/\"},{\"@type\":\"ListItem\",\"position\":2,\"name\":\"Evolution de la r\u00e9mun\u00e9ration des cadres\"}]},{\"@type\":\"WebSite\",\"@id\":\"https:\\\/\\\/www.aymericvincent.fr\\\/#website\",\"url\":\"https:\\\/\\\/www.aymericvincent.fr\\\/\",\"name\":\"Aymeric Vincent\",\"description\":\"Le blog de Aymeric Vincent - Management, RH et Responsabilit\u00e9 Soci\u00e9tale\",\"publisher\":{\"@id\":\"https:\\\/\\\/www.aymericvincent.fr\\\/#\\\/schema\\\/person\\\/7eae4d27b09369dbd5d9d7c7b16d4643\"},\"potentialAction\":[{\"@type\":\"SearchAction\",\"target\":{\"@type\":\"EntryPoint\",\"urlTemplate\":\"https:\\\/\\\/www.aymericvincent.fr\\\/?s={search_term_string}\"},\"query-input\":{\"@type\":\"PropertyValueSpecification\",\"valueRequired\":true,\"valueName\":\"search_term_string\"}}],\"inLanguage\":\"fr-FR\"},{\"@type\":[\"Person\",\"Organization\"],\"@id\":\"https:\\\/\\\/www.aymericvincent.fr\\\/#\\\/schema\\\/person\\\/7eae4d27b09369dbd5d9d7c7b16d4643\",\"name\":\"Aymeric Vincent\",\"image\":{\"@type\":\"ImageObject\",\"inLanguage\":\"fr-FR\",\"@id\":\"https:\\\/\\\/www.aymericvincent.fr\\\/wp-content\\\/uploads\\\/2019\\\/11\\\/aymeric_vincent-1024x683.jpg\",\"url\":\"https:\\\/\\\/www.aymericvincent.fr\\\/wp-content\\\/uploads\\\/2019\\\/11\\\/aymeric_vincent-1024x683.jpg\",\"contentUrl\":\"https:\\\/\\\/www.aymericvincent.fr\\\/wp-content\\\/uploads\\\/2019\\\/11\\\/aymeric_vincent-1024x683.jpg\",\"width\":1024,\"height\":683,\"caption\":\"Aymeric Vincent\"},\"logo\":{\"@id\":\"https:\\\/\\\/www.aymericvincent.fr\\\/wp-content\\\/uploads\\\/2019\\\/11\\\/aymeric_vincent-1024x683.jpg\"},\"description\":\"Directeur des Ressources Humaines adjoint dans l'univers de l'\u00e9dition\",\"sameAs\":[\"https:\\\/\\\/www.aymericvincent.fr\"],\"url\":\"https:\\\/\\\/www.aymericvincent.fr\\\/?author=1\"}]}<\/script>\n<!-- \/ Yoast SEO plugin. -->","yoast_head_json":{"title":"Evolution de la r\u00e9mun\u00e9ration des cadres | Aymeric Vincent","robots":{"index":"index","follow":"follow","max-snippet":"max-snippet:-1","max-image-preview":"max-image-preview:large","max-video-preview":"max-video-preview:-1"},"canonical":"https:\/\/www.aymericvincent.fr\/?p=9994","og_locale":"fr_FR","og_type":"article","og_title":"Evolution de la r\u00e9mun\u00e9ration des cadres | Aymeric Vincent","og_url":"https:\/\/www.aymericvincent.fr\/?p=9994","og_site_name":"Aymeric Vincent","article_published_time":"2018-09-24T18:01:22+00:00","og_image":[{"url":"https:\/\/cadres.apec.fr\/files\/live\/mounts\/media\/medias_delia\/graphiques\/enquetes\/xinfographie,P20,Pc3,Pa9volution,P20r,Pc3,Pa9mun,Pc3,Pa9ration,P202017-2018.gif.pagespeed.ic.fM31Fm8FyD.png","type":"","width":"","height":""}],"author":"Aymeric Vincent","twitter_card":"summary_large_image","twitter_creator":"@aymericvincent","twitter_site":"@aymericvincent","twitter_misc":{"\u00c9crit par":"Aymeric Vincent"},"schema":{"@context":"https:\/\/schema.org","@graph":[{"@type":"Article","@id":"https:\/\/www.aymericvincent.fr\/?p=9994#article","isPartOf":{"@id":"https:\/\/www.aymericvincent.fr\/?p=9994"},"author":{"name":"Aymeric Vincent","@id":"https:\/\/www.aymericvincent.fr\/#\/schema\/person\/7eae4d27b09369dbd5d9d7c7b16d4643"},"headline":"Evolution de la r\u00e9mun\u00e9ration des cadres","datePublished":"2018-09-24T18:01:22+00:00","mainEntityOfPage":{"@id":"https:\/\/www.aymericvincent.fr\/?p=9994"},"wordCount":8,"commentCount":0,"publisher":{"@id":"https:\/\/www.aymericvincent.fr\/#\/schema\/person\/7eae4d27b09369dbd5d9d7c7b16d4643"},"image":{"@id":"https:\/\/www.aymericvincent.fr\/?p=9994#primaryimage"},"thumbnailUrl":"https:\/\/cadres.apec.fr\/files\/live\/mounts\/media\/medias_delia\/graphiques\/enquetes\/xinfographie,P20,Pc3,Pa9volution,P20r,Pc3,Pa9mun,Pc3,Pa9ration,P202017-2018.gif.pagespeed.ic.fM31Fm8FyD.png","keywords":["apec","cadre","remuneration"],"articleSection":["Fid\u00e9liser"],"inLanguage":"fr-FR","potentialAction":[{"@type":"CommentAction","name":"Comment","target":["https:\/\/www.aymericvincent.fr\/?p=9994#respond"]}]},{"@type":"WebPage","@id":"https:\/\/www.aymericvincent.fr\/?p=9994","url":"https:\/\/www.aymericvincent.fr\/?p=9994","name":"Evolution de la r\u00e9mun\u00e9ration des cadres | Aymeric Vincent","isPartOf":{"@id":"https:\/\/www.aymericvincent.fr\/#website"},"primaryImageOfPage":{"@id":"https:\/\/www.aymericvincent.fr\/?p=9994#primaryimage"},"image":{"@id":"https:\/\/www.aymericvincent.fr\/?p=9994#primaryimage"},"thumbnailUrl":"https:\/\/cadres.apec.fr\/files\/live\/mounts\/media\/medias_delia\/graphiques\/enquetes\/xinfographie,P20,Pc3,Pa9volution,P20r,Pc3,Pa9mun,Pc3,Pa9ration,P202017-2018.gif.pagespeed.ic.fM31Fm8FyD.png","datePublished":"2018-09-24T18:01:22+00:00","breadcrumb":{"@id":"https:\/\/www.aymericvincent.fr\/?p=9994#breadcrumb"},"inLanguage":"fr-FR","potentialAction":[{"@type":"ReadAction","target":["https:\/\/www.aymericvincent.fr\/?p=9994"]}]},{"@type":"ImageObject","inLanguage":"fr-FR","@id":"https:\/\/www.aymericvincent.fr\/?p=9994#primaryimage","url":"https:\/\/cadres.apec.fr\/files\/live\/mounts\/media\/medias_delia\/graphiques\/enquetes\/xinfographie,P20,Pc3,Pa9volution,P20r,Pc3,Pa9mun,Pc3,Pa9ration,P202017-2018.gif.pagespeed.ic.fM31Fm8FyD.png","contentUrl":"https:\/\/cadres.apec.fr\/files\/live\/mounts\/media\/medias_delia\/graphiques\/enquetes\/xinfographie,P20,Pc3,Pa9volution,P20r,Pc3,Pa9mun,Pc3,Pa9ration,P202017-2018.gif.pagespeed.ic.fM31Fm8FyD.png"},{"@type":"BreadcrumbList","@id":"https:\/\/www.aymericvincent.fr\/?p=9994#breadcrumb","itemListElement":[{"@type":"ListItem","position":1,"name":"Accueil","item":"https:\/\/www.aymericvincent.fr\/"},{"@type":"ListItem","position":2,"name":"Evolution de la r\u00e9mun\u00e9ration des cadres"}]},{"@type":"WebSite","@id":"https:\/\/www.aymericvincent.fr\/#website","url":"https:\/\/www.aymericvincent.fr\/","name":"Aymeric Vincent","description":"Le blog de Aymeric Vincent - Management, RH et Responsabilit\u00e9 Soci\u00e9tale","publisher":{"@id":"https:\/\/www.aymericvincent.fr\/#\/schema\/person\/7eae4d27b09369dbd5d9d7c7b16d4643"},"potentialAction":[{"@type":"SearchAction","target":{"@type":"EntryPoint","urlTemplate":"https:\/\/www.aymericvincent.fr\/?s={search_term_string}"},"query-input":{"@type":"PropertyValueSpecification","valueRequired":true,"valueName":"search_term_string"}}],"inLanguage":"fr-FR"},{"@type":["Person","Organization"],"@id":"https:\/\/www.aymericvincent.fr\/#\/schema\/person\/7eae4d27b09369dbd5d9d7c7b16d4643","name":"Aymeric Vincent","image":{"@type":"ImageObject","inLanguage":"fr-FR","@id":"https:\/\/www.aymericvincent.fr\/wp-content\/uploads\/2019\/11\/aymeric_vincent-1024x683.jpg","url":"https:\/\/www.aymericvincent.fr\/wp-content\/uploads\/2019\/11\/aymeric_vincent-1024x683.jpg","contentUrl":"https:\/\/www.aymericvincent.fr\/wp-content\/uploads\/2019\/11\/aymeric_vincent-1024x683.jpg","width":1024,"height":683,"caption":"Aymeric Vincent"},"logo":{"@id":"https:\/\/www.aymericvincent.fr\/wp-content\/uploads\/2019\/11\/aymeric_vincent-1024x683.jpg"},"description":"Directeur des Ressources Humaines adjoint dans l'univers de l'\u00e9dition","sameAs":["https:\/\/www.aymericvincent.fr"],"url":"https:\/\/www.aymericvincent.fr\/?author=1"}]}},"_links":{"self":[{"href":"https:\/\/www.aymericvincent.fr\/index.php?rest_route=\/wp\/v2\/posts\/9994","targetHints":{"allow":["GET"]}}],"collection":[{"href":"https:\/\/www.aymericvincent.fr\/index.php?rest_route=\/wp\/v2\/posts"}],"about":[{"href":"https:\/\/www.aymericvincent.fr\/index.php?rest_route=\/wp\/v2\/types\/post"}],"author":[{"embeddable":true,"href":"https:\/\/www.aymericvincent.fr\/index.php?rest_route=\/wp\/v2\/users\/1"}],"replies":[{"embeddable":true,"href":"https:\/\/www.aymericvincent.fr\/index.php?rest_route=%2Fwp%2Fv2%2Fcomments&post=9994"}],"version-history":[{"count":1,"href":"https:\/\/www.aymericvincent.fr\/index.php?rest_route=\/wp\/v2\/posts\/9994\/revisions"}],"predecessor-version":[{"id":9995,"href":"https:\/\/www.aymericvincent.fr\/index.php?rest_route=\/wp\/v2\/posts\/9994\/revisions\/9995"}],"wp:attachment":[{"href":"https:\/\/www.aymericvincent.fr\/index.php?rest_route=%2Fwp%2Fv2%2Fmedia&parent=9994"}],"wp:term":[{"taxonomy":"category","embeddable":true,"href":"https:\/\/www.aymericvincent.fr\/index.php?rest_route=%2Fwp%2Fv2%2Fcategories&post=9994"},{"taxonomy":"post_tag","embeddable":true,"href":"https:\/\/www.aymericvincent.fr\/index.php?rest_route=%2Fwp%2Fv2%2Ftags&post=9994"}],"curies":[{"name":"wp","href":"https:\/\/api.w.org\/{rel}","templated":true}]}}