{"id":9916,"date":"2018-08-27T20:01:35","date_gmt":"2018-08-27T18:01:35","guid":{"rendered":"https:\/\/www.aymericvincent.fr\/?p=9916"},"modified":"2018-08-13T09:40:14","modified_gmt":"2018-08-13T07:40:14","slug":"regards-sur-lintelligence-artificielle","status":"publish","type":"post","link":"https:\/\/www.aymericvincent.fr\/?p=9916","title":{"rendered":"Regards sur l&rsquo;intelligence artificielle"},"content":{"rendered":"<p>Regards crois\u00e9s sur l&rsquo;intelligence artificielle par <a href=\"http:\/\/regards-connectes.fr\/\" target=\"_blank\" rel=\"noopener\">Regards Connect\u00e9s<\/a> avec:<\/p>\n<ul>\n<li>Jean-Gabriel Ganascia, Professeur \u00e0 l\u2019Universit\u00e9 Pierre et Marie Curie, Paris VI<\/li>\n<li>Idriss Aberkane, Auteur et conf\u00e9rencier<\/li>\n<li>Nicolas Miailhe, The Future Society<\/li>\n<li>Dr Laurent Alexandre, Chirurgien et auteur<\/li>\n<li>St\u00e9phane Mallard, Digital evangelist, Blu Age<\/li>\n<li>Pr Stuart Russell, Professeur de sciences computationnelles, UC Berkeley<\/li>\n<li>Maryne Cotty-Eslous, Lucine<\/li>\n<li>Rand Hindi, Snips<\/li>\n<li>Dr Philippe Denormandie, Directeur des relations sant\u00e9 \u00e0 la MNH<\/li>\n<li>Pr Isra\u00ebl Nisand, Cr\u00e9ateur du Forum Europ\u00e9en de Bio\u00e9thique de Strasbourg<\/li>\n<li>Ir\u00e9n\u00e9e R\u00e9gnauld, Fondateur du Mouton Num\u00e9rique<\/li>\n<\/ul>\n<p><iframe loading=\"lazy\" title=\"Data, emploi, \u00e9thique, politique : Regards sur l&#039;intelligence artificielle\" width=\"500\" height=\"281\" src=\"https:\/\/www.youtube.com\/embed\/tL7ojiOTQho?feature=oembed\" frameborder=\"0\" allow=\"accelerometer; autoplay; clipboard-write; encrypted-media; gyroscope; picture-in-picture; web-share\" referrerpolicy=\"strict-origin-when-cross-origin\" allowfullscreen><\/iframe><\/p>\n","protected":false},"excerpt":{"rendered":"<p>Regards crois\u00e9s sur l&rsquo;intelligence artificielle par Regards Connect\u00e9s avec: Jean-Gabriel Ganascia, Professeur \u00e0 l\u2019Universit\u00e9 Pierre et Marie Curie, Paris VI Idriss Aberkane, Auteur et conf\u00e9rencier Nicolas Miailhe, The Future Society Dr Laurent Alexandre, Chirurgien et auteur St\u00e9phane Mallard, Digital evangelist, Blu Age Pr Stuart Russell, Professeur de sciences computationnelles, UC Berkeley Maryne Cotty-Eslous, Lucine Rand [&hellip;]<\/p>\n","protected":false},"author":1,"featured_media":0,"comment_status":"open","ping_status":"open","sticky":false,"template":"","format":"standard","meta":{"_monsterinsights_skip_tracking":false,"_monsterinsights_sitenote_active":false,"_monsterinsights_sitenote_note":"","_monsterinsights_sitenote_category":0,"footnotes":""},"categories":[5,11],"tags":[4481,4319,4317,947,4318],"class_list":["post-9916","post","type-post","status-publish","format-standard","hentry","category-formations","category-rh-20","tag-ai","tag-artificielle","tag-ia","tag-intelligence","tag-intelligence-artificielle"],"yoast_head":"<!-- This site is optimized with the Yoast SEO plugin v27.3 - https:\/\/yoast.com\/product\/yoast-seo-wordpress\/ -->\n<title>Regards sur l&#039;intelligence artificielle | Aymeric Vincent<\/title>\n<meta name=\"description\" content=\"Regards crois\u00e9s sur l&#039;intelligence artificielle\" \/>\n<meta name=\"robots\" content=\"index, follow, max-snippet:-1, max-image-preview:large, max-video-preview:-1\" \/>\n<link rel=\"canonical\" href=\"https:\/\/www.aymericvincent.fr\/?p=9916\" \/>\n<meta property=\"og:locale\" content=\"fr_FR\" \/>\n<meta property=\"og:type\" content=\"article\" \/>\n<meta property=\"og:title\" content=\"Regards sur l&#039;intelligence artificielle | Aymeric Vincent\" \/>\n<meta property=\"og:description\" content=\"Regards crois\u00e9s sur l&#039;intelligence artificielle\" \/>\n<meta property=\"og:url\" content=\"https:\/\/www.aymericvincent.fr\/?p=9916\" \/>\n<meta property=\"og:site_name\" content=\"Aymeric Vincent\" \/>\n<meta property=\"article:published_time\" content=\"2018-08-27T18:01:35+00:00\" \/>\n<meta name=\"author\" content=\"Aymeric Vincent\" \/>\n<meta name=\"twitter:card\" content=\"summary_large_image\" \/>\n<meta name=\"twitter:creator\" content=\"@aymericvincent\" \/>\n<meta name=\"twitter:site\" content=\"@aymericvincent\" \/>\n<meta name=\"twitter:label1\" content=\"\u00c9crit par\" \/>\n\t<meta name=\"twitter:data1\" content=\"Aymeric Vincent\" \/>\n\t<meta name=\"twitter:label2\" content=\"Dur\u00e9e de lecture estim\u00e9e\" \/>\n\t<meta name=\"twitter:data2\" content=\"1 minute\" \/>\n<script type=\"application\/ld+json\" class=\"yoast-schema-graph\">{\"@context\":\"https:\\\/\\\/schema.org\",\"@graph\":[{\"@type\":\"Article\",\"@id\":\"https:\\\/\\\/www.aymericvincent.fr\\\/?p=9916#article\",\"isPartOf\":{\"@id\":\"https:\\\/\\\/www.aymericvincent.fr\\\/?p=9916\"},\"author\":{\"name\":\"Aymeric Vincent\",\"@id\":\"https:\\\/\\\/www.aymericvincent.fr\\\/#\\\/schema\\\/person\\\/7eae4d27b09369dbd5d9d7c7b16d4643\"},\"headline\":\"Regards sur l&rsquo;intelligence artificielle\",\"datePublished\":\"2018-08-27T18:01:35+00:00\",\"mainEntityOfPage\":{\"@id\":\"https:\\\/\\\/www.aymericvincent.fr\\\/?p=9916\"},\"wordCount\":106,\"commentCount\":0,\"publisher\":{\"@id\":\"https:\\\/\\\/www.aymericvincent.fr\\\/#\\\/schema\\\/person\\\/7eae4d27b09369dbd5d9d7c7b16d4643\"},\"keywords\":[\"AI\",\"artificielle\",\"ia\",\"intelligence\",\"intelligence artificielle\"],\"articleSection\":[\"Apprendre\",\"RH digital\"],\"inLanguage\":\"fr-FR\",\"potentialAction\":[{\"@type\":\"CommentAction\",\"name\":\"Comment\",\"target\":[\"https:\\\/\\\/www.aymericvincent.fr\\\/?p=9916#respond\"]}]},{\"@type\":\"WebPage\",\"@id\":\"https:\\\/\\\/www.aymericvincent.fr\\\/?p=9916\",\"url\":\"https:\\\/\\\/www.aymericvincent.fr\\\/?p=9916\",\"name\":\"Regards sur l'intelligence artificielle | Aymeric Vincent\",\"isPartOf\":{\"@id\":\"https:\\\/\\\/www.aymericvincent.fr\\\/#website\"},\"datePublished\":\"2018-08-27T18:01:35+00:00\",\"description\":\"Regards crois\u00e9s sur l'intelligence artificielle\",\"breadcrumb\":{\"@id\":\"https:\\\/\\\/www.aymericvincent.fr\\\/?p=9916#breadcrumb\"},\"inLanguage\":\"fr-FR\",\"potentialAction\":[{\"@type\":\"ReadAction\",\"target\":[\"https:\\\/\\\/www.aymericvincent.fr\\\/?p=9916\"]}]},{\"@type\":\"BreadcrumbList\",\"@id\":\"https:\\\/\\\/www.aymericvincent.fr\\\/?p=9916#breadcrumb\",\"itemListElement\":[{\"@type\":\"ListItem\",\"position\":1,\"name\":\"Accueil\",\"item\":\"https:\\\/\\\/www.aymericvincent.fr\\\/\"},{\"@type\":\"ListItem\",\"position\":2,\"name\":\"Regards sur l&rsquo;intelligence artificielle\"}]},{\"@type\":\"WebSite\",\"@id\":\"https:\\\/\\\/www.aymericvincent.fr\\\/#website\",\"url\":\"https:\\\/\\\/www.aymericvincent.fr\\\/\",\"name\":\"Aymeric Vincent\",\"description\":\"Le blog de Aymeric Vincent - Management, RH et Responsabilit\u00e9 Soci\u00e9tale\",\"publisher\":{\"@id\":\"https:\\\/\\\/www.aymericvincent.fr\\\/#\\\/schema\\\/person\\\/7eae4d27b09369dbd5d9d7c7b16d4643\"},\"potentialAction\":[{\"@type\":\"SearchAction\",\"target\":{\"@type\":\"EntryPoint\",\"urlTemplate\":\"https:\\\/\\\/www.aymericvincent.fr\\\/?s={search_term_string}\"},\"query-input\":{\"@type\":\"PropertyValueSpecification\",\"valueRequired\":true,\"valueName\":\"search_term_string\"}}],\"inLanguage\":\"fr-FR\"},{\"@type\":[\"Person\",\"Organization\"],\"@id\":\"https:\\\/\\\/www.aymericvincent.fr\\\/#\\\/schema\\\/person\\\/7eae4d27b09369dbd5d9d7c7b16d4643\",\"name\":\"Aymeric Vincent\",\"image\":{\"@type\":\"ImageObject\",\"inLanguage\":\"fr-FR\",\"@id\":\"https:\\\/\\\/www.aymericvincent.fr\\\/wp-content\\\/uploads\\\/2019\\\/11\\\/aymeric_vincent-1024x683.jpg\",\"url\":\"https:\\\/\\\/www.aymericvincent.fr\\\/wp-content\\\/uploads\\\/2019\\\/11\\\/aymeric_vincent-1024x683.jpg\",\"contentUrl\":\"https:\\\/\\\/www.aymericvincent.fr\\\/wp-content\\\/uploads\\\/2019\\\/11\\\/aymeric_vincent-1024x683.jpg\",\"width\":1024,\"height\":683,\"caption\":\"Aymeric Vincent\"},\"logo\":{\"@id\":\"https:\\\/\\\/www.aymericvincent.fr\\\/wp-content\\\/uploads\\\/2019\\\/11\\\/aymeric_vincent-1024x683.jpg\"},\"description\":\"Directeur des Ressources Humaines adjoint dans l'univers de l'\u00e9dition\",\"sameAs\":[\"https:\\\/\\\/www.aymericvincent.fr\"],\"url\":\"https:\\\/\\\/www.aymericvincent.fr\\\/?author=1\"}]}<\/script>\n<!-- \/ Yoast SEO plugin. -->","yoast_head_json":{"title":"Regards sur l'intelligence artificielle | Aymeric Vincent","description":"Regards crois\u00e9s sur l'intelligence artificielle","robots":{"index":"index","follow":"follow","max-snippet":"max-snippet:-1","max-image-preview":"max-image-preview:large","max-video-preview":"max-video-preview:-1"},"canonical":"https:\/\/www.aymericvincent.fr\/?p=9916","og_locale":"fr_FR","og_type":"article","og_title":"Regards sur l'intelligence artificielle | Aymeric Vincent","og_description":"Regards crois\u00e9s sur l'intelligence artificielle","og_url":"https:\/\/www.aymericvincent.fr\/?p=9916","og_site_name":"Aymeric Vincent","article_published_time":"2018-08-27T18:01:35+00:00","author":"Aymeric Vincent","twitter_card":"summary_large_image","twitter_creator":"@aymericvincent","twitter_site":"@aymericvincent","twitter_misc":{"\u00c9crit par":"Aymeric Vincent","Dur\u00e9e de lecture estim\u00e9e":"1 minute"},"schema":{"@context":"https:\/\/schema.org","@graph":[{"@type":"Article","@id":"https:\/\/www.aymericvincent.fr\/?p=9916#article","isPartOf":{"@id":"https:\/\/www.aymericvincent.fr\/?p=9916"},"author":{"name":"Aymeric Vincent","@id":"https:\/\/www.aymericvincent.fr\/#\/schema\/person\/7eae4d27b09369dbd5d9d7c7b16d4643"},"headline":"Regards sur l&rsquo;intelligence artificielle","datePublished":"2018-08-27T18:01:35+00:00","mainEntityOfPage":{"@id":"https:\/\/www.aymericvincent.fr\/?p=9916"},"wordCount":106,"commentCount":0,"publisher":{"@id":"https:\/\/www.aymericvincent.fr\/#\/schema\/person\/7eae4d27b09369dbd5d9d7c7b16d4643"},"keywords":["AI","artificielle","ia","intelligence","intelligence artificielle"],"articleSection":["Apprendre","RH digital"],"inLanguage":"fr-FR","potentialAction":[{"@type":"CommentAction","name":"Comment","target":["https:\/\/www.aymericvincent.fr\/?p=9916#respond"]}]},{"@type":"WebPage","@id":"https:\/\/www.aymericvincent.fr\/?p=9916","url":"https:\/\/www.aymericvincent.fr\/?p=9916","name":"Regards sur l'intelligence artificielle | Aymeric Vincent","isPartOf":{"@id":"https:\/\/www.aymericvincent.fr\/#website"},"datePublished":"2018-08-27T18:01:35+00:00","description":"Regards crois\u00e9s sur l'intelligence artificielle","breadcrumb":{"@id":"https:\/\/www.aymericvincent.fr\/?p=9916#breadcrumb"},"inLanguage":"fr-FR","potentialAction":[{"@type":"ReadAction","target":["https:\/\/www.aymericvincent.fr\/?p=9916"]}]},{"@type":"BreadcrumbList","@id":"https:\/\/www.aymericvincent.fr\/?p=9916#breadcrumb","itemListElement":[{"@type":"ListItem","position":1,"name":"Accueil","item":"https:\/\/www.aymericvincent.fr\/"},{"@type":"ListItem","position":2,"name":"Regards sur l&rsquo;intelligence artificielle"}]},{"@type":"WebSite","@id":"https:\/\/www.aymericvincent.fr\/#website","url":"https:\/\/www.aymericvincent.fr\/","name":"Aymeric Vincent","description":"Le blog de Aymeric Vincent - Management, RH et Responsabilit\u00e9 Soci\u00e9tale","publisher":{"@id":"https:\/\/www.aymericvincent.fr\/#\/schema\/person\/7eae4d27b09369dbd5d9d7c7b16d4643"},"potentialAction":[{"@type":"SearchAction","target":{"@type":"EntryPoint","urlTemplate":"https:\/\/www.aymericvincent.fr\/?s={search_term_string}"},"query-input":{"@type":"PropertyValueSpecification","valueRequired":true,"valueName":"search_term_string"}}],"inLanguage":"fr-FR"},{"@type":["Person","Organization"],"@id":"https:\/\/www.aymericvincent.fr\/#\/schema\/person\/7eae4d27b09369dbd5d9d7c7b16d4643","name":"Aymeric Vincent","image":{"@type":"ImageObject","inLanguage":"fr-FR","@id":"https:\/\/www.aymericvincent.fr\/wp-content\/uploads\/2019\/11\/aymeric_vincent-1024x683.jpg","url":"https:\/\/www.aymericvincent.fr\/wp-content\/uploads\/2019\/11\/aymeric_vincent-1024x683.jpg","contentUrl":"https:\/\/www.aymericvincent.fr\/wp-content\/uploads\/2019\/11\/aymeric_vincent-1024x683.jpg","width":1024,"height":683,"caption":"Aymeric Vincent"},"logo":{"@id":"https:\/\/www.aymericvincent.fr\/wp-content\/uploads\/2019\/11\/aymeric_vincent-1024x683.jpg"},"description":"Directeur des Ressources Humaines adjoint dans l'univers de l'\u00e9dition","sameAs":["https:\/\/www.aymericvincent.fr"],"url":"https:\/\/www.aymericvincent.fr\/?author=1"}]}},"_links":{"self":[{"href":"https:\/\/www.aymericvincent.fr\/index.php?rest_route=\/wp\/v2\/posts\/9916","targetHints":{"allow":["GET"]}}],"collection":[{"href":"https:\/\/www.aymericvincent.fr\/index.php?rest_route=\/wp\/v2\/posts"}],"about":[{"href":"https:\/\/www.aymericvincent.fr\/index.php?rest_route=\/wp\/v2\/types\/post"}],"author":[{"embeddable":true,"href":"https:\/\/www.aymericvincent.fr\/index.php?rest_route=\/wp\/v2\/users\/1"}],"replies":[{"embeddable":true,"href":"https:\/\/www.aymericvincent.fr\/index.php?rest_route=%2Fwp%2Fv2%2Fcomments&post=9916"}],"version-history":[{"count":3,"href":"https:\/\/www.aymericvincent.fr\/index.php?rest_route=\/wp\/v2\/posts\/9916\/revisions"}],"predecessor-version":[{"id":9919,"href":"https:\/\/www.aymericvincent.fr\/index.php?rest_route=\/wp\/v2\/posts\/9916\/revisions\/9919"}],"wp:attachment":[{"href":"https:\/\/www.aymericvincent.fr\/index.php?rest_route=%2Fwp%2Fv2%2Fmedia&parent=9916"}],"wp:term":[{"taxonomy":"category","embeddable":true,"href":"https:\/\/www.aymericvincent.fr\/index.php?rest_route=%2Fwp%2Fv2%2Fcategories&post=9916"},{"taxonomy":"post_tag","embeddable":true,"href":"https:\/\/www.aymericvincent.fr\/index.php?rest_route=%2Fwp%2Fv2%2Ftags&post=9916"}],"curies":[{"name":"wp","href":"https:\/\/api.w.org\/{rel}","templated":true}]}}