{"id":9013,"date":"2017-08-07T20:20:41","date_gmt":"2017-08-07T18:20:41","guid":{"rendered":"http:\/\/www.aymericvincent.fr\/?p=9013"},"modified":"2017-07-31T07:21:24","modified_gmt":"2017-07-31T05:21:24","slug":"bergere-en-corse","status":"publish","type":"post","link":"https:\/\/www.aymericvincent.fr\/?p=9013","title":{"rendered":"Berg\u00e8re en Corse"},"content":{"rendered":"<p><iframe loading=\"lazy\" class=\"player\" frameborder=\"0\" scrolling=\"no\" allowfullscreen=\"true\" webkitallowfullscreen=\"true\" mozallowfullscreen=\"true\" src=\"http:\/\/www.universcience.tv\/index.php\/player-html5-99a309a2c4ded27cdc064ee0664a0e5b.html\" width=\"576\" height=\"324\" title=\"Johanna, berg\u00e8re en Corse\"><noframes><img decoding=\"async\" alt=\"Johanna, berg\u00e8re en Corse\" src=\"http:\/\/www.universcience.tv\/ressources\/media\/photo-6245-johanna-bergere-en-corse.jpg\" \/><\/p>\n<h2>Johanna, berg\u00e8re en Corse<\/h2>\n<p><span>Des \u00e9l\u00e8ves du lyc\u00e9e Finosello et du coll\u00e8ge Padule d&rsquo;Ajaccio vont \u00e0 la rencontre, dans la <a href=\"http:\/\/www.universcience.tv\/nom-montagne.html\">montagne<\/a><a href=\"http:\/\/www.universcience.tv\/nom-corse.html\">Corse<\/a> , d&rsquo;une jeune femme passionn\u00e9e par son <a href=\"http:\/\/www.universcience.tv\/nom-metier.html\">m\u00e9tier<\/a> de <a href=\"http:\/\/www.universcience.tv\/nom-bergere.html\">berg\u00e8re<\/a> &#8230;\u00a0<\/span><\/p>\n<p><span>Film r\u00e9alis\u00e9 dans le cadre du concours <a title=\"site concours Je filme le m\u00e9tier qui me plait\" href=\"http:\/\/www.jefilmelemetierquimeplait.tv\/\" target=\"_blank\">><em><strong>Je filme le m\u00e9tier qui me plait<\/strong><\/em><\/a>.<br \/><\/span><\/p>\n<p><\/noframes><\/iframe><\/p>\n","protected":false},"excerpt":{"rendered":"<p>Johanna, berg\u00e8re en Corse Des \u00e9l\u00e8ves du lyc\u00e9e Finosello et du coll\u00e8ge Padule d&rsquo;Ajaccio vont \u00e0 la rencontre, dans la montagneCorse , d&rsquo;une jeune femme passionn\u00e9e par son m\u00e9tier de berg\u00e8re &#8230;\u00a0 Film r\u00e9alis\u00e9 dans le cadre du concours >Je filme le m\u00e9tier qui me plait.<\/p>\n","protected":false},"author":1,"featured_media":0,"comment_status":"open","ping_status":"open","sticky":false,"template":"","format":"standard","meta":{"_monsterinsights_skip_tracking":false,"_monsterinsights_sitenote_active":false,"_monsterinsights_sitenote_note":"","_monsterinsights_sitenote_category":0,"footnotes":""},"categories":[5,10],"tags":[4497,4496],"class_list":["post-9013","post","type-post","status-publish","format-standard","hentry","category-formations","category-trouver-et-recruter","tag-berger","tag-bergere"],"yoast_head":"<!-- This site is optimized with the Yoast SEO plugin v27.5 - https:\/\/yoast.com\/product\/yoast-seo-wordpress\/ -->\n<title>Berg\u00e8re en Corse | Aymeric Vincent<\/title>\n<meta name=\"robots\" content=\"index, follow, max-snippet:-1, max-image-preview:large, max-video-preview:-1\" \/>\n<link rel=\"canonical\" href=\"https:\/\/www.aymericvincent.fr\/?p=9013\" \/>\n<meta property=\"og:locale\" content=\"fr_FR\" \/>\n<meta property=\"og:type\" content=\"article\" \/>\n<meta property=\"og:title\" content=\"Berg\u00e8re en Corse | Aymeric Vincent\" \/>\n<meta property=\"og:description\" content=\"Johanna, berg\u00e8re en Corse Des \u00e9l\u00e8ves du lyc\u00e9e Finosello et du coll\u00e8ge Padule d&rsquo;Ajaccio vont \u00e0 la rencontre, dans la montagneCorse , d&rsquo;une jeune femme passionn\u00e9e par son m\u00e9tier de berg\u00e8re &#8230;\u00a0 Film r\u00e9alis\u00e9 dans le cadre du concours &gt;Je filme le m\u00e9tier qui me plait.\" \/>\n<meta property=\"og:url\" content=\"https:\/\/www.aymericvincent.fr\/?p=9013\" \/>\n<meta property=\"og:site_name\" content=\"Aymeric Vincent\" \/>\n<meta property=\"article:published_time\" content=\"2017-08-07T18:20:41+00:00\" \/>\n<meta property=\"og:image\" content=\"http:\/\/www.universcience.tv\/ressources\/media\/photo-6245-johanna-bergere-en-corse.jpg\" \/>\n<meta name=\"author\" content=\"Aymeric Vincent\" \/>\n<meta name=\"twitter:card\" content=\"summary_large_image\" \/>\n<meta name=\"twitter:creator\" content=\"@aymericvincent\" \/>\n<meta name=\"twitter:site\" content=\"@aymericvincent\" \/>\n<meta name=\"twitter:label1\" content=\"\u00c9crit par\" \/>\n\t<meta name=\"twitter:data1\" content=\"Aymeric Vincent\" \/>\n<script type=\"application\/ld+json\" class=\"yoast-schema-graph\">{\"@context\":\"https:\\\/\\\/schema.org\",\"@graph\":[{\"@type\":\"Article\",\"@id\":\"https:\\\/\\\/www.aymericvincent.fr\\\/?p=9013#article\",\"isPartOf\":{\"@id\":\"https:\\\/\\\/www.aymericvincent.fr\\\/?p=9013\"},\"author\":{\"name\":\"Aymeric Vincent\",\"@id\":\"https:\\\/\\\/www.aymericvincent.fr\\\/#\\\/schema\\\/person\\\/7eae4d27b09369dbd5d9d7c7b16d4643\"},\"headline\":\"Berg\u00e8re en Corse\",\"datePublished\":\"2017-08-07T18:20:41+00:00\",\"mainEntityOfPage\":{\"@id\":\"https:\\\/\\\/www.aymericvincent.fr\\\/?p=9013\"},\"wordCount\":59,\"commentCount\":0,\"publisher\":{\"@id\":\"https:\\\/\\\/www.aymericvincent.fr\\\/#\\\/schema\\\/person\\\/7eae4d27b09369dbd5d9d7c7b16d4643\"},\"image\":{\"@id\":\"https:\\\/\\\/www.aymericvincent.fr\\\/?p=9013#primaryimage\"},\"thumbnailUrl\":\"http:\\\/\\\/www.universcience.tv\\\/ressources\\\/media\\\/photo-6245-johanna-bergere-en-corse.jpg\",\"keywords\":[\"berger\",\"berg\u00e8re\"],\"articleSection\":[\"Apprendre\",\"Recruter\"],\"inLanguage\":\"fr-FR\",\"potentialAction\":[{\"@type\":\"CommentAction\",\"name\":\"Comment\",\"target\":[\"https:\\\/\\\/www.aymericvincent.fr\\\/?p=9013#respond\"]}]},{\"@type\":\"WebPage\",\"@id\":\"https:\\\/\\\/www.aymericvincent.fr\\\/?p=9013\",\"url\":\"https:\\\/\\\/www.aymericvincent.fr\\\/?p=9013\",\"name\":\"Berg\u00e8re en Corse | Aymeric Vincent\",\"isPartOf\":{\"@id\":\"https:\\\/\\\/www.aymericvincent.fr\\\/#website\"},\"primaryImageOfPage\":{\"@id\":\"https:\\\/\\\/www.aymericvincent.fr\\\/?p=9013#primaryimage\"},\"image\":{\"@id\":\"https:\\\/\\\/www.aymericvincent.fr\\\/?p=9013#primaryimage\"},\"thumbnailUrl\":\"http:\\\/\\\/www.universcience.tv\\\/ressources\\\/media\\\/photo-6245-johanna-bergere-en-corse.jpg\",\"datePublished\":\"2017-08-07T18:20:41+00:00\",\"breadcrumb\":{\"@id\":\"https:\\\/\\\/www.aymericvincent.fr\\\/?p=9013#breadcrumb\"},\"inLanguage\":\"fr-FR\",\"potentialAction\":[{\"@type\":\"ReadAction\",\"target\":[\"https:\\\/\\\/www.aymericvincent.fr\\\/?p=9013\"]}]},{\"@type\":\"ImageObject\",\"inLanguage\":\"fr-FR\",\"@id\":\"https:\\\/\\\/www.aymericvincent.fr\\\/?p=9013#primaryimage\",\"url\":\"http:\\\/\\\/www.universcience.tv\\\/ressources\\\/media\\\/photo-6245-johanna-bergere-en-corse.jpg\",\"contentUrl\":\"http:\\\/\\\/www.universcience.tv\\\/ressources\\\/media\\\/photo-6245-johanna-bergere-en-corse.jpg\"},{\"@type\":\"BreadcrumbList\",\"@id\":\"https:\\\/\\\/www.aymericvincent.fr\\\/?p=9013#breadcrumb\",\"itemListElement\":[{\"@type\":\"ListItem\",\"position\":1,\"name\":\"Accueil\",\"item\":\"https:\\\/\\\/www.aymericvincent.fr\\\/\"},{\"@type\":\"ListItem\",\"position\":2,\"name\":\"Berg\u00e8re en Corse\"}]},{\"@type\":\"WebSite\",\"@id\":\"https:\\\/\\\/www.aymericvincent.fr\\\/#website\",\"url\":\"https:\\\/\\\/www.aymericvincent.fr\\\/\",\"name\":\"Aymeric Vincent\",\"description\":\"Le blog de Aymeric Vincent - Management, RH et Responsabilit\u00e9 Soci\u00e9tale\",\"publisher\":{\"@id\":\"https:\\\/\\\/www.aymericvincent.fr\\\/#\\\/schema\\\/person\\\/7eae4d27b09369dbd5d9d7c7b16d4643\"},\"potentialAction\":[{\"@type\":\"SearchAction\",\"target\":{\"@type\":\"EntryPoint\",\"urlTemplate\":\"https:\\\/\\\/www.aymericvincent.fr\\\/?s={search_term_string}\"},\"query-input\":{\"@type\":\"PropertyValueSpecification\",\"valueRequired\":true,\"valueName\":\"search_term_string\"}}],\"inLanguage\":\"fr-FR\"},{\"@type\":[\"Person\",\"Organization\"],\"@id\":\"https:\\\/\\\/www.aymericvincent.fr\\\/#\\\/schema\\\/person\\\/7eae4d27b09369dbd5d9d7c7b16d4643\",\"name\":\"Aymeric Vincent\",\"image\":{\"@type\":\"ImageObject\",\"inLanguage\":\"fr-FR\",\"@id\":\"https:\\\/\\\/www.aymericvincent.fr\\\/wp-content\\\/uploads\\\/2019\\\/11\\\/aymeric_vincent-1024x683.jpg\",\"url\":\"https:\\\/\\\/www.aymericvincent.fr\\\/wp-content\\\/uploads\\\/2019\\\/11\\\/aymeric_vincent-1024x683.jpg\",\"contentUrl\":\"https:\\\/\\\/www.aymericvincent.fr\\\/wp-content\\\/uploads\\\/2019\\\/11\\\/aymeric_vincent-1024x683.jpg\",\"width\":1024,\"height\":683,\"caption\":\"Aymeric Vincent\"},\"logo\":{\"@id\":\"https:\\\/\\\/www.aymericvincent.fr\\\/wp-content\\\/uploads\\\/2019\\\/11\\\/aymeric_vincent-1024x683.jpg\"},\"description\":\"Directeur des Ressources Humaines adjoint dans l'univers de l'\u00e9dition\",\"sameAs\":[\"https:\\\/\\\/www.aymericvincent.fr\"],\"url\":\"https:\\\/\\\/www.aymericvincent.fr\\\/?author=1\"}]}<\/script>\n<!-- \/ Yoast SEO plugin. -->","yoast_head_json":{"title":"Berg\u00e8re en Corse | Aymeric Vincent","robots":{"index":"index","follow":"follow","max-snippet":"max-snippet:-1","max-image-preview":"max-image-preview:large","max-video-preview":"max-video-preview:-1"},"canonical":"https:\/\/www.aymericvincent.fr\/?p=9013","og_locale":"fr_FR","og_type":"article","og_title":"Berg\u00e8re en Corse | Aymeric Vincent","og_description":"Johanna, berg\u00e8re en Corse Des \u00e9l\u00e8ves du lyc\u00e9e Finosello et du coll\u00e8ge Padule d&rsquo;Ajaccio vont \u00e0 la rencontre, dans la montagneCorse , d&rsquo;une jeune femme passionn\u00e9e par son m\u00e9tier de berg\u00e8re &#8230;\u00a0 Film r\u00e9alis\u00e9 dans le cadre du concours >Je filme le m\u00e9tier qui me plait.","og_url":"https:\/\/www.aymericvincent.fr\/?p=9013","og_site_name":"Aymeric Vincent","article_published_time":"2017-08-07T18:20:41+00:00","og_image":[{"url":"http:\/\/www.universcience.tv\/ressources\/media\/photo-6245-johanna-bergere-en-corse.jpg","type":"","width":"","height":""}],"author":"Aymeric Vincent","twitter_card":"summary_large_image","twitter_creator":"@aymericvincent","twitter_site":"@aymericvincent","twitter_misc":{"\u00c9crit par":"Aymeric Vincent"},"schema":{"@context":"https:\/\/schema.org","@graph":[{"@type":"Article","@id":"https:\/\/www.aymericvincent.fr\/?p=9013#article","isPartOf":{"@id":"https:\/\/www.aymericvincent.fr\/?p=9013"},"author":{"name":"Aymeric Vincent","@id":"https:\/\/www.aymericvincent.fr\/#\/schema\/person\/7eae4d27b09369dbd5d9d7c7b16d4643"},"headline":"Berg\u00e8re en Corse","datePublished":"2017-08-07T18:20:41+00:00","mainEntityOfPage":{"@id":"https:\/\/www.aymericvincent.fr\/?p=9013"},"wordCount":59,"commentCount":0,"publisher":{"@id":"https:\/\/www.aymericvincent.fr\/#\/schema\/person\/7eae4d27b09369dbd5d9d7c7b16d4643"},"image":{"@id":"https:\/\/www.aymericvincent.fr\/?p=9013#primaryimage"},"thumbnailUrl":"http:\/\/www.universcience.tv\/ressources\/media\/photo-6245-johanna-bergere-en-corse.jpg","keywords":["berger","berg\u00e8re"],"articleSection":["Apprendre","Recruter"],"inLanguage":"fr-FR","potentialAction":[{"@type":"CommentAction","name":"Comment","target":["https:\/\/www.aymericvincent.fr\/?p=9013#respond"]}]},{"@type":"WebPage","@id":"https:\/\/www.aymericvincent.fr\/?p=9013","url":"https:\/\/www.aymericvincent.fr\/?p=9013","name":"Berg\u00e8re en Corse | Aymeric Vincent","isPartOf":{"@id":"https:\/\/www.aymericvincent.fr\/#website"},"primaryImageOfPage":{"@id":"https:\/\/www.aymericvincent.fr\/?p=9013#primaryimage"},"image":{"@id":"https:\/\/www.aymericvincent.fr\/?p=9013#primaryimage"},"thumbnailUrl":"http:\/\/www.universcience.tv\/ressources\/media\/photo-6245-johanna-bergere-en-corse.jpg","datePublished":"2017-08-07T18:20:41+00:00","breadcrumb":{"@id":"https:\/\/www.aymericvincent.fr\/?p=9013#breadcrumb"},"inLanguage":"fr-FR","potentialAction":[{"@type":"ReadAction","target":["https:\/\/www.aymericvincent.fr\/?p=9013"]}]},{"@type":"ImageObject","inLanguage":"fr-FR","@id":"https:\/\/www.aymericvincent.fr\/?p=9013#primaryimage","url":"http:\/\/www.universcience.tv\/ressources\/media\/photo-6245-johanna-bergere-en-corse.jpg","contentUrl":"http:\/\/www.universcience.tv\/ressources\/media\/photo-6245-johanna-bergere-en-corse.jpg"},{"@type":"BreadcrumbList","@id":"https:\/\/www.aymericvincent.fr\/?p=9013#breadcrumb","itemListElement":[{"@type":"ListItem","position":1,"name":"Accueil","item":"https:\/\/www.aymericvincent.fr\/"},{"@type":"ListItem","position":2,"name":"Berg\u00e8re en Corse"}]},{"@type":"WebSite","@id":"https:\/\/www.aymericvincent.fr\/#website","url":"https:\/\/www.aymericvincent.fr\/","name":"Aymeric Vincent","description":"Le blog de Aymeric Vincent - Management, RH et Responsabilit\u00e9 Soci\u00e9tale","publisher":{"@id":"https:\/\/www.aymericvincent.fr\/#\/schema\/person\/7eae4d27b09369dbd5d9d7c7b16d4643"},"potentialAction":[{"@type":"SearchAction","target":{"@type":"EntryPoint","urlTemplate":"https:\/\/www.aymericvincent.fr\/?s={search_term_string}"},"query-input":{"@type":"PropertyValueSpecification","valueRequired":true,"valueName":"search_term_string"}}],"inLanguage":"fr-FR"},{"@type":["Person","Organization"],"@id":"https:\/\/www.aymericvincent.fr\/#\/schema\/person\/7eae4d27b09369dbd5d9d7c7b16d4643","name":"Aymeric Vincent","image":{"@type":"ImageObject","inLanguage":"fr-FR","@id":"https:\/\/www.aymericvincent.fr\/wp-content\/uploads\/2019\/11\/aymeric_vincent-1024x683.jpg","url":"https:\/\/www.aymericvincent.fr\/wp-content\/uploads\/2019\/11\/aymeric_vincent-1024x683.jpg","contentUrl":"https:\/\/www.aymericvincent.fr\/wp-content\/uploads\/2019\/11\/aymeric_vincent-1024x683.jpg","width":1024,"height":683,"caption":"Aymeric Vincent"},"logo":{"@id":"https:\/\/www.aymericvincent.fr\/wp-content\/uploads\/2019\/11\/aymeric_vincent-1024x683.jpg"},"description":"Directeur des Ressources Humaines adjoint dans l'univers de l'\u00e9dition","sameAs":["https:\/\/www.aymericvincent.fr"],"url":"https:\/\/www.aymericvincent.fr\/?author=1"}]}},"_links":{"self":[{"href":"https:\/\/www.aymericvincent.fr\/index.php?rest_route=\/wp\/v2\/posts\/9013","targetHints":{"allow":["GET"]}}],"collection":[{"href":"https:\/\/www.aymericvincent.fr\/index.php?rest_route=\/wp\/v2\/posts"}],"about":[{"href":"https:\/\/www.aymericvincent.fr\/index.php?rest_route=\/wp\/v2\/types\/post"}],"author":[{"embeddable":true,"href":"https:\/\/www.aymericvincent.fr\/index.php?rest_route=\/wp\/v2\/users\/1"}],"replies":[{"embeddable":true,"href":"https:\/\/www.aymericvincent.fr\/index.php?rest_route=%2Fwp%2Fv2%2Fcomments&post=9013"}],"version-history":[{"count":1,"href":"https:\/\/www.aymericvincent.fr\/index.php?rest_route=\/wp\/v2\/posts\/9013\/revisions"}],"predecessor-version":[{"id":9014,"href":"https:\/\/www.aymericvincent.fr\/index.php?rest_route=\/wp\/v2\/posts\/9013\/revisions\/9014"}],"wp:attachment":[{"href":"https:\/\/www.aymericvincent.fr\/index.php?rest_route=%2Fwp%2Fv2%2Fmedia&parent=9013"}],"wp:term":[{"taxonomy":"category","embeddable":true,"href":"https:\/\/www.aymericvincent.fr\/index.php?rest_route=%2Fwp%2Fv2%2Fcategories&post=9013"},{"taxonomy":"post_tag","embeddable":true,"href":"https:\/\/www.aymericvincent.fr\/index.php?rest_route=%2Fwp%2Fv2%2Ftags&post=9013"}],"curies":[{"name":"wp","href":"https:\/\/api.w.org\/{rel}","templated":true}]}}