{"id":7654,"date":"2016-01-22T20:01:13","date_gmt":"2016-01-22T19:01:13","guid":{"rendered":"http:\/\/www.aymericvincent.fr\/?p=7654"},"modified":"2015-12-13T17:40:20","modified_gmt":"2015-12-13T16:40:20","slug":"les-innovations-manageriales","status":"publish","type":"post","link":"https:\/\/www.aymericvincent.fr\/?p=7654","title":{"rendered":"Les innovations manag\u00e9riales"},"content":{"rendered":"<p>Parution du 2\u00e8me cahier de l&rsquo;innovation publi\u00e9 par Audencia<\/p>\n<p>\u00ab\u00a0Ainsi, on observe au sein des entreprises une inflation du nombre\u00a0 d\u201finnovations manag\u00e9riales aux noms aussi s\u00e9duisants que \u201cl\u201forganisation digitale\u201d, \u201cl\u201finnovation ouverte\u201d, \u201cles communaut\u00e9s de pratiques\u201d, \u201cle<br \/>\ndesign thinking\u201d, \u201cle management collaboratif\u201d, \u201cl\u201forientation clients\u201d, \u201cle\u00a0 management par objectifs\u201d, \u201cl\u201forganisation autog\u00e9r\u00e9e\u201d, \u201cla lib\u00e9ration\u00a0 d\u201fentreprise\u201d ou encore le \u201cReengenering\u201d.<br \/>\nCes innovations manag\u00e9riales sont souvent pr\u00e9sent\u00e9es comme\u00a0 radicalement nouvelles et devant\u00a0 r\u00e9volutionner le fonctionnement des\u00a0 organisations. Face \u00e0 ces affirmations, on est en droit de se poser la<br \/>\nquestion suivante :<br \/>\n<strong>Ces innovations manag\u00e9riales sont-elles r\u00e9ellement nouvelles et vont-elles\u00a0 r\u00e9volutionner nos organisations ?\u00a0\u00bb<\/strong><\/p>\n<div style=\"text-align:center;\">\n<div style=\"margin:8px 0px 4px;\"><a href=\"http:\/\/www.calameo.com\/books\/000137206b4851628cfaf\" target=\"_blank\">Cahier de l&rsquo;innovation #2<\/a><\/div>\n<p><iframe loading=\"lazy\" src=\"\/\/v.calameo.com\/?bkcode=000137206b4851628cfaf\" width=\"300\" height=\"194\" frameborder=\"0\" scrolling=\"no\" allowtransparency allowfullscreen style=\"margin:0 auto;\"><\/iframe><\/p>\n<div style=\"margin:4px 0px 8px;\"><a href=\"http:\/\/www.calameo.com\/\">Publish at Calameo<\/a><\/div>\n<\/div>\n","protected":false},"excerpt":{"rendered":"<p>Parution du 2\u00e8me cahier de l&rsquo;innovation publi\u00e9 par Audencia \u00ab\u00a0Ainsi, on observe au sein des entreprises une inflation du nombre\u00a0 d\u201finnovations manag\u00e9riales aux noms aussi s\u00e9duisants que \u201cl\u201forganisation digitale\u201d, \u201cl\u201finnovation ouverte\u201d, \u201cles communaut\u00e9s de pratiques\u201d, \u201cle design thinking\u201d, \u201cle management collaboratif\u201d, \u201cl\u201forientation clients\u201d, \u201cle\u00a0 management par objectifs\u201d, \u201cl\u201forganisation autog\u00e9r\u00e9e\u201d, \u201cla lib\u00e9ration\u00a0 d\u201fentreprise\u201d ou encore le [&hellip;]<\/p>\n","protected":false},"author":1,"featured_media":0,"comment_status":"open","ping_status":"open","sticky":false,"template":"","format":"standard","meta":{"_monsterinsights_skip_tracking":false,"_monsterinsights_sitenote_active":false,"_monsterinsights_sitenote_note":"","_monsterinsights_sitenote_category":0,"footnotes":""},"categories":[7],"tags":[135,641,938,3998,1128],"class_list":["post-7654","post","type-post","status-publish","format-standard","hentry","category-management","tag-audencia","tag-entreprise","tag-innovation","tag-management","tag-manageriale"],"yoast_head":"<!-- This site is optimized with the Yoast SEO plugin v27.3 - https:\/\/yoast.com\/product\/yoast-seo-wordpress\/ -->\n<title>Les innovations manag\u00e9riales | Aymeric Vincent<\/title>\n<meta name=\"robots\" content=\"index, follow, max-snippet:-1, max-image-preview:large, max-video-preview:-1\" \/>\n<link rel=\"canonical\" href=\"https:\/\/www.aymericvincent.fr\/?p=7654\" \/>\n<meta property=\"og:locale\" content=\"fr_FR\" \/>\n<meta property=\"og:type\" content=\"article\" \/>\n<meta property=\"og:title\" content=\"Les innovations manag\u00e9riales | Aymeric Vincent\" \/>\n<meta property=\"og:description\" content=\"Parution du 2\u00e8me cahier de l&rsquo;innovation publi\u00e9 par Audencia \u00ab\u00a0Ainsi, on observe au sein des entreprises une inflation du nombre\u00a0 d\u201finnovations manag\u00e9riales aux noms aussi s\u00e9duisants que \u201cl\u201forganisation digitale\u201d, \u201cl\u201finnovation ouverte\u201d, \u201cles communaut\u00e9s de pratiques\u201d, \u201cle design thinking\u201d, \u201cle management collaboratif\u201d, \u201cl\u201forientation clients\u201d, \u201cle\u00a0 management par objectifs\u201d, \u201cl\u201forganisation autog\u00e9r\u00e9e\u201d, \u201cla lib\u00e9ration\u00a0 d\u201fentreprise\u201d ou encore le [&hellip;]\" \/>\n<meta property=\"og:url\" content=\"https:\/\/www.aymericvincent.fr\/?p=7654\" \/>\n<meta property=\"og:site_name\" content=\"Aymeric Vincent\" \/>\n<meta property=\"article:published_time\" content=\"2016-01-22T19:01:13+00:00\" \/>\n<meta name=\"author\" content=\"Aymeric Vincent\" \/>\n<meta name=\"twitter:card\" content=\"summary_large_image\" \/>\n<meta name=\"twitter:creator\" content=\"@aymericvincent\" \/>\n<meta name=\"twitter:site\" content=\"@aymericvincent\" \/>\n<meta name=\"twitter:label1\" content=\"\u00c9crit par\" \/>\n\t<meta name=\"twitter:data1\" content=\"Aymeric Vincent\" \/>\n\t<meta name=\"twitter:label2\" content=\"Dur\u00e9e de lecture estim\u00e9e\" \/>\n\t<meta name=\"twitter:data2\" content=\"1 minute\" \/>\n<script type=\"application\/ld+json\" class=\"yoast-schema-graph\">{\"@context\":\"https:\\\/\\\/schema.org\",\"@graph\":[{\"@type\":\"Article\",\"@id\":\"https:\\\/\\\/www.aymericvincent.fr\\\/?p=7654#article\",\"isPartOf\":{\"@id\":\"https:\\\/\\\/www.aymericvincent.fr\\\/?p=7654\"},\"author\":{\"name\":\"Aymeric Vincent\",\"@id\":\"https:\\\/\\\/www.aymericvincent.fr\\\/#\\\/schema\\\/person\\\/7eae4d27b09369dbd5d9d7c7b16d4643\"},\"headline\":\"Les innovations manag\u00e9riales\",\"datePublished\":\"2016-01-22T19:01:13+00:00\",\"mainEntityOfPage\":{\"@id\":\"https:\\\/\\\/www.aymericvincent.fr\\\/?p=7654\"},\"wordCount\":127,\"commentCount\":0,\"publisher\":{\"@id\":\"https:\\\/\\\/www.aymericvincent.fr\\\/#\\\/schema\\\/person\\\/7eae4d27b09369dbd5d9d7c7b16d4643\"},\"keywords\":[\"audencia\",\"entreprise\",\"innovation\",\"Manager\",\"manag\u00e9riale\"],\"articleSection\":[\"Manager\"],\"inLanguage\":\"fr-FR\",\"potentialAction\":[{\"@type\":\"CommentAction\",\"name\":\"Comment\",\"target\":[\"https:\\\/\\\/www.aymericvincent.fr\\\/?p=7654#respond\"]}]},{\"@type\":\"WebPage\",\"@id\":\"https:\\\/\\\/www.aymericvincent.fr\\\/?p=7654\",\"url\":\"https:\\\/\\\/www.aymericvincent.fr\\\/?p=7654\",\"name\":\"Les innovations manag\u00e9riales | Aymeric Vincent\",\"isPartOf\":{\"@id\":\"https:\\\/\\\/www.aymericvincent.fr\\\/#website\"},\"datePublished\":\"2016-01-22T19:01:13+00:00\",\"breadcrumb\":{\"@id\":\"https:\\\/\\\/www.aymericvincent.fr\\\/?p=7654#breadcrumb\"},\"inLanguage\":\"fr-FR\",\"potentialAction\":[{\"@type\":\"ReadAction\",\"target\":[\"https:\\\/\\\/www.aymericvincent.fr\\\/?p=7654\"]}]},{\"@type\":\"BreadcrumbList\",\"@id\":\"https:\\\/\\\/www.aymericvincent.fr\\\/?p=7654#breadcrumb\",\"itemListElement\":[{\"@type\":\"ListItem\",\"position\":1,\"name\":\"Accueil\",\"item\":\"https:\\\/\\\/www.aymericvincent.fr\\\/\"},{\"@type\":\"ListItem\",\"position\":2,\"name\":\"Les innovations manag\u00e9riales\"}]},{\"@type\":\"WebSite\",\"@id\":\"https:\\\/\\\/www.aymericvincent.fr\\\/#website\",\"url\":\"https:\\\/\\\/www.aymericvincent.fr\\\/\",\"name\":\"Aymeric Vincent\",\"description\":\"Le blog de Aymeric Vincent - Management, RH et Responsabilit\u00e9 Soci\u00e9tale\",\"publisher\":{\"@id\":\"https:\\\/\\\/www.aymericvincent.fr\\\/#\\\/schema\\\/person\\\/7eae4d27b09369dbd5d9d7c7b16d4643\"},\"potentialAction\":[{\"@type\":\"SearchAction\",\"target\":{\"@type\":\"EntryPoint\",\"urlTemplate\":\"https:\\\/\\\/www.aymericvincent.fr\\\/?s={search_term_string}\"},\"query-input\":{\"@type\":\"PropertyValueSpecification\",\"valueRequired\":true,\"valueName\":\"search_term_string\"}}],\"inLanguage\":\"fr-FR\"},{\"@type\":[\"Person\",\"Organization\"],\"@id\":\"https:\\\/\\\/www.aymericvincent.fr\\\/#\\\/schema\\\/person\\\/7eae4d27b09369dbd5d9d7c7b16d4643\",\"name\":\"Aymeric Vincent\",\"image\":{\"@type\":\"ImageObject\",\"inLanguage\":\"fr-FR\",\"@id\":\"https:\\\/\\\/www.aymericvincent.fr\\\/wp-content\\\/uploads\\\/2019\\\/11\\\/aymeric_vincent-1024x683.jpg\",\"url\":\"https:\\\/\\\/www.aymericvincent.fr\\\/wp-content\\\/uploads\\\/2019\\\/11\\\/aymeric_vincent-1024x683.jpg\",\"contentUrl\":\"https:\\\/\\\/www.aymericvincent.fr\\\/wp-content\\\/uploads\\\/2019\\\/11\\\/aymeric_vincent-1024x683.jpg\",\"width\":1024,\"height\":683,\"caption\":\"Aymeric Vincent\"},\"logo\":{\"@id\":\"https:\\\/\\\/www.aymericvincent.fr\\\/wp-content\\\/uploads\\\/2019\\\/11\\\/aymeric_vincent-1024x683.jpg\"},\"description\":\"Directeur des Ressources Humaines adjoint dans l'univers de l'\u00e9dition\",\"sameAs\":[\"https:\\\/\\\/www.aymericvincent.fr\"],\"url\":\"https:\\\/\\\/www.aymericvincent.fr\\\/?author=1\"}]}<\/script>\n<!-- \/ Yoast SEO plugin. -->","yoast_head_json":{"title":"Les innovations manag\u00e9riales | Aymeric Vincent","robots":{"index":"index","follow":"follow","max-snippet":"max-snippet:-1","max-image-preview":"max-image-preview:large","max-video-preview":"max-video-preview:-1"},"canonical":"https:\/\/www.aymericvincent.fr\/?p=7654","og_locale":"fr_FR","og_type":"article","og_title":"Les innovations manag\u00e9riales | Aymeric Vincent","og_description":"Parution du 2\u00e8me cahier de l&rsquo;innovation publi\u00e9 par Audencia \u00ab\u00a0Ainsi, on observe au sein des entreprises une inflation du nombre\u00a0 d\u201finnovations manag\u00e9riales aux noms aussi s\u00e9duisants que \u201cl\u201forganisation digitale\u201d, \u201cl\u201finnovation ouverte\u201d, \u201cles communaut\u00e9s de pratiques\u201d, \u201cle design thinking\u201d, \u201cle management collaboratif\u201d, \u201cl\u201forientation clients\u201d, \u201cle\u00a0 management par objectifs\u201d, \u201cl\u201forganisation autog\u00e9r\u00e9e\u201d, \u201cla lib\u00e9ration\u00a0 d\u201fentreprise\u201d ou encore le [&hellip;]","og_url":"https:\/\/www.aymericvincent.fr\/?p=7654","og_site_name":"Aymeric Vincent","article_published_time":"2016-01-22T19:01:13+00:00","author":"Aymeric Vincent","twitter_card":"summary_large_image","twitter_creator":"@aymericvincent","twitter_site":"@aymericvincent","twitter_misc":{"\u00c9crit par":"Aymeric Vincent","Dur\u00e9e de lecture estim\u00e9e":"1 minute"},"schema":{"@context":"https:\/\/schema.org","@graph":[{"@type":"Article","@id":"https:\/\/www.aymericvincent.fr\/?p=7654#article","isPartOf":{"@id":"https:\/\/www.aymericvincent.fr\/?p=7654"},"author":{"name":"Aymeric Vincent","@id":"https:\/\/www.aymericvincent.fr\/#\/schema\/person\/7eae4d27b09369dbd5d9d7c7b16d4643"},"headline":"Les innovations manag\u00e9riales","datePublished":"2016-01-22T19:01:13+00:00","mainEntityOfPage":{"@id":"https:\/\/www.aymericvincent.fr\/?p=7654"},"wordCount":127,"commentCount":0,"publisher":{"@id":"https:\/\/www.aymericvincent.fr\/#\/schema\/person\/7eae4d27b09369dbd5d9d7c7b16d4643"},"keywords":["audencia","entreprise","innovation","Manager","manag\u00e9riale"],"articleSection":["Manager"],"inLanguage":"fr-FR","potentialAction":[{"@type":"CommentAction","name":"Comment","target":["https:\/\/www.aymericvincent.fr\/?p=7654#respond"]}]},{"@type":"WebPage","@id":"https:\/\/www.aymericvincent.fr\/?p=7654","url":"https:\/\/www.aymericvincent.fr\/?p=7654","name":"Les innovations manag\u00e9riales | Aymeric Vincent","isPartOf":{"@id":"https:\/\/www.aymericvincent.fr\/#website"},"datePublished":"2016-01-22T19:01:13+00:00","breadcrumb":{"@id":"https:\/\/www.aymericvincent.fr\/?p=7654#breadcrumb"},"inLanguage":"fr-FR","potentialAction":[{"@type":"ReadAction","target":["https:\/\/www.aymericvincent.fr\/?p=7654"]}]},{"@type":"BreadcrumbList","@id":"https:\/\/www.aymericvincent.fr\/?p=7654#breadcrumb","itemListElement":[{"@type":"ListItem","position":1,"name":"Accueil","item":"https:\/\/www.aymericvincent.fr\/"},{"@type":"ListItem","position":2,"name":"Les innovations manag\u00e9riales"}]},{"@type":"WebSite","@id":"https:\/\/www.aymericvincent.fr\/#website","url":"https:\/\/www.aymericvincent.fr\/","name":"Aymeric Vincent","description":"Le blog de Aymeric Vincent - Management, RH et Responsabilit\u00e9 Soci\u00e9tale","publisher":{"@id":"https:\/\/www.aymericvincent.fr\/#\/schema\/person\/7eae4d27b09369dbd5d9d7c7b16d4643"},"potentialAction":[{"@type":"SearchAction","target":{"@type":"EntryPoint","urlTemplate":"https:\/\/www.aymericvincent.fr\/?s={search_term_string}"},"query-input":{"@type":"PropertyValueSpecification","valueRequired":true,"valueName":"search_term_string"}}],"inLanguage":"fr-FR"},{"@type":["Person","Organization"],"@id":"https:\/\/www.aymericvincent.fr\/#\/schema\/person\/7eae4d27b09369dbd5d9d7c7b16d4643","name":"Aymeric Vincent","image":{"@type":"ImageObject","inLanguage":"fr-FR","@id":"https:\/\/www.aymericvincent.fr\/wp-content\/uploads\/2019\/11\/aymeric_vincent-1024x683.jpg","url":"https:\/\/www.aymericvincent.fr\/wp-content\/uploads\/2019\/11\/aymeric_vincent-1024x683.jpg","contentUrl":"https:\/\/www.aymericvincent.fr\/wp-content\/uploads\/2019\/11\/aymeric_vincent-1024x683.jpg","width":1024,"height":683,"caption":"Aymeric Vincent"},"logo":{"@id":"https:\/\/www.aymericvincent.fr\/wp-content\/uploads\/2019\/11\/aymeric_vincent-1024x683.jpg"},"description":"Directeur des Ressources Humaines adjoint dans l'univers de l'\u00e9dition","sameAs":["https:\/\/www.aymericvincent.fr"],"url":"https:\/\/www.aymericvincent.fr\/?author=1"}]}},"_links":{"self":[{"href":"https:\/\/www.aymericvincent.fr\/index.php?rest_route=\/wp\/v2\/posts\/7654","targetHints":{"allow":["GET"]}}],"collection":[{"href":"https:\/\/www.aymericvincent.fr\/index.php?rest_route=\/wp\/v2\/posts"}],"about":[{"href":"https:\/\/www.aymericvincent.fr\/index.php?rest_route=\/wp\/v2\/types\/post"}],"author":[{"embeddable":true,"href":"https:\/\/www.aymericvincent.fr\/index.php?rest_route=\/wp\/v2\/users\/1"}],"replies":[{"embeddable":true,"href":"https:\/\/www.aymericvincent.fr\/index.php?rest_route=%2Fwp%2Fv2%2Fcomments&post=7654"}],"version-history":[{"count":1,"href":"https:\/\/www.aymericvincent.fr\/index.php?rest_route=\/wp\/v2\/posts\/7654\/revisions"}],"predecessor-version":[{"id":7655,"href":"https:\/\/www.aymericvincent.fr\/index.php?rest_route=\/wp\/v2\/posts\/7654\/revisions\/7655"}],"wp:attachment":[{"href":"https:\/\/www.aymericvincent.fr\/index.php?rest_route=%2Fwp%2Fv2%2Fmedia&parent=7654"}],"wp:term":[{"taxonomy":"category","embeddable":true,"href":"https:\/\/www.aymericvincent.fr\/index.php?rest_route=%2Fwp%2Fv2%2Fcategories&post=7654"},{"taxonomy":"post_tag","embeddable":true,"href":"https:\/\/www.aymericvincent.fr\/index.php?rest_route=%2Fwp%2Fv2%2Ftags&post=7654"}],"curies":[{"name":"wp","href":"https:\/\/api.w.org\/{rel}","templated":true}]}}