{"id":7573,"date":"2015-12-01T20:01:06","date_gmt":"2015-12-01T19:01:06","guid":{"rendered":"http:\/\/www.aymericvincent.fr\/?p=7573"},"modified":"2015-11-22T10:00:09","modified_gmt":"2015-11-22T09:00:09","slug":"la-drh-nativement-durable","status":"publish","type":"post","link":"https:\/\/www.aymericvincent.fr\/?p=7573","title":{"rendered":"La DRH, nativement durable ?"},"content":{"rendered":"<p>\u00c0 quelques jours du lancement de la conf\u00e9rence internationale sur les changements climatiques pilot\u00e9e par l\u2019ONU, interrogeons-nous sur la place de la responsabilit\u00e9 soci\u00e9tale de l\u2019entreprise dans la fonction RH.<\/p>\n<p>La Responsabilit\u00e9 Soci\u00e9tale de l\u2019Entreprise (RSE) est aujourd\u2019hui imp\u00e9rativement pr\u00e9sente dans de nombreuses entreprises a minima par le pouvoir de la loi. En effet, l\u2019article L.225-102-1 du code du commerce oblige celles-ci \u00e0 de nombreuses d\u00e9clarations, chiffr\u00e9es pour la plupart, relatives \u00e0 leurs politiques RSE.<\/p>\n<p>Au-del\u00e0 de la contrainte l\u00e9gale, et bien heureusement, d\u2019autres entreprises font de la politique RSE un enjeu majeur de leur transformation, et pourquoi pas tout aussi important que la c\u00e9l\u00e8bre, et devenue incontournable, transformation digitale. Avec, ou gr\u00e2ce \u00e0 elle, elles font \u00e9voluer leurs pratiques et leurs produits\u2026 mais aussi leurs salari\u00e9s.<\/p>\n<p>Dans tous ces changements, quelle place une Direction des ressources humaines peut-elle prendre ? La toute premi\u00e8re ou plus en recul ? Peut-on l\u2019imaginer saisir \u00e0 bras le corps le sujet de la RSE pour qu\u2019il redevienne, ce qu\u2019il aurait d\u00fb toujours \u00eatre, un sujet tourn\u00e9 tout d\u2019abord vers l\u2019humain ?<\/p>\n<p>En premier lieu, lorsque l\u2019on regarde plus attentivement le texte de loi sus-cit\u00e9, on remarque rapidement la place des donn\u00e9es sociales dans son contenu avec, par exemple, l\u2019\u00e9galit\u00e9 de traitement entre les salari\u00e9s, les relations sociales, la formation\u2026 sujets pour le moins traditionnellement d\u00e9volus aux directions des ressources humaines \u00e0 travers, par exemple, les bilans sociaux \u00e0 pr\u00e9senter aux Instances Repr\u00e9sentatives du Personnel.<\/p>\n<p>Si l\u2019on quitte le droit pour venir \u00e0 une relation plus charnelle avec le sujet. Le d\u00e9veloppement durable \u00e0 travers un meilleur environnement de travail ne peut-il pas s\u2019observer avec le regard du bien-\u00eatre en entreprise ?<\/p>\n<p>R\u00e9guli\u00e8rement, les uns et les autres mettent en avant une recherche du bonheur dans l\u2019entreprise. L\u2019expression de ce bonheur et du talent des salari\u00e9s, ne s\u2019\u00e9panouit-il pas d\u2019autant mieux dans des dispositions, par exemple du mobilier, plus uniquement fonctionnelles et limit\u00e9es \u00e0 un ratio par m\u00e8tres carr\u00e9s, mais tourn\u00e9es vers le confort de chacun ?<\/p>\n<p>La digitalisation des diff\u00e9rents processus de l\u2019entreprise, \u00e0 commencer par ceux qui concernent directement le salari\u00e9, par exemple le bulletin de paie num\u00e9rique ou l\u2019entretien annuel ou professionnel sous informatique contribuent \u00e9galement \u00e0 cette prise en compte d\u2019un d\u00e9veloppement plus durable, plus \u00e9conome en papier.<\/p>\n<p>Un dernier exemple relatif \u00e0 la formation et \u00e0 la s\u00e9curit\u00e9 de tous. Plusieurs m\u00e9tiers n\u00e9cessitent des formations d\u00e9di\u00e9es pour la s\u00e9curit\u00e9 de celles et ceux qui les occupent. Au-del\u00e0 de cette approche l\u00e9gale et n\u00e9cessaire, les formations \u00e0 la conduite automobile ne sont pas exclusivement \u00e0 aborder sous le regard d\u2019une moindre consommation d\u2019essence ou de gasoil, donc \u00e0 une \u00e9conomie sur la facture finale, mais aussi sur son impact sur notre environnement.<\/p>\n<p>De nombreux exemples peuvent compl\u00e9ter encore cette premi\u00e8re approche bas\u00e9e sur le l\u00e9gal ou sur le bien-\u00eatre\u2026<\/p>\n<p>Alors, y a-t-il r\u00e9ellement une question de savoir si les RH doivent se saisir de la RSE en entreprise ? Si cette direction des ressources humaines, nativement durable, doit s\u2019\u00e9largir \u00e0 ces responsabilit\u00e9s. C\u2019est sans doute l\u00e0 un de ses choix strat\u00e9giques qu\u2019elle doit rapidement trancher : \u00e0 savoir rester une fonction support, tourn\u00e9e vers l\u2019administratif, ou une fonction cr\u00e9atrice tourn\u00e9e vers l\u2019humain et son environnement.<\/p>\n<p>La COP21 peut \u00eatre une belle occasion pour poser le sujet sur la table.<\/p>\n<p><a href=\"http:\/\/www.lesechos.fr\/idees-debats\/cercle\/cercle-144371-la-drh-nativement-durable-1177318.php#\" target=\"_blank\">Article publi\u00e9 sur le site des Echos<\/a><\/p>\n","protected":false},"excerpt":{"rendered":"<p>\u00c0 quelques jours du lancement de la conf\u00e9rence internationale sur les changements climatiques pilot\u00e9e par l\u2019ONU, interrogeons-nous sur la place de la responsabilit\u00e9 soci\u00e9tale de l\u2019entreprise dans la fonction RH. La Responsabilit\u00e9 Soci\u00e9tale de l\u2019Entreprise (RSE) est aujourd\u2019hui imp\u00e9rativement pr\u00e9sente dans de nombreuses entreprises a minima par le pouvoir de la loi. En effet, l\u2019article [&hellip;]<\/p>\n","protected":false},"author":1,"featured_media":0,"comment_status":"open","ping_status":"open","sticky":false,"template":"","format":"standard","meta":{"_monsterinsights_skip_tracking":false,"_monsterinsights_sitenote_active":false,"_monsterinsights_sitenote_note":"","_monsterinsights_sitenote_category":0,"footnotes":""},"categories":[2025],"tags":[3941,503,552,559,1611],"class_list":["post-7573","post","type-post","status-publish","format-standard","hentry","category-responsabilite-societale-entreprise","tag-cop21","tag-developpement","tag-drh","tag-durable","tag-rse"],"yoast_head":"<!-- This site is optimized with the Yoast SEO plugin v27.3 - https:\/\/yoast.com\/product\/yoast-seo-wordpress\/ -->\n<title>La DRH, nativement durable ? | Aymeric Vincent<\/title>\n<meta name=\"robots\" content=\"index, follow, max-snippet:-1, max-image-preview:large, max-video-preview:-1\" \/>\n<link rel=\"canonical\" href=\"https:\/\/www.aymericvincent.fr\/?p=7573\" \/>\n<meta property=\"og:locale\" content=\"fr_FR\" \/>\n<meta property=\"og:type\" content=\"article\" \/>\n<meta property=\"og:title\" content=\"La DRH, nativement durable ? | Aymeric Vincent\" \/>\n<meta property=\"og:description\" content=\"\u00c0 quelques jours du lancement de la conf\u00e9rence internationale sur les changements climatiques pilot\u00e9e par l\u2019ONU, interrogeons-nous sur la place de la responsabilit\u00e9 soci\u00e9tale de l\u2019entreprise dans la fonction RH. La Responsabilit\u00e9 Soci\u00e9tale de l\u2019Entreprise (RSE) est aujourd\u2019hui imp\u00e9rativement pr\u00e9sente dans de nombreuses entreprises a minima par le pouvoir de la loi. En effet, l\u2019article [&hellip;]\" \/>\n<meta property=\"og:url\" content=\"https:\/\/www.aymericvincent.fr\/?p=7573\" \/>\n<meta property=\"og:site_name\" content=\"Aymeric Vincent\" \/>\n<meta property=\"article:published_time\" content=\"2015-12-01T19:01:06+00:00\" \/>\n<meta name=\"author\" content=\"Aymeric Vincent\" \/>\n<meta name=\"twitter:card\" content=\"summary_large_image\" \/>\n<meta name=\"twitter:creator\" content=\"@aymericvincent\" \/>\n<meta name=\"twitter:site\" content=\"@aymericvincent\" \/>\n<meta name=\"twitter:label1\" content=\"\u00c9crit par\" \/>\n\t<meta name=\"twitter:data1\" content=\"Aymeric Vincent\" \/>\n\t<meta name=\"twitter:label2\" content=\"Dur\u00e9e de lecture estim\u00e9e\" \/>\n\t<meta name=\"twitter:data2\" content=\"3 minutes\" \/>\n<script type=\"application\/ld+json\" class=\"yoast-schema-graph\">{\"@context\":\"https:\\\/\\\/schema.org\",\"@graph\":[{\"@type\":\"Article\",\"@id\":\"https:\\\/\\\/www.aymericvincent.fr\\\/?p=7573#article\",\"isPartOf\":{\"@id\":\"https:\\\/\\\/www.aymericvincent.fr\\\/?p=7573\"},\"author\":{\"name\":\"Aymeric Vincent\",\"@id\":\"https:\\\/\\\/www.aymericvincent.fr\\\/#\\\/schema\\\/person\\\/7eae4d27b09369dbd5d9d7c7b16d4643\"},\"headline\":\"La DRH, nativement durable ?\",\"datePublished\":\"2015-12-01T19:01:06+00:00\",\"mainEntityOfPage\":{\"@id\":\"https:\\\/\\\/www.aymericvincent.fr\\\/?p=7573\"},\"wordCount\":615,\"commentCount\":0,\"publisher\":{\"@id\":\"https:\\\/\\\/www.aymericvincent.fr\\\/#\\\/schema\\\/person\\\/7eae4d27b09369dbd5d9d7c7b16d4643\"},\"keywords\":[\"cop21\",\"d\u00e9veloppement\",\"drh\",\"durable\",\"rse\"],\"articleSection\":[\"Responsabilit\u00e9 Soci\u00e9tale Entreprise\"],\"inLanguage\":\"fr-FR\",\"potentialAction\":[{\"@type\":\"CommentAction\",\"name\":\"Comment\",\"target\":[\"https:\\\/\\\/www.aymericvincent.fr\\\/?p=7573#respond\"]}]},{\"@type\":\"WebPage\",\"@id\":\"https:\\\/\\\/www.aymericvincent.fr\\\/?p=7573\",\"url\":\"https:\\\/\\\/www.aymericvincent.fr\\\/?p=7573\",\"name\":\"La DRH, nativement durable ? | Aymeric Vincent\",\"isPartOf\":{\"@id\":\"https:\\\/\\\/www.aymericvincent.fr\\\/#website\"},\"datePublished\":\"2015-12-01T19:01:06+00:00\",\"breadcrumb\":{\"@id\":\"https:\\\/\\\/www.aymericvincent.fr\\\/?p=7573#breadcrumb\"},\"inLanguage\":\"fr-FR\",\"potentialAction\":[{\"@type\":\"ReadAction\",\"target\":[\"https:\\\/\\\/www.aymericvincent.fr\\\/?p=7573\"]}]},{\"@type\":\"BreadcrumbList\",\"@id\":\"https:\\\/\\\/www.aymericvincent.fr\\\/?p=7573#breadcrumb\",\"itemListElement\":[{\"@type\":\"ListItem\",\"position\":1,\"name\":\"Accueil\",\"item\":\"https:\\\/\\\/www.aymericvincent.fr\\\/\"},{\"@type\":\"ListItem\",\"position\":2,\"name\":\"La DRH, nativement durable ?\"}]},{\"@type\":\"WebSite\",\"@id\":\"https:\\\/\\\/www.aymericvincent.fr\\\/#website\",\"url\":\"https:\\\/\\\/www.aymericvincent.fr\\\/\",\"name\":\"Aymeric Vincent\",\"description\":\"Le blog de Aymeric Vincent - Management, RH et Responsabilit\u00e9 Soci\u00e9tale\",\"publisher\":{\"@id\":\"https:\\\/\\\/www.aymericvincent.fr\\\/#\\\/schema\\\/person\\\/7eae4d27b09369dbd5d9d7c7b16d4643\"},\"potentialAction\":[{\"@type\":\"SearchAction\",\"target\":{\"@type\":\"EntryPoint\",\"urlTemplate\":\"https:\\\/\\\/www.aymericvincent.fr\\\/?s={search_term_string}\"},\"query-input\":{\"@type\":\"PropertyValueSpecification\",\"valueRequired\":true,\"valueName\":\"search_term_string\"}}],\"inLanguage\":\"fr-FR\"},{\"@type\":[\"Person\",\"Organization\"],\"@id\":\"https:\\\/\\\/www.aymericvincent.fr\\\/#\\\/schema\\\/person\\\/7eae4d27b09369dbd5d9d7c7b16d4643\",\"name\":\"Aymeric Vincent\",\"image\":{\"@type\":\"ImageObject\",\"inLanguage\":\"fr-FR\",\"@id\":\"https:\\\/\\\/www.aymericvincent.fr\\\/wp-content\\\/uploads\\\/2019\\\/11\\\/aymeric_vincent-1024x683.jpg\",\"url\":\"https:\\\/\\\/www.aymericvincent.fr\\\/wp-content\\\/uploads\\\/2019\\\/11\\\/aymeric_vincent-1024x683.jpg\",\"contentUrl\":\"https:\\\/\\\/www.aymericvincent.fr\\\/wp-content\\\/uploads\\\/2019\\\/11\\\/aymeric_vincent-1024x683.jpg\",\"width\":1024,\"height\":683,\"caption\":\"Aymeric Vincent\"},\"logo\":{\"@id\":\"https:\\\/\\\/www.aymericvincent.fr\\\/wp-content\\\/uploads\\\/2019\\\/11\\\/aymeric_vincent-1024x683.jpg\"},\"description\":\"Directeur des Ressources Humaines adjoint dans l'univers de l'\u00e9dition\",\"sameAs\":[\"https:\\\/\\\/www.aymericvincent.fr\"],\"url\":\"https:\\\/\\\/www.aymericvincent.fr\\\/?author=1\"}]}<\/script>\n<!-- \/ Yoast SEO plugin. -->","yoast_head_json":{"title":"La DRH, nativement durable ? | Aymeric Vincent","robots":{"index":"index","follow":"follow","max-snippet":"max-snippet:-1","max-image-preview":"max-image-preview:large","max-video-preview":"max-video-preview:-1"},"canonical":"https:\/\/www.aymericvincent.fr\/?p=7573","og_locale":"fr_FR","og_type":"article","og_title":"La DRH, nativement durable ? | Aymeric Vincent","og_description":"\u00c0 quelques jours du lancement de la conf\u00e9rence internationale sur les changements climatiques pilot\u00e9e par l\u2019ONU, interrogeons-nous sur la place de la responsabilit\u00e9 soci\u00e9tale de l\u2019entreprise dans la fonction RH. La Responsabilit\u00e9 Soci\u00e9tale de l\u2019Entreprise (RSE) est aujourd\u2019hui imp\u00e9rativement pr\u00e9sente dans de nombreuses entreprises a minima par le pouvoir de la loi. En effet, l\u2019article [&hellip;]","og_url":"https:\/\/www.aymericvincent.fr\/?p=7573","og_site_name":"Aymeric Vincent","article_published_time":"2015-12-01T19:01:06+00:00","author":"Aymeric Vincent","twitter_card":"summary_large_image","twitter_creator":"@aymericvincent","twitter_site":"@aymericvincent","twitter_misc":{"\u00c9crit par":"Aymeric Vincent","Dur\u00e9e de lecture estim\u00e9e":"3 minutes"},"schema":{"@context":"https:\/\/schema.org","@graph":[{"@type":"Article","@id":"https:\/\/www.aymericvincent.fr\/?p=7573#article","isPartOf":{"@id":"https:\/\/www.aymericvincent.fr\/?p=7573"},"author":{"name":"Aymeric Vincent","@id":"https:\/\/www.aymericvincent.fr\/#\/schema\/person\/7eae4d27b09369dbd5d9d7c7b16d4643"},"headline":"La DRH, nativement durable ?","datePublished":"2015-12-01T19:01:06+00:00","mainEntityOfPage":{"@id":"https:\/\/www.aymericvincent.fr\/?p=7573"},"wordCount":615,"commentCount":0,"publisher":{"@id":"https:\/\/www.aymericvincent.fr\/#\/schema\/person\/7eae4d27b09369dbd5d9d7c7b16d4643"},"keywords":["cop21","d\u00e9veloppement","drh","durable","rse"],"articleSection":["Responsabilit\u00e9 Soci\u00e9tale Entreprise"],"inLanguage":"fr-FR","potentialAction":[{"@type":"CommentAction","name":"Comment","target":["https:\/\/www.aymericvincent.fr\/?p=7573#respond"]}]},{"@type":"WebPage","@id":"https:\/\/www.aymericvincent.fr\/?p=7573","url":"https:\/\/www.aymericvincent.fr\/?p=7573","name":"La DRH, nativement durable ? | Aymeric Vincent","isPartOf":{"@id":"https:\/\/www.aymericvincent.fr\/#website"},"datePublished":"2015-12-01T19:01:06+00:00","breadcrumb":{"@id":"https:\/\/www.aymericvincent.fr\/?p=7573#breadcrumb"},"inLanguage":"fr-FR","potentialAction":[{"@type":"ReadAction","target":["https:\/\/www.aymericvincent.fr\/?p=7573"]}]},{"@type":"BreadcrumbList","@id":"https:\/\/www.aymericvincent.fr\/?p=7573#breadcrumb","itemListElement":[{"@type":"ListItem","position":1,"name":"Accueil","item":"https:\/\/www.aymericvincent.fr\/"},{"@type":"ListItem","position":2,"name":"La DRH, nativement durable ?"}]},{"@type":"WebSite","@id":"https:\/\/www.aymericvincent.fr\/#website","url":"https:\/\/www.aymericvincent.fr\/","name":"Aymeric Vincent","description":"Le blog de Aymeric Vincent - Management, RH et Responsabilit\u00e9 Soci\u00e9tale","publisher":{"@id":"https:\/\/www.aymericvincent.fr\/#\/schema\/person\/7eae4d27b09369dbd5d9d7c7b16d4643"},"potentialAction":[{"@type":"SearchAction","target":{"@type":"EntryPoint","urlTemplate":"https:\/\/www.aymericvincent.fr\/?s={search_term_string}"},"query-input":{"@type":"PropertyValueSpecification","valueRequired":true,"valueName":"search_term_string"}}],"inLanguage":"fr-FR"},{"@type":["Person","Organization"],"@id":"https:\/\/www.aymericvincent.fr\/#\/schema\/person\/7eae4d27b09369dbd5d9d7c7b16d4643","name":"Aymeric Vincent","image":{"@type":"ImageObject","inLanguage":"fr-FR","@id":"https:\/\/www.aymericvincent.fr\/wp-content\/uploads\/2019\/11\/aymeric_vincent-1024x683.jpg","url":"https:\/\/www.aymericvincent.fr\/wp-content\/uploads\/2019\/11\/aymeric_vincent-1024x683.jpg","contentUrl":"https:\/\/www.aymericvincent.fr\/wp-content\/uploads\/2019\/11\/aymeric_vincent-1024x683.jpg","width":1024,"height":683,"caption":"Aymeric Vincent"},"logo":{"@id":"https:\/\/www.aymericvincent.fr\/wp-content\/uploads\/2019\/11\/aymeric_vincent-1024x683.jpg"},"description":"Directeur des Ressources Humaines adjoint dans l'univers de l'\u00e9dition","sameAs":["https:\/\/www.aymericvincent.fr"],"url":"https:\/\/www.aymericvincent.fr\/?author=1"}]}},"_links":{"self":[{"href":"https:\/\/www.aymericvincent.fr\/index.php?rest_route=\/wp\/v2\/posts\/7573","targetHints":{"allow":["GET"]}}],"collection":[{"href":"https:\/\/www.aymericvincent.fr\/index.php?rest_route=\/wp\/v2\/posts"}],"about":[{"href":"https:\/\/www.aymericvincent.fr\/index.php?rest_route=\/wp\/v2\/types\/post"}],"author":[{"embeddable":true,"href":"https:\/\/www.aymericvincent.fr\/index.php?rest_route=\/wp\/v2\/users\/1"}],"replies":[{"embeddable":true,"href":"https:\/\/www.aymericvincent.fr\/index.php?rest_route=%2Fwp%2Fv2%2Fcomments&post=7573"}],"version-history":[{"count":1,"href":"https:\/\/www.aymericvincent.fr\/index.php?rest_route=\/wp\/v2\/posts\/7573\/revisions"}],"predecessor-version":[{"id":7574,"href":"https:\/\/www.aymericvincent.fr\/index.php?rest_route=\/wp\/v2\/posts\/7573\/revisions\/7574"}],"wp:attachment":[{"href":"https:\/\/www.aymericvincent.fr\/index.php?rest_route=%2Fwp%2Fv2%2Fmedia&parent=7573"}],"wp:term":[{"taxonomy":"category","embeddable":true,"href":"https:\/\/www.aymericvincent.fr\/index.php?rest_route=%2Fwp%2Fv2%2Fcategories&post=7573"},{"taxonomy":"post_tag","embeddable":true,"href":"https:\/\/www.aymericvincent.fr\/index.php?rest_route=%2Fwp%2Fv2%2Ftags&post=7573"}],"curies":[{"name":"wp","href":"https:\/\/api.w.org\/{rel}","templated":true}]}}