{"id":7519,"date":"2015-11-21T20:01:10","date_gmt":"2015-11-21T19:01:10","guid":{"rendered":"http:\/\/www.aymericvincent.fr\/?p=7519"},"modified":"2015-10-31T07:22:55","modified_gmt":"2015-10-31T06:22:55","slug":"creer-la-creativite","status":"publish","type":"post","link":"https:\/\/www.aymericvincent.fr\/?p=7519","title":{"rendered":"Cr\u00e9er la cr\u00e9ativit\u00e9&#8230;"},"content":{"rendered":"<p><iframe loading=\"lazy\" src=\"\/\/fr.slideshare.net\/slideshow\/embed_code\/key\/mUMoeLU7kn8Nm7\" width=\"425\" height=\"355\" frameborder=\"0\" marginwidth=\"0\" marginheight=\"0\" scrolling=\"no\" style=\"border:1px solid #CCC; border-width:1px; margin-bottom:5px; max-width: 100%;\" allowfullscreen> <\/iframe> <\/p>\n<div style=\"margin-bottom:5px\"> <strong> <a href=\"\/\/fr.slideshare.net\/adamconnor\/building-creative-collaborative-cultures\" title=\"Building Creative, Collaborative Cultures\" target=\"_blank\">Building Creative, Collaborative Cultures<\/a> <\/strong> from <strong><a href=\"\/\/www.slideshare.net\/adamconnor\" target=\"_blank\">Adam Connor<\/a><\/strong> <\/div>\n","protected":false},"excerpt":{"rendered":"<p>Building Creative, Collaborative Cultures from Adam Connor<\/p>\n","protected":false},"author":1,"featured_media":0,"comment_status":"open","ping_status":"open","sticky":false,"template":"","format":"standard","meta":{"_monsterinsights_skip_tracking":false,"_monsterinsights_sitenote_active":false,"_monsterinsights_sitenote_note":"","_monsterinsights_sitenote_category":0,"footnotes":""},"categories":[5,4,7],"tags":[429,431,641,919,1216],"class_list":["post-7519","post","type-post","status-publish","format-standard","hentry","category-formations","category-evoluer-pour-fideliser","category-management","tag-creation","tag-creativite","tag-entreprise","tag-imagination","tag-modele"],"yoast_head":"<!-- This site is optimized with the Yoast SEO plugin v27.3 - https:\/\/yoast.com\/product\/yoast-seo-wordpress\/ -->\n<title>Cr\u00e9er la cr\u00e9ativit\u00e9... | Aymeric Vincent<\/title>\n<meta name=\"robots\" content=\"index, follow, max-snippet:-1, max-image-preview:large, max-video-preview:-1\" \/>\n<link rel=\"canonical\" href=\"https:\/\/www.aymericvincent.fr\/?p=7519\" \/>\n<meta property=\"og:locale\" content=\"fr_FR\" \/>\n<meta property=\"og:type\" content=\"article\" \/>\n<meta property=\"og:title\" content=\"Cr\u00e9er la cr\u00e9ativit\u00e9... | Aymeric Vincent\" \/>\n<meta property=\"og:description\" content=\"Building Creative, Collaborative Cultures from Adam Connor\" \/>\n<meta property=\"og:url\" content=\"https:\/\/www.aymericvincent.fr\/?p=7519\" \/>\n<meta property=\"og:site_name\" content=\"Aymeric Vincent\" \/>\n<meta property=\"article:published_time\" content=\"2015-11-21T19:01:10+00:00\" \/>\n<meta name=\"author\" content=\"Aymeric Vincent\" \/>\n<meta name=\"twitter:card\" content=\"summary_large_image\" \/>\n<meta name=\"twitter:creator\" content=\"@aymericvincent\" \/>\n<meta name=\"twitter:site\" content=\"@aymericvincent\" \/>\n<meta name=\"twitter:label1\" content=\"\u00c9crit par\" \/>\n\t<meta name=\"twitter:data1\" content=\"Aymeric Vincent\" \/>\n<script type=\"application\/ld+json\" class=\"yoast-schema-graph\">{\"@context\":\"https:\\\/\\\/schema.org\",\"@graph\":[{\"@type\":\"Article\",\"@id\":\"https:\\\/\\\/www.aymericvincent.fr\\\/?p=7519#article\",\"isPartOf\":{\"@id\":\"https:\\\/\\\/www.aymericvincent.fr\\\/?p=7519\"},\"author\":{\"name\":\"Aymeric Vincent\",\"@id\":\"https:\\\/\\\/www.aymericvincent.fr\\\/#\\\/schema\\\/person\\\/7eae4d27b09369dbd5d9d7c7b16d4643\"},\"headline\":\"Cr\u00e9er la cr\u00e9ativit\u00e9&#8230;\",\"datePublished\":\"2015-11-21T19:01:10+00:00\",\"mainEntityOfPage\":{\"@id\":\"https:\\\/\\\/www.aymericvincent.fr\\\/?p=7519\"},\"wordCount\":12,\"commentCount\":0,\"publisher\":{\"@id\":\"https:\\\/\\\/www.aymericvincent.fr\\\/#\\\/schema\\\/person\\\/7eae4d27b09369dbd5d9d7c7b16d4643\"},\"keywords\":[\"cr\u00e9ation\",\"cr\u00e9ativit\u00e9\",\"entreprise\",\"imagination\",\"modele\"],\"articleSection\":[\"Apprendre\",\"Fid\u00e9liser\",\"Manager\"],\"inLanguage\":\"fr-FR\",\"potentialAction\":[{\"@type\":\"CommentAction\",\"name\":\"Comment\",\"target\":[\"https:\\\/\\\/www.aymericvincent.fr\\\/?p=7519#respond\"]}]},{\"@type\":\"WebPage\",\"@id\":\"https:\\\/\\\/www.aymericvincent.fr\\\/?p=7519\",\"url\":\"https:\\\/\\\/www.aymericvincent.fr\\\/?p=7519\",\"name\":\"Cr\u00e9er la cr\u00e9ativit\u00e9... | Aymeric Vincent\",\"isPartOf\":{\"@id\":\"https:\\\/\\\/www.aymericvincent.fr\\\/#website\"},\"datePublished\":\"2015-11-21T19:01:10+00:00\",\"breadcrumb\":{\"@id\":\"https:\\\/\\\/www.aymericvincent.fr\\\/?p=7519#breadcrumb\"},\"inLanguage\":\"fr-FR\",\"potentialAction\":[{\"@type\":\"ReadAction\",\"target\":[\"https:\\\/\\\/www.aymericvincent.fr\\\/?p=7519\"]}]},{\"@type\":\"BreadcrumbList\",\"@id\":\"https:\\\/\\\/www.aymericvincent.fr\\\/?p=7519#breadcrumb\",\"itemListElement\":[{\"@type\":\"ListItem\",\"position\":1,\"name\":\"Accueil\",\"item\":\"https:\\\/\\\/www.aymericvincent.fr\\\/\"},{\"@type\":\"ListItem\",\"position\":2,\"name\":\"Cr\u00e9er la cr\u00e9ativit\u00e9&#8230;\"}]},{\"@type\":\"WebSite\",\"@id\":\"https:\\\/\\\/www.aymericvincent.fr\\\/#website\",\"url\":\"https:\\\/\\\/www.aymericvincent.fr\\\/\",\"name\":\"Aymeric Vincent\",\"description\":\"Le blog de Aymeric Vincent - Management, RH et Responsabilit\u00e9 Soci\u00e9tale\",\"publisher\":{\"@id\":\"https:\\\/\\\/www.aymericvincent.fr\\\/#\\\/schema\\\/person\\\/7eae4d27b09369dbd5d9d7c7b16d4643\"},\"potentialAction\":[{\"@type\":\"SearchAction\",\"target\":{\"@type\":\"EntryPoint\",\"urlTemplate\":\"https:\\\/\\\/www.aymericvincent.fr\\\/?s={search_term_string}\"},\"query-input\":{\"@type\":\"PropertyValueSpecification\",\"valueRequired\":true,\"valueName\":\"search_term_string\"}}],\"inLanguage\":\"fr-FR\"},{\"@type\":[\"Person\",\"Organization\"],\"@id\":\"https:\\\/\\\/www.aymericvincent.fr\\\/#\\\/schema\\\/person\\\/7eae4d27b09369dbd5d9d7c7b16d4643\",\"name\":\"Aymeric Vincent\",\"image\":{\"@type\":\"ImageObject\",\"inLanguage\":\"fr-FR\",\"@id\":\"https:\\\/\\\/www.aymericvincent.fr\\\/wp-content\\\/uploads\\\/2019\\\/11\\\/aymeric_vincent-1024x683.jpg\",\"url\":\"https:\\\/\\\/www.aymericvincent.fr\\\/wp-content\\\/uploads\\\/2019\\\/11\\\/aymeric_vincent-1024x683.jpg\",\"contentUrl\":\"https:\\\/\\\/www.aymericvincent.fr\\\/wp-content\\\/uploads\\\/2019\\\/11\\\/aymeric_vincent-1024x683.jpg\",\"width\":1024,\"height\":683,\"caption\":\"Aymeric Vincent\"},\"logo\":{\"@id\":\"https:\\\/\\\/www.aymericvincent.fr\\\/wp-content\\\/uploads\\\/2019\\\/11\\\/aymeric_vincent-1024x683.jpg\"},\"description\":\"Directeur des Ressources Humaines adjoint dans l'univers de l'\u00e9dition\",\"sameAs\":[\"https:\\\/\\\/www.aymericvincent.fr\"],\"url\":\"https:\\\/\\\/www.aymericvincent.fr\\\/?author=1\"}]}<\/script>\n<!-- \/ Yoast SEO plugin. -->","yoast_head_json":{"title":"Cr\u00e9er la cr\u00e9ativit\u00e9... | Aymeric Vincent","robots":{"index":"index","follow":"follow","max-snippet":"max-snippet:-1","max-image-preview":"max-image-preview:large","max-video-preview":"max-video-preview:-1"},"canonical":"https:\/\/www.aymericvincent.fr\/?p=7519","og_locale":"fr_FR","og_type":"article","og_title":"Cr\u00e9er la cr\u00e9ativit\u00e9... | Aymeric Vincent","og_description":"Building Creative, Collaborative Cultures from Adam Connor","og_url":"https:\/\/www.aymericvincent.fr\/?p=7519","og_site_name":"Aymeric Vincent","article_published_time":"2015-11-21T19:01:10+00:00","author":"Aymeric Vincent","twitter_card":"summary_large_image","twitter_creator":"@aymericvincent","twitter_site":"@aymericvincent","twitter_misc":{"\u00c9crit par":"Aymeric Vincent"},"schema":{"@context":"https:\/\/schema.org","@graph":[{"@type":"Article","@id":"https:\/\/www.aymericvincent.fr\/?p=7519#article","isPartOf":{"@id":"https:\/\/www.aymericvincent.fr\/?p=7519"},"author":{"name":"Aymeric Vincent","@id":"https:\/\/www.aymericvincent.fr\/#\/schema\/person\/7eae4d27b09369dbd5d9d7c7b16d4643"},"headline":"Cr\u00e9er la cr\u00e9ativit\u00e9&#8230;","datePublished":"2015-11-21T19:01:10+00:00","mainEntityOfPage":{"@id":"https:\/\/www.aymericvincent.fr\/?p=7519"},"wordCount":12,"commentCount":0,"publisher":{"@id":"https:\/\/www.aymericvincent.fr\/#\/schema\/person\/7eae4d27b09369dbd5d9d7c7b16d4643"},"keywords":["cr\u00e9ation","cr\u00e9ativit\u00e9","entreprise","imagination","modele"],"articleSection":["Apprendre","Fid\u00e9liser","Manager"],"inLanguage":"fr-FR","potentialAction":[{"@type":"CommentAction","name":"Comment","target":["https:\/\/www.aymericvincent.fr\/?p=7519#respond"]}]},{"@type":"WebPage","@id":"https:\/\/www.aymericvincent.fr\/?p=7519","url":"https:\/\/www.aymericvincent.fr\/?p=7519","name":"Cr\u00e9er la cr\u00e9ativit\u00e9... | Aymeric Vincent","isPartOf":{"@id":"https:\/\/www.aymericvincent.fr\/#website"},"datePublished":"2015-11-21T19:01:10+00:00","breadcrumb":{"@id":"https:\/\/www.aymericvincent.fr\/?p=7519#breadcrumb"},"inLanguage":"fr-FR","potentialAction":[{"@type":"ReadAction","target":["https:\/\/www.aymericvincent.fr\/?p=7519"]}]},{"@type":"BreadcrumbList","@id":"https:\/\/www.aymericvincent.fr\/?p=7519#breadcrumb","itemListElement":[{"@type":"ListItem","position":1,"name":"Accueil","item":"https:\/\/www.aymericvincent.fr\/"},{"@type":"ListItem","position":2,"name":"Cr\u00e9er la cr\u00e9ativit\u00e9&#8230;"}]},{"@type":"WebSite","@id":"https:\/\/www.aymericvincent.fr\/#website","url":"https:\/\/www.aymericvincent.fr\/","name":"Aymeric Vincent","description":"Le blog de Aymeric Vincent - Management, RH et Responsabilit\u00e9 Soci\u00e9tale","publisher":{"@id":"https:\/\/www.aymericvincent.fr\/#\/schema\/person\/7eae4d27b09369dbd5d9d7c7b16d4643"},"potentialAction":[{"@type":"SearchAction","target":{"@type":"EntryPoint","urlTemplate":"https:\/\/www.aymericvincent.fr\/?s={search_term_string}"},"query-input":{"@type":"PropertyValueSpecification","valueRequired":true,"valueName":"search_term_string"}}],"inLanguage":"fr-FR"},{"@type":["Person","Organization"],"@id":"https:\/\/www.aymericvincent.fr\/#\/schema\/person\/7eae4d27b09369dbd5d9d7c7b16d4643","name":"Aymeric Vincent","image":{"@type":"ImageObject","inLanguage":"fr-FR","@id":"https:\/\/www.aymericvincent.fr\/wp-content\/uploads\/2019\/11\/aymeric_vincent-1024x683.jpg","url":"https:\/\/www.aymericvincent.fr\/wp-content\/uploads\/2019\/11\/aymeric_vincent-1024x683.jpg","contentUrl":"https:\/\/www.aymericvincent.fr\/wp-content\/uploads\/2019\/11\/aymeric_vincent-1024x683.jpg","width":1024,"height":683,"caption":"Aymeric Vincent"},"logo":{"@id":"https:\/\/www.aymericvincent.fr\/wp-content\/uploads\/2019\/11\/aymeric_vincent-1024x683.jpg"},"description":"Directeur des Ressources Humaines adjoint dans l'univers de l'\u00e9dition","sameAs":["https:\/\/www.aymericvincent.fr"],"url":"https:\/\/www.aymericvincent.fr\/?author=1"}]}},"_links":{"self":[{"href":"https:\/\/www.aymericvincent.fr\/index.php?rest_route=\/wp\/v2\/posts\/7519","targetHints":{"allow":["GET"]}}],"collection":[{"href":"https:\/\/www.aymericvincent.fr\/index.php?rest_route=\/wp\/v2\/posts"}],"about":[{"href":"https:\/\/www.aymericvincent.fr\/index.php?rest_route=\/wp\/v2\/types\/post"}],"author":[{"embeddable":true,"href":"https:\/\/www.aymericvincent.fr\/index.php?rest_route=\/wp\/v2\/users\/1"}],"replies":[{"embeddable":true,"href":"https:\/\/www.aymericvincent.fr\/index.php?rest_route=%2Fwp%2Fv2%2Fcomments&post=7519"}],"version-history":[{"count":1,"href":"https:\/\/www.aymericvincent.fr\/index.php?rest_route=\/wp\/v2\/posts\/7519\/revisions"}],"predecessor-version":[{"id":7520,"href":"https:\/\/www.aymericvincent.fr\/index.php?rest_route=\/wp\/v2\/posts\/7519\/revisions\/7520"}],"wp:attachment":[{"href":"https:\/\/www.aymericvincent.fr\/index.php?rest_route=%2Fwp%2Fv2%2Fmedia&parent=7519"}],"wp:term":[{"taxonomy":"category","embeddable":true,"href":"https:\/\/www.aymericvincent.fr\/index.php?rest_route=%2Fwp%2Fv2%2Fcategories&post=7519"},{"taxonomy":"post_tag","embeddable":true,"href":"https:\/\/www.aymericvincent.fr\/index.php?rest_route=%2Fwp%2Fv2%2Ftags&post=7519"}],"curies":[{"name":"wp","href":"https:\/\/api.w.org\/{rel}","templated":true}]}}