{"id":5838,"date":"2014-03-01T20:00:53","date_gmt":"2014-03-01T19:00:53","guid":{"rendered":"http:\/\/www.aymericvincent.fr\/?p=5838"},"modified":"2014-02-09T08:29:53","modified_gmt":"2014-02-09T07:29:53","slug":"construire-son-image-candidat","status":"publish","type":"post","link":"https:\/\/www.aymericvincent.fr\/?p=5838","title":{"rendered":"Construire son image candidat"},"content":{"rendered":"<p><a href=\"http:\/\/www.aymericvincent.fr\/wp-content\/uploads\/2014\/02\/construire_image_candidat_aymeric_vincent.jpg\"><img loading=\"lazy\" decoding=\"async\" class=\"alignleft size-medium wp-image-5839\" alt=\"Aymeric Vincent\" src=\"http:\/\/www.aymericvincent.fr\/wp-content\/uploads\/2014\/02\/construire_image_candidat_aymeric_vincent-189x300.jpg\" width=\"189\" height=\"300\" srcset=\"https:\/\/www.aymericvincent.fr\/wp-content\/uploads\/2014\/02\/construire_image_candidat_aymeric_vincent-189x300.jpg 189w, https:\/\/www.aymericvincent.fr\/wp-content\/uploads\/2014\/02\/construire_image_candidat_aymeric_vincent.jpg 428w\" sizes=\"auto, (max-width: 189px) 100vw, 189px\" \/><\/a>Quel usage faire des diff\u00e9rents r\u00e9seaux sociaux tels que Twitter, Instagram ou Viadeo ? Comment construire son image virtuelle ? Que mettre dans son blog ou sur sa page Facebook ? La lettre de motivation et le curriculum vitae conservent-ils toujours une r\u00e9elle importance ?<\/p>\n<p>Enfin, un ouvrage qui r\u00e9pond \u00e0 ces questions et permet de construire son image candidat. La probl\u00e9matique de l\u2019image se place d\u00e9sormais au coeur de nombreux domaines, notamment celui du recrutement. Mais l\u2019\u00e9tape de l\u2019entretien, ce face \u00e0 face bien r\u00e9el avec le recruteur, demeure bien pr\u00e9sent et ob\u00e9it aussi \u00e0 de nouvelles r\u00e8gles qu\u2019il faut comprendre et ma\u00eetriser.<\/p>\n<p>Etudiant, salari\u00e9 ou en recherche d\u2019emploi, cet ouvrage, abordant l\u2019image virtuelle, l\u2019image papier et l\u2019image r\u00e9elle, tend \u00e0 r\u00e9pondre \u00e0 toutes vos interrogations et \u00e0 vous donner les cl\u00e9s pour entretenir votre marketing personnel et peaufiner l\u2019image candidat qui s\u00e9duira les recruteurs.<\/p>\n<p>Apr\u00e8s avoir occup\u00e9 plusieurs fonctions dans les ressources humaines dont celle de DRH adjoint, Aymeric Vincent est actuellement directeur des talents et du d\u00e9veloppement des ressources humaines dans l\u2019\u00e9dition. Par ailleurs, il anime un blog sur le management et les ressources humaines et d\u00e9veloppe une forte pr\u00e9sence sur les r\u00e9seaux sociaux. <em>Construire son image candidat<\/em> est son sixi\u00e8me ouvrage.<\/p>\n","protected":false},"excerpt":{"rendered":"<p>Quel usage faire des diff\u00e9rents r\u00e9seaux sociaux tels que Twitter, Instagram ou Viadeo ? Comment construire son image virtuelle ? Que mettre dans son blog ou sur sa page Facebook ? La lettre de motivation et le curriculum vitae conservent-ils toujours une r\u00e9elle importance ? Enfin, un ouvrage qui r\u00e9pond \u00e0 ces questions et permet [&hellip;]<\/p>\n","protected":false},"author":1,"featured_media":0,"comment_status":"open","ping_status":"open","sticky":false,"template":"","format":"standard","meta":{"_monsterinsights_skip_tracking":false,"_monsterinsights_sitenote_active":false,"_monsterinsights_sitenote_note":"","_monsterinsights_sitenote_category":0,"footnotes":""},"categories":[6],"tags":[151,446,552,591,593,594,912,3256,1080,1087,1510,1554,1737,1877],"class_list":["post-5838","post","type-post","status-publish","format-standard","hentry","category-livre-de-aymeric-vincent","tag-aymeric-vincent","tag-cv","tag-drh","tag-editeur","tag-edition","tag-editis","tag-image","tag-instagram","tag-linkedin","tag-livre","tag-recrutement","tag-reseau","tag-studyrama","tag-viadeo"],"yoast_head":"<!-- This site is optimized with the Yoast SEO plugin v27.5 - https:\/\/yoast.com\/product\/yoast-seo-wordpress\/ -->\n<title>Construire son image candidat | Aymeric Vincent<\/title>\n<meta name=\"robots\" content=\"index, follow, max-snippet:-1, max-image-preview:large, max-video-preview:-1\" \/>\n<link rel=\"canonical\" href=\"https:\/\/www.aymericvincent.fr\/?p=5838\" \/>\n<meta property=\"og:locale\" content=\"fr_FR\" \/>\n<meta property=\"og:type\" content=\"article\" \/>\n<meta property=\"og:title\" content=\"Construire son image candidat | Aymeric Vincent\" \/>\n<meta property=\"og:description\" content=\"Quel usage faire des diff\u00e9rents r\u00e9seaux sociaux tels que Twitter, Instagram ou Viadeo ? Comment construire son image virtuelle ? Que mettre dans son blog ou sur sa page Facebook ? La lettre de motivation et le curriculum vitae conservent-ils toujours une r\u00e9elle importance ? Enfin, un ouvrage qui r\u00e9pond \u00e0 ces questions et permet [&hellip;]\" \/>\n<meta property=\"og:url\" content=\"https:\/\/www.aymericvincent.fr\/?p=5838\" \/>\n<meta property=\"og:site_name\" content=\"Aymeric Vincent\" \/>\n<meta property=\"article:published_time\" content=\"2014-03-01T19:00:53+00:00\" \/>\n<meta property=\"og:image\" content=\"http:\/\/www.aymericvincent.fr\/wp-content\/uploads\/2014\/02\/construire_image_candidat_aymeric_vincent-189x300.jpg\" \/>\n<meta name=\"author\" content=\"Aymeric Vincent\" \/>\n<meta name=\"twitter:card\" content=\"summary_large_image\" \/>\n<meta name=\"twitter:creator\" content=\"@aymericvincent\" \/>\n<meta name=\"twitter:site\" content=\"@aymericvincent\" \/>\n<meta name=\"twitter:label1\" content=\"\u00c9crit par\" \/>\n\t<meta name=\"twitter:data1\" content=\"Aymeric Vincent\" \/>\n\t<meta name=\"twitter:label2\" content=\"Dur\u00e9e de lecture estim\u00e9e\" \/>\n\t<meta name=\"twitter:data2\" content=\"1 minute\" \/>\n<script type=\"application\/ld+json\" class=\"yoast-schema-graph\">{\"@context\":\"https:\\\/\\\/schema.org\",\"@graph\":[{\"@type\":\"Article\",\"@id\":\"https:\\\/\\\/www.aymericvincent.fr\\\/?p=5838#article\",\"isPartOf\":{\"@id\":\"https:\\\/\\\/www.aymericvincent.fr\\\/?p=5838\"},\"author\":{\"name\":\"Aymeric Vincent\",\"@id\":\"https:\\\/\\\/www.aymericvincent.fr\\\/#\\\/schema\\\/person\\\/7eae4d27b09369dbd5d9d7c7b16d4643\"},\"headline\":\"Construire son image candidat\",\"datePublished\":\"2014-03-01T19:00:53+00:00\",\"mainEntityOfPage\":{\"@id\":\"https:\\\/\\\/www.aymericvincent.fr\\\/?p=5838\"},\"wordCount\":230,\"commentCount\":0,\"publisher\":{\"@id\":\"https:\\\/\\\/www.aymericvincent.fr\\\/#\\\/schema\\\/person\\\/7eae4d27b09369dbd5d9d7c7b16d4643\"},\"image\":{\"@id\":\"https:\\\/\\\/www.aymericvincent.fr\\\/?p=5838#primaryimage\"},\"thumbnailUrl\":\"http:\\\/\\\/www.aymericvincent.fr\\\/wp-content\\\/uploads\\\/2014\\\/02\\\/construire_image_candidat_aymeric_vincent-189x300.jpg\",\"keywords\":[\"Aymeric Vincent\",\"cv\",\"drh\",\"\u00e9diteur\",\"\u00e9dition\",\"editis\",\"image\",\"instagram\",\"linkedin\",\"livre\",\"recrutement\",\"r\u00e9seau\",\"studyrama\",\"viadeo\"],\"articleSection\":[\"Livres de Aymeric Vincent\"],\"inLanguage\":\"fr-FR\",\"potentialAction\":[{\"@type\":\"CommentAction\",\"name\":\"Comment\",\"target\":[\"https:\\\/\\\/www.aymericvincent.fr\\\/?p=5838#respond\"]}]},{\"@type\":\"WebPage\",\"@id\":\"https:\\\/\\\/www.aymericvincent.fr\\\/?p=5838\",\"url\":\"https:\\\/\\\/www.aymericvincent.fr\\\/?p=5838\",\"name\":\"Construire son image candidat | Aymeric Vincent\",\"isPartOf\":{\"@id\":\"https:\\\/\\\/www.aymericvincent.fr\\\/#website\"},\"primaryImageOfPage\":{\"@id\":\"https:\\\/\\\/www.aymericvincent.fr\\\/?p=5838#primaryimage\"},\"image\":{\"@id\":\"https:\\\/\\\/www.aymericvincent.fr\\\/?p=5838#primaryimage\"},\"thumbnailUrl\":\"http:\\\/\\\/www.aymericvincent.fr\\\/wp-content\\\/uploads\\\/2014\\\/02\\\/construire_image_candidat_aymeric_vincent-189x300.jpg\",\"datePublished\":\"2014-03-01T19:00:53+00:00\",\"breadcrumb\":{\"@id\":\"https:\\\/\\\/www.aymericvincent.fr\\\/?p=5838#breadcrumb\"},\"inLanguage\":\"fr-FR\",\"potentialAction\":[{\"@type\":\"ReadAction\",\"target\":[\"https:\\\/\\\/www.aymericvincent.fr\\\/?p=5838\"]}]},{\"@type\":\"ImageObject\",\"inLanguage\":\"fr-FR\",\"@id\":\"https:\\\/\\\/www.aymericvincent.fr\\\/?p=5838#primaryimage\",\"url\":\"https:\\\/\\\/www.aymericvincent.fr\\\/wp-content\\\/uploads\\\/2014\\\/02\\\/construire_image_candidat_aymeric_vincent.jpg\",\"contentUrl\":\"https:\\\/\\\/www.aymericvincent.fr\\\/wp-content\\\/uploads\\\/2014\\\/02\\\/construire_image_candidat_aymeric_vincent.jpg\",\"width\":428,\"height\":678,\"caption\":\"Aymeric Vincent\"},{\"@type\":\"BreadcrumbList\",\"@id\":\"https:\\\/\\\/www.aymericvincent.fr\\\/?p=5838#breadcrumb\",\"itemListElement\":[{\"@type\":\"ListItem\",\"position\":1,\"name\":\"Accueil\",\"item\":\"https:\\\/\\\/www.aymericvincent.fr\\\/\"},{\"@type\":\"ListItem\",\"position\":2,\"name\":\"Construire son image candidat\"}]},{\"@type\":\"WebSite\",\"@id\":\"https:\\\/\\\/www.aymericvincent.fr\\\/#website\",\"url\":\"https:\\\/\\\/www.aymericvincent.fr\\\/\",\"name\":\"Aymeric Vincent\",\"description\":\"Le blog de Aymeric Vincent - Management, RH et Responsabilit\u00e9 Soci\u00e9tale\",\"publisher\":{\"@id\":\"https:\\\/\\\/www.aymericvincent.fr\\\/#\\\/schema\\\/person\\\/7eae4d27b09369dbd5d9d7c7b16d4643\"},\"potentialAction\":[{\"@type\":\"SearchAction\",\"target\":{\"@type\":\"EntryPoint\",\"urlTemplate\":\"https:\\\/\\\/www.aymericvincent.fr\\\/?s={search_term_string}\"},\"query-input\":{\"@type\":\"PropertyValueSpecification\",\"valueRequired\":true,\"valueName\":\"search_term_string\"}}],\"inLanguage\":\"fr-FR\"},{\"@type\":[\"Person\",\"Organization\"],\"@id\":\"https:\\\/\\\/www.aymericvincent.fr\\\/#\\\/schema\\\/person\\\/7eae4d27b09369dbd5d9d7c7b16d4643\",\"name\":\"Aymeric Vincent\",\"image\":{\"@type\":\"ImageObject\",\"inLanguage\":\"fr-FR\",\"@id\":\"https:\\\/\\\/www.aymericvincent.fr\\\/wp-content\\\/uploads\\\/2019\\\/11\\\/aymeric_vincent-1024x683.jpg\",\"url\":\"https:\\\/\\\/www.aymericvincent.fr\\\/wp-content\\\/uploads\\\/2019\\\/11\\\/aymeric_vincent-1024x683.jpg\",\"contentUrl\":\"https:\\\/\\\/www.aymericvincent.fr\\\/wp-content\\\/uploads\\\/2019\\\/11\\\/aymeric_vincent-1024x683.jpg\",\"width\":1024,\"height\":683,\"caption\":\"Aymeric Vincent\"},\"logo\":{\"@id\":\"https:\\\/\\\/www.aymericvincent.fr\\\/wp-content\\\/uploads\\\/2019\\\/11\\\/aymeric_vincent-1024x683.jpg\"},\"description\":\"Directeur des Ressources Humaines adjoint dans l'univers de l'\u00e9dition\",\"sameAs\":[\"https:\\\/\\\/www.aymericvincent.fr\"],\"url\":\"https:\\\/\\\/www.aymericvincent.fr\\\/?author=1\"}]}<\/script>\n<!-- \/ Yoast SEO plugin. -->","yoast_head_json":{"title":"Construire son image candidat | Aymeric Vincent","robots":{"index":"index","follow":"follow","max-snippet":"max-snippet:-1","max-image-preview":"max-image-preview:large","max-video-preview":"max-video-preview:-1"},"canonical":"https:\/\/www.aymericvincent.fr\/?p=5838","og_locale":"fr_FR","og_type":"article","og_title":"Construire son image candidat | Aymeric Vincent","og_description":"Quel usage faire des diff\u00e9rents r\u00e9seaux sociaux tels que Twitter, Instagram ou Viadeo ? Comment construire son image virtuelle ? Que mettre dans son blog ou sur sa page Facebook ? La lettre de motivation et le curriculum vitae conservent-ils toujours une r\u00e9elle importance ? Enfin, un ouvrage qui r\u00e9pond \u00e0 ces questions et permet [&hellip;]","og_url":"https:\/\/www.aymericvincent.fr\/?p=5838","og_site_name":"Aymeric Vincent","article_published_time":"2014-03-01T19:00:53+00:00","og_image":[{"url":"http:\/\/www.aymericvincent.fr\/wp-content\/uploads\/2014\/02\/construire_image_candidat_aymeric_vincent-189x300.jpg","type":"","width":"","height":""}],"author":"Aymeric Vincent","twitter_card":"summary_large_image","twitter_creator":"@aymericvincent","twitter_site":"@aymericvincent","twitter_misc":{"\u00c9crit par":"Aymeric Vincent","Dur\u00e9e de lecture estim\u00e9e":"1 minute"},"schema":{"@context":"https:\/\/schema.org","@graph":[{"@type":"Article","@id":"https:\/\/www.aymericvincent.fr\/?p=5838#article","isPartOf":{"@id":"https:\/\/www.aymericvincent.fr\/?p=5838"},"author":{"name":"Aymeric Vincent","@id":"https:\/\/www.aymericvincent.fr\/#\/schema\/person\/7eae4d27b09369dbd5d9d7c7b16d4643"},"headline":"Construire son image candidat","datePublished":"2014-03-01T19:00:53+00:00","mainEntityOfPage":{"@id":"https:\/\/www.aymericvincent.fr\/?p=5838"},"wordCount":230,"commentCount":0,"publisher":{"@id":"https:\/\/www.aymericvincent.fr\/#\/schema\/person\/7eae4d27b09369dbd5d9d7c7b16d4643"},"image":{"@id":"https:\/\/www.aymericvincent.fr\/?p=5838#primaryimage"},"thumbnailUrl":"http:\/\/www.aymericvincent.fr\/wp-content\/uploads\/2014\/02\/construire_image_candidat_aymeric_vincent-189x300.jpg","keywords":["Aymeric Vincent","cv","drh","\u00e9diteur","\u00e9dition","editis","image","instagram","linkedin","livre","recrutement","r\u00e9seau","studyrama","viadeo"],"articleSection":["Livres de Aymeric Vincent"],"inLanguage":"fr-FR","potentialAction":[{"@type":"CommentAction","name":"Comment","target":["https:\/\/www.aymericvincent.fr\/?p=5838#respond"]}]},{"@type":"WebPage","@id":"https:\/\/www.aymericvincent.fr\/?p=5838","url":"https:\/\/www.aymericvincent.fr\/?p=5838","name":"Construire son image candidat | Aymeric Vincent","isPartOf":{"@id":"https:\/\/www.aymericvincent.fr\/#website"},"primaryImageOfPage":{"@id":"https:\/\/www.aymericvincent.fr\/?p=5838#primaryimage"},"image":{"@id":"https:\/\/www.aymericvincent.fr\/?p=5838#primaryimage"},"thumbnailUrl":"http:\/\/www.aymericvincent.fr\/wp-content\/uploads\/2014\/02\/construire_image_candidat_aymeric_vincent-189x300.jpg","datePublished":"2014-03-01T19:00:53+00:00","breadcrumb":{"@id":"https:\/\/www.aymericvincent.fr\/?p=5838#breadcrumb"},"inLanguage":"fr-FR","potentialAction":[{"@type":"ReadAction","target":["https:\/\/www.aymericvincent.fr\/?p=5838"]}]},{"@type":"ImageObject","inLanguage":"fr-FR","@id":"https:\/\/www.aymericvincent.fr\/?p=5838#primaryimage","url":"https:\/\/www.aymericvincent.fr\/wp-content\/uploads\/2014\/02\/construire_image_candidat_aymeric_vincent.jpg","contentUrl":"https:\/\/www.aymericvincent.fr\/wp-content\/uploads\/2014\/02\/construire_image_candidat_aymeric_vincent.jpg","width":428,"height":678,"caption":"Aymeric Vincent"},{"@type":"BreadcrumbList","@id":"https:\/\/www.aymericvincent.fr\/?p=5838#breadcrumb","itemListElement":[{"@type":"ListItem","position":1,"name":"Accueil","item":"https:\/\/www.aymericvincent.fr\/"},{"@type":"ListItem","position":2,"name":"Construire son image candidat"}]},{"@type":"WebSite","@id":"https:\/\/www.aymericvincent.fr\/#website","url":"https:\/\/www.aymericvincent.fr\/","name":"Aymeric Vincent","description":"Le blog de Aymeric Vincent - Management, RH et Responsabilit\u00e9 Soci\u00e9tale","publisher":{"@id":"https:\/\/www.aymericvincent.fr\/#\/schema\/person\/7eae4d27b09369dbd5d9d7c7b16d4643"},"potentialAction":[{"@type":"SearchAction","target":{"@type":"EntryPoint","urlTemplate":"https:\/\/www.aymericvincent.fr\/?s={search_term_string}"},"query-input":{"@type":"PropertyValueSpecification","valueRequired":true,"valueName":"search_term_string"}}],"inLanguage":"fr-FR"},{"@type":["Person","Organization"],"@id":"https:\/\/www.aymericvincent.fr\/#\/schema\/person\/7eae4d27b09369dbd5d9d7c7b16d4643","name":"Aymeric Vincent","image":{"@type":"ImageObject","inLanguage":"fr-FR","@id":"https:\/\/www.aymericvincent.fr\/wp-content\/uploads\/2019\/11\/aymeric_vincent-1024x683.jpg","url":"https:\/\/www.aymericvincent.fr\/wp-content\/uploads\/2019\/11\/aymeric_vincent-1024x683.jpg","contentUrl":"https:\/\/www.aymericvincent.fr\/wp-content\/uploads\/2019\/11\/aymeric_vincent-1024x683.jpg","width":1024,"height":683,"caption":"Aymeric Vincent"},"logo":{"@id":"https:\/\/www.aymericvincent.fr\/wp-content\/uploads\/2019\/11\/aymeric_vincent-1024x683.jpg"},"description":"Directeur des Ressources Humaines adjoint dans l'univers de l'\u00e9dition","sameAs":["https:\/\/www.aymericvincent.fr"],"url":"https:\/\/www.aymericvincent.fr\/?author=1"}]}},"_links":{"self":[{"href":"https:\/\/www.aymericvincent.fr\/index.php?rest_route=\/wp\/v2\/posts\/5838","targetHints":{"allow":["GET"]}}],"collection":[{"href":"https:\/\/www.aymericvincent.fr\/index.php?rest_route=\/wp\/v2\/posts"}],"about":[{"href":"https:\/\/www.aymericvincent.fr\/index.php?rest_route=\/wp\/v2\/types\/post"}],"author":[{"embeddable":true,"href":"https:\/\/www.aymericvincent.fr\/index.php?rest_route=\/wp\/v2\/users\/1"}],"replies":[{"embeddable":true,"href":"https:\/\/www.aymericvincent.fr\/index.php?rest_route=%2Fwp%2Fv2%2Fcomments&post=5838"}],"version-history":[{"count":2,"href":"https:\/\/www.aymericvincent.fr\/index.php?rest_route=\/wp\/v2\/posts\/5838\/revisions"}],"predecessor-version":[{"id":5841,"href":"https:\/\/www.aymericvincent.fr\/index.php?rest_route=\/wp\/v2\/posts\/5838\/revisions\/5841"}],"wp:attachment":[{"href":"https:\/\/www.aymericvincent.fr\/index.php?rest_route=%2Fwp%2Fv2%2Fmedia&parent=5838"}],"wp:term":[{"taxonomy":"category","embeddable":true,"href":"https:\/\/www.aymericvincent.fr\/index.php?rest_route=%2Fwp%2Fv2%2Fcategories&post=5838"},{"taxonomy":"post_tag","embeddable":true,"href":"https:\/\/www.aymericvincent.fr\/index.php?rest_route=%2Fwp%2Fv2%2Ftags&post=5838"}],"curies":[{"name":"wp","href":"https:\/\/api.w.org\/{rel}","templated":true}]}}