{"id":5212,"date":"2013-08-02T20:01:56","date_gmt":"2013-08-02T18:01:56","guid":{"rendered":"http:\/\/www.aymericvincent.fr\/?p=5212"},"modified":"2013-07-06T17:03:03","modified_gmt":"2013-07-06T15:03:03","slug":"quel-delai-de-reponse-de-la-part-du-recruteur","status":"publish","type":"post","link":"https:\/\/www.aymericvincent.fr\/?p=5212","title":{"rendered":"Quel d\u00e9lai de r\u00e9ponse de la part du recruteur ?"},"content":{"rendered":"<p>Dans quel d\u00e9lai peut-on attendre une r\u00e9ponse d&rsquo;un recruteur ?<\/p>\n<p>[daily]x11ks0b[\/daily]<\/p>\n","protected":false},"excerpt":{"rendered":"<p>Dans quel d\u00e9lai peut-on attendre une r\u00e9ponse d&rsquo;un recruteur ? [daily]x11ks0b[\/daily]<\/p>\n","protected":false},"author":1,"featured_media":0,"comment_status":"open","ping_status":"open","sticky":false,"template":"","format":"standard","meta":{"_monsterinsights_skip_tracking":false,"_monsterinsights_sitenote_active":false,"_monsterinsights_sitenote_note":"","_monsterinsights_sitenote_category":0,"footnotes":""},"categories":[10],"tags":[151,446,3016,594,647,3007,1510,1547,1702],"class_list":["post-5212","post","type-post","status-publish","format-standard","hentry","category-trouver-et-recruter","tag-aymeric-vincent","tag-cv","tag-delai","tag-editis","tag-entretien","tag-interforum","tag-recrutement","tag-reponse","tag-sogedif"],"yoast_head":"<!-- This site is optimized with the Yoast SEO plugin v27.3 - https:\/\/yoast.com\/product\/yoast-seo-wordpress\/ -->\n<title>Quel d\u00e9lai de r\u00e9ponse de la part du recruteur ? | Aymeric Vincent<\/title>\n<meta name=\"robots\" content=\"index, follow, max-snippet:-1, max-image-preview:large, max-video-preview:-1\" \/>\n<link rel=\"canonical\" href=\"https:\/\/www.aymericvincent.fr\/?p=5212\" \/>\n<meta property=\"og:locale\" content=\"fr_FR\" \/>\n<meta property=\"og:type\" content=\"article\" \/>\n<meta property=\"og:title\" content=\"Quel d\u00e9lai de r\u00e9ponse de la part du recruteur ? | Aymeric Vincent\" \/>\n<meta property=\"og:description\" content=\"Dans quel d\u00e9lai peut-on attendre une r\u00e9ponse d&rsquo;un recruteur ? [daily]x11ks0b[\/daily]\" \/>\n<meta property=\"og:url\" content=\"https:\/\/www.aymericvincent.fr\/?p=5212\" \/>\n<meta property=\"og:site_name\" content=\"Aymeric Vincent\" \/>\n<meta property=\"article:published_time\" content=\"2013-08-02T18:01:56+00:00\" \/>\n<meta name=\"author\" content=\"Aymeric Vincent\" \/>\n<meta name=\"twitter:card\" content=\"summary_large_image\" \/>\n<meta name=\"twitter:creator\" content=\"@aymericvincent\" \/>\n<meta name=\"twitter:site\" content=\"@aymericvincent\" \/>\n<meta name=\"twitter:label1\" content=\"\u00c9crit par\" \/>\n\t<meta name=\"twitter:data1\" content=\"Aymeric Vincent\" \/>\n<script type=\"application\/ld+json\" class=\"yoast-schema-graph\">{\"@context\":\"https:\\\/\\\/schema.org\",\"@graph\":[{\"@type\":\"Article\",\"@id\":\"https:\\\/\\\/www.aymericvincent.fr\\\/?p=5212#article\",\"isPartOf\":{\"@id\":\"https:\\\/\\\/www.aymericvincent.fr\\\/?p=5212\"},\"author\":{\"name\":\"Aymeric Vincent\",\"@id\":\"https:\\\/\\\/www.aymericvincent.fr\\\/#\\\/schema\\\/person\\\/7eae4d27b09369dbd5d9d7c7b16d4643\"},\"headline\":\"Quel d\u00e9lai de r\u00e9ponse de la part du recruteur ?\",\"datePublished\":\"2013-08-02T18:01:56+00:00\",\"mainEntityOfPage\":{\"@id\":\"https:\\\/\\\/www.aymericvincent.fr\\\/?p=5212\"},\"wordCount\":28,\"commentCount\":0,\"publisher\":{\"@id\":\"https:\\\/\\\/www.aymericvincent.fr\\\/#\\\/schema\\\/person\\\/7eae4d27b09369dbd5d9d7c7b16d4643\"},\"keywords\":[\"Aymeric Vincent\",\"cv\",\"d\u00e9lai\",\"editis\",\"entretien\",\"Interforum\",\"recrutement\",\"reponse\",\"sogedif\"],\"articleSection\":[\"Recruter\"],\"inLanguage\":\"fr-FR\",\"potentialAction\":[{\"@type\":\"CommentAction\",\"name\":\"Comment\",\"target\":[\"https:\\\/\\\/www.aymericvincent.fr\\\/?p=5212#respond\"]}]},{\"@type\":\"WebPage\",\"@id\":\"https:\\\/\\\/www.aymericvincent.fr\\\/?p=5212\",\"url\":\"https:\\\/\\\/www.aymericvincent.fr\\\/?p=5212\",\"name\":\"Quel d\u00e9lai de r\u00e9ponse de la part du recruteur ? | Aymeric Vincent\",\"isPartOf\":{\"@id\":\"https:\\\/\\\/www.aymericvincent.fr\\\/#website\"},\"datePublished\":\"2013-08-02T18:01:56+00:00\",\"breadcrumb\":{\"@id\":\"https:\\\/\\\/www.aymericvincent.fr\\\/?p=5212#breadcrumb\"},\"inLanguage\":\"fr-FR\",\"potentialAction\":[{\"@type\":\"ReadAction\",\"target\":[\"https:\\\/\\\/www.aymericvincent.fr\\\/?p=5212\"]}]},{\"@type\":\"BreadcrumbList\",\"@id\":\"https:\\\/\\\/www.aymericvincent.fr\\\/?p=5212#breadcrumb\",\"itemListElement\":[{\"@type\":\"ListItem\",\"position\":1,\"name\":\"Accueil\",\"item\":\"https:\\\/\\\/www.aymericvincent.fr\\\/\"},{\"@type\":\"ListItem\",\"position\":2,\"name\":\"Quel d\u00e9lai de r\u00e9ponse de la part du recruteur ?\"}]},{\"@type\":\"WebSite\",\"@id\":\"https:\\\/\\\/www.aymericvincent.fr\\\/#website\",\"url\":\"https:\\\/\\\/www.aymericvincent.fr\\\/\",\"name\":\"Aymeric Vincent\",\"description\":\"Le blog de Aymeric Vincent - Management, RH et Responsabilit\u00e9 Soci\u00e9tale\",\"publisher\":{\"@id\":\"https:\\\/\\\/www.aymericvincent.fr\\\/#\\\/schema\\\/person\\\/7eae4d27b09369dbd5d9d7c7b16d4643\"},\"potentialAction\":[{\"@type\":\"SearchAction\",\"target\":{\"@type\":\"EntryPoint\",\"urlTemplate\":\"https:\\\/\\\/www.aymericvincent.fr\\\/?s={search_term_string}\"},\"query-input\":{\"@type\":\"PropertyValueSpecification\",\"valueRequired\":true,\"valueName\":\"search_term_string\"}}],\"inLanguage\":\"fr-FR\"},{\"@type\":[\"Person\",\"Organization\"],\"@id\":\"https:\\\/\\\/www.aymericvincent.fr\\\/#\\\/schema\\\/person\\\/7eae4d27b09369dbd5d9d7c7b16d4643\",\"name\":\"Aymeric Vincent\",\"image\":{\"@type\":\"ImageObject\",\"inLanguage\":\"fr-FR\",\"@id\":\"https:\\\/\\\/www.aymericvincent.fr\\\/wp-content\\\/uploads\\\/2019\\\/11\\\/aymeric_vincent-1024x683.jpg\",\"url\":\"https:\\\/\\\/www.aymericvincent.fr\\\/wp-content\\\/uploads\\\/2019\\\/11\\\/aymeric_vincent-1024x683.jpg\",\"contentUrl\":\"https:\\\/\\\/www.aymericvincent.fr\\\/wp-content\\\/uploads\\\/2019\\\/11\\\/aymeric_vincent-1024x683.jpg\",\"width\":1024,\"height\":683,\"caption\":\"Aymeric Vincent\"},\"logo\":{\"@id\":\"https:\\\/\\\/www.aymericvincent.fr\\\/wp-content\\\/uploads\\\/2019\\\/11\\\/aymeric_vincent-1024x683.jpg\"},\"description\":\"Directeur des Ressources Humaines adjoint dans l'univers de l'\u00e9dition\",\"sameAs\":[\"https:\\\/\\\/www.aymericvincent.fr\"],\"url\":\"https:\\\/\\\/www.aymericvincent.fr\\\/?author=1\"}]}<\/script>\n<!-- \/ Yoast SEO plugin. -->","yoast_head_json":{"title":"Quel d\u00e9lai de r\u00e9ponse de la part du recruteur ? | Aymeric Vincent","robots":{"index":"index","follow":"follow","max-snippet":"max-snippet:-1","max-image-preview":"max-image-preview:large","max-video-preview":"max-video-preview:-1"},"canonical":"https:\/\/www.aymericvincent.fr\/?p=5212","og_locale":"fr_FR","og_type":"article","og_title":"Quel d\u00e9lai de r\u00e9ponse de la part du recruteur ? | Aymeric Vincent","og_description":"Dans quel d\u00e9lai peut-on attendre une r\u00e9ponse d&rsquo;un recruteur ? [daily]x11ks0b[\/daily]","og_url":"https:\/\/www.aymericvincent.fr\/?p=5212","og_site_name":"Aymeric Vincent","article_published_time":"2013-08-02T18:01:56+00:00","author":"Aymeric Vincent","twitter_card":"summary_large_image","twitter_creator":"@aymericvincent","twitter_site":"@aymericvincent","twitter_misc":{"\u00c9crit par":"Aymeric Vincent"},"schema":{"@context":"https:\/\/schema.org","@graph":[{"@type":"Article","@id":"https:\/\/www.aymericvincent.fr\/?p=5212#article","isPartOf":{"@id":"https:\/\/www.aymericvincent.fr\/?p=5212"},"author":{"name":"Aymeric Vincent","@id":"https:\/\/www.aymericvincent.fr\/#\/schema\/person\/7eae4d27b09369dbd5d9d7c7b16d4643"},"headline":"Quel d\u00e9lai de r\u00e9ponse de la part du recruteur ?","datePublished":"2013-08-02T18:01:56+00:00","mainEntityOfPage":{"@id":"https:\/\/www.aymericvincent.fr\/?p=5212"},"wordCount":28,"commentCount":0,"publisher":{"@id":"https:\/\/www.aymericvincent.fr\/#\/schema\/person\/7eae4d27b09369dbd5d9d7c7b16d4643"},"keywords":["Aymeric Vincent","cv","d\u00e9lai","editis","entretien","Interforum","recrutement","reponse","sogedif"],"articleSection":["Recruter"],"inLanguage":"fr-FR","potentialAction":[{"@type":"CommentAction","name":"Comment","target":["https:\/\/www.aymericvincent.fr\/?p=5212#respond"]}]},{"@type":"WebPage","@id":"https:\/\/www.aymericvincent.fr\/?p=5212","url":"https:\/\/www.aymericvincent.fr\/?p=5212","name":"Quel d\u00e9lai de r\u00e9ponse de la part du recruteur ? | Aymeric Vincent","isPartOf":{"@id":"https:\/\/www.aymericvincent.fr\/#website"},"datePublished":"2013-08-02T18:01:56+00:00","breadcrumb":{"@id":"https:\/\/www.aymericvincent.fr\/?p=5212#breadcrumb"},"inLanguage":"fr-FR","potentialAction":[{"@type":"ReadAction","target":["https:\/\/www.aymericvincent.fr\/?p=5212"]}]},{"@type":"BreadcrumbList","@id":"https:\/\/www.aymericvincent.fr\/?p=5212#breadcrumb","itemListElement":[{"@type":"ListItem","position":1,"name":"Accueil","item":"https:\/\/www.aymericvincent.fr\/"},{"@type":"ListItem","position":2,"name":"Quel d\u00e9lai de r\u00e9ponse de la part du recruteur ?"}]},{"@type":"WebSite","@id":"https:\/\/www.aymericvincent.fr\/#website","url":"https:\/\/www.aymericvincent.fr\/","name":"Aymeric Vincent","description":"Le blog de Aymeric Vincent - Management, RH et Responsabilit\u00e9 Soci\u00e9tale","publisher":{"@id":"https:\/\/www.aymericvincent.fr\/#\/schema\/person\/7eae4d27b09369dbd5d9d7c7b16d4643"},"potentialAction":[{"@type":"SearchAction","target":{"@type":"EntryPoint","urlTemplate":"https:\/\/www.aymericvincent.fr\/?s={search_term_string}"},"query-input":{"@type":"PropertyValueSpecification","valueRequired":true,"valueName":"search_term_string"}}],"inLanguage":"fr-FR"},{"@type":["Person","Organization"],"@id":"https:\/\/www.aymericvincent.fr\/#\/schema\/person\/7eae4d27b09369dbd5d9d7c7b16d4643","name":"Aymeric Vincent","image":{"@type":"ImageObject","inLanguage":"fr-FR","@id":"https:\/\/www.aymericvincent.fr\/wp-content\/uploads\/2019\/11\/aymeric_vincent-1024x683.jpg","url":"https:\/\/www.aymericvincent.fr\/wp-content\/uploads\/2019\/11\/aymeric_vincent-1024x683.jpg","contentUrl":"https:\/\/www.aymericvincent.fr\/wp-content\/uploads\/2019\/11\/aymeric_vincent-1024x683.jpg","width":1024,"height":683,"caption":"Aymeric Vincent"},"logo":{"@id":"https:\/\/www.aymericvincent.fr\/wp-content\/uploads\/2019\/11\/aymeric_vincent-1024x683.jpg"},"description":"Directeur des Ressources Humaines adjoint dans l'univers de l'\u00e9dition","sameAs":["https:\/\/www.aymericvincent.fr"],"url":"https:\/\/www.aymericvincent.fr\/?author=1"}]}},"_links":{"self":[{"href":"https:\/\/www.aymericvincent.fr\/index.php?rest_route=\/wp\/v2\/posts\/5212","targetHints":{"allow":["GET"]}}],"collection":[{"href":"https:\/\/www.aymericvincent.fr\/index.php?rest_route=\/wp\/v2\/posts"}],"about":[{"href":"https:\/\/www.aymericvincent.fr\/index.php?rest_route=\/wp\/v2\/types\/post"}],"author":[{"embeddable":true,"href":"https:\/\/www.aymericvincent.fr\/index.php?rest_route=\/wp\/v2\/users\/1"}],"replies":[{"embeddable":true,"href":"https:\/\/www.aymericvincent.fr\/index.php?rest_route=%2Fwp%2Fv2%2Fcomments&post=5212"}],"version-history":[{"count":1,"href":"https:\/\/www.aymericvincent.fr\/index.php?rest_route=\/wp\/v2\/posts\/5212\/revisions"}],"predecessor-version":[{"id":5213,"href":"https:\/\/www.aymericvincent.fr\/index.php?rest_route=\/wp\/v2\/posts\/5212\/revisions\/5213"}],"wp:attachment":[{"href":"https:\/\/www.aymericvincent.fr\/index.php?rest_route=%2Fwp%2Fv2%2Fmedia&parent=5212"}],"wp:term":[{"taxonomy":"category","embeddable":true,"href":"https:\/\/www.aymericvincent.fr\/index.php?rest_route=%2Fwp%2Fv2%2Fcategories&post=5212"},{"taxonomy":"post_tag","embeddable":true,"href":"https:\/\/www.aymericvincent.fr\/index.php?rest_route=%2Fwp%2Fv2%2Ftags&post=5212"}],"curies":[{"name":"wp","href":"https:\/\/api.w.org\/{rel}","templated":true}]}}