{"id":5089,"date":"2013-06-22T20:09:22","date_gmt":"2013-06-22T18:09:22","guid":{"rendered":"http:\/\/www.aymericvincent.fr\/?p=5089"},"modified":"2013-05-21T20:45:13","modified_gmt":"2013-05-21T18:45:13","slug":"la-mobilite-interne-un-outil-au-service-de-tous","status":"publish","type":"post","link":"https:\/\/www.aymericvincent.fr\/?p=5089","title":{"rendered":"La mobilit\u00e9 interne, un outil au service de tous"},"content":{"rendered":"<p>La gestion des carri\u00e8res des salari\u00e9s est l\u2019une des facettes du m\u00e9tier de DRH mais \u00e9galement de tout acteur de l\u2019entreprise, dont le salari\u00e9 lui-m\u00eame. Elle se traduit par exemple avec une politique de mobilit\u00e9 interne dynamique.<\/p>\n<p>La mobilit\u00e9 interne peut se d\u00e9finir par la capacit\u00e9 \u00e0 faire \u00e9voluer les salari\u00e9s dans la m\u00eame entreprise, dans le m\u00eame Groupe, sur de nouvelles fonctions, que celles-ci soient plus qualifi\u00e9es ou proches du poste actuel. Elle peut se conjuguer avec une promotion mais pas n\u00e9cessairement.<\/p>\n<p>Pour qu\u2019il y ait mobilit\u00e9 interne, il faut en premier lieu que les offres de poste \u00e0 pourvoir soient diffus\u00e9es en interne avant, ou simultan\u00e9ment, \u00e0 toute communication externe. Cette diffusion \u00e0 destination des seuls salari\u00e9s du Groupe peut se faire via une solution informatique d\u00e9di\u00e9e ou en cr\u00e9ant, par exemple, un groupe ferm\u00e9 sur Viadeo, LinkedIn ou tout autre r\u00e9seau social. Elle permet \u00e0 chaque salari\u00e9 de tenter sa chance sur le poste et limite ainsi la mobilit\u00e9 par affinit\u00e9.<\/p>\n<p>Il faut ensuite former, et informer, tous les salari\u00e9s \u00e0 l\u2019existence de cet outil de prise en main de son devenir professionnel. Former les managers au partage, difficile, des talents que l\u2019on a longuement fa\u00e7onn\u00e9s et que l\u2019on ne souhaite pas voir partir, m\u00eame dans le m\u00eame groupe. Former les salari\u00e9s \u00e0 une connaissance des autres visages du groupe auquel il appartient, bien au-del\u00e0 de sa propre soci\u00e9t\u00e9 juridique d\u2019appartenance ou de son propre service.<\/p>\n<p>Tout cela n\u00e9cessite une mobilisation des \u00e9quipes RH avec une analyse bienveillante et constructive des parcours des salari\u00e9s, loin d\u2019une recherche utopique du \u00ab mouton \u00e0 5 pattes \u00bb. On peut \u00e9galement utiliser les outils de la formation continue, du Cong\u00e9 Individuel de Formation ou du Bilan de comp\u00e9tences, par exemple, pour permettre les plus complexes de ces mobilit\u00e9s, celles qui paraissent un peu moins facile \u2013 naturelles &#8211;\u00a0 que cela.<\/p>\n<p>En effet, la mobilit\u00e9 interne a dans son ADN plusieurs atouts qu\u2019on ne peut n\u00e9gliger.<\/p>\n<p>Une connaissance mutuelle des forces et faiblesses de chacun. Le salari\u00e9 conna\u00eet l\u2019entreprise (donc une part de sa culture) pour y travailler depuis quelques temps. Il peut conna\u00eetre son futur manager pour avoir partag\u00e9 des moments professionnels avec elle ou lui. Le DRH conna\u00eet le salari\u00e9 dans l\u2019exercice de ses fonctions et dans un cadre bien cern\u00e9.<\/p>\n<p>Une r\u00e9tention des talents et des comp\u00e9tences. Plut\u00f4t que les meilleurs des salari\u00e9s poursuivent l\u2019exercice de leurs talents chez un concurrent, ou un confr\u00e8re, quoi de mieux que leur offrir de nouvelles perspectives professionnelles tout en faisant b\u00e9n\u00e9ficier celles-ci au m\u00eame groupe.<\/p>\n<p>Le renforcement d\u2019une culture commune et d\u2019un sentiment d\u2019appartenance. Bouger d\u2019une entreprise \u00e0 une autre entreprise dans un m\u00eame groupe permet de m\u00ealer les pratiques, de m\u00e9langer les points de vue et ainsi de construire, ou de renforcer, la notion de Groupe. Le salari\u00e9 en mobilit\u00e9 est un transmetteur des bonnes pratiques exerc\u00e9es ici ou l\u00e0.<\/p>\n<p>Une enqu\u00eate d\u2019engagement en temps r\u00e9el. Lors des entretiens de mobilit\u00e9 avec les RH, l\u2019occasion est d\u2019or pour percevoir \u00e0 la fois les attentes imm\u00e9diates du salari\u00e9, naturellement, mais \u00e0 la fois les attentes plus globales d\u2019un service, d\u2019un d\u00e9partement, d\u2019une entreprise, voir des points de vigilances \u00e0 surveiller.<\/p>\n<p>Un accroissement de la responsabilit\u00e9 soci\u00e9tale de l\u2019entreprise La mobilit\u00e9 interne contribue \u00e0 d\u00e9velopper l\u2019employabilit\u00e9 des salari\u00e9s en leur permettant d\u2019acqu\u00e9rir de nouvelles comp\u00e9tences dans des contextes \u00e9conomiques diff\u00e9rents, celles-ci seront les bienvenues pour l\u2019ensemble de sa carri\u00e8re. Elle permet \u00e9galement de renforcer le n\u00e9cessaire lien de confiance entre le DRH\u00a0 et le salari\u00e9 en faisant de ce duo un co-pilotage du d\u00e9veloppement personnel.<\/p>\n<p>Il existe d\u2019autres nombreux atouts \u00e0 une politique dynamique de mobilit\u00e9 interne dont peuvent facilement t\u00e9moigner les salari\u00e9s b\u00e9n\u00e9ficiaires. Elle ne peut cependant r\u00e9ussir qu\u2019avec une politique de recrutement externe compl\u00e9mentaire afin de poursuivre l\u2019accroissement des talents dans l\u2019entreprise\u2026cette politique \u00e9tant facilit\u00e9e par la connaissance de la mobilit\u00e9 interne\u2026 en externe. Elle contribue ainsi \u00e0 la marque employeur de l\u2019entreprise et devient une force.<\/p>\n<p><a href=\"http:\/\/lecercle.lesechos.fr\/entreprises-marches\/management\/rh\/221172816\/mobilite-interne-outil-service\" target=\"_blank\">Article publi\u00e9 sur les Echos<\/a><\/p>\n","protected":false},"excerpt":{"rendered":"<p>La gestion des carri\u00e8res des salari\u00e9s est l\u2019une des facettes du m\u00e9tier de DRH mais \u00e9galement de tout acteur de l\u2019entreprise, dont le salari\u00e9 lui-m\u00eame. Elle se traduit par exemple avec une politique de mobilit\u00e9 interne dynamique. La mobilit\u00e9 interne peut se d\u00e9finir par la capacit\u00e9 \u00e0 faire \u00e9voluer les salari\u00e9s dans la m\u00eame entreprise, [&hellip;]<\/p>\n","protected":false},"author":1,"featured_media":0,"comment_status":"open","ping_status":"open","sticky":false,"template":"","format":"standard","meta":{"_monsterinsights_skip_tracking":false,"_monsterinsights_sitenote_active":false,"_monsterinsights_sitenote_note":"","_monsterinsights_sitenote_category":0,"footnotes":""},"categories":[4,7],"tags":[151,262,594,698,956,1062,1213,1702],"class_list":["post-5089","post","type-post","status-publish","format-standard","hentry","category-evoluer-pour-fideliser","category-management","tag-aymeric-vincent","tag-carriere","tag-editis","tag-evolution","tag-interne","tag-les-echos","tag-mobilite","tag-sogedif"],"yoast_head":"<!-- This site is optimized with the Yoast SEO plugin v27.5 - https:\/\/yoast.com\/product\/yoast-seo-wordpress\/ -->\n<title>La mobilit\u00e9 interne, un outil au service de tous | Aymeric Vincent<\/title>\n<meta name=\"robots\" content=\"index, follow, max-snippet:-1, max-image-preview:large, max-video-preview:-1\" \/>\n<link rel=\"canonical\" href=\"https:\/\/www.aymericvincent.fr\/?p=5089\" \/>\n<meta property=\"og:locale\" content=\"fr_FR\" \/>\n<meta property=\"og:type\" content=\"article\" \/>\n<meta property=\"og:title\" content=\"La mobilit\u00e9 interne, un outil au service de tous | Aymeric Vincent\" \/>\n<meta property=\"og:description\" content=\"La gestion des carri\u00e8res des salari\u00e9s est l\u2019une des facettes du m\u00e9tier de DRH mais \u00e9galement de tout acteur de l\u2019entreprise, dont le salari\u00e9 lui-m\u00eame. Elle se traduit par exemple avec une politique de mobilit\u00e9 interne dynamique. La mobilit\u00e9 interne peut se d\u00e9finir par la capacit\u00e9 \u00e0 faire \u00e9voluer les salari\u00e9s dans la m\u00eame entreprise, [&hellip;]\" \/>\n<meta property=\"og:url\" content=\"https:\/\/www.aymericvincent.fr\/?p=5089\" \/>\n<meta property=\"og:site_name\" content=\"Aymeric Vincent\" \/>\n<meta property=\"article:published_time\" content=\"2013-06-22T18:09:22+00:00\" \/>\n<meta name=\"author\" content=\"Aymeric Vincent\" \/>\n<meta name=\"twitter:card\" content=\"summary_large_image\" \/>\n<meta name=\"twitter:creator\" content=\"@aymericvincent\" \/>\n<meta name=\"twitter:site\" content=\"@aymericvincent\" \/>\n<meta name=\"twitter:label1\" content=\"\u00c9crit par\" \/>\n\t<meta name=\"twitter:data1\" content=\"Aymeric Vincent\" \/>\n\t<meta name=\"twitter:label2\" content=\"Dur\u00e9e de lecture estim\u00e9e\" \/>\n\t<meta name=\"twitter:data2\" content=\"4 minutes\" \/>\n<script type=\"application\/ld+json\" class=\"yoast-schema-graph\">{\"@context\":\"https:\\\/\\\/schema.org\",\"@graph\":[{\"@type\":\"Article\",\"@id\":\"https:\\\/\\\/www.aymericvincent.fr\\\/?p=5089#article\",\"isPartOf\":{\"@id\":\"https:\\\/\\\/www.aymericvincent.fr\\\/?p=5089\"},\"author\":{\"name\":\"Aymeric Vincent\",\"@id\":\"https:\\\/\\\/www.aymericvincent.fr\\\/#\\\/schema\\\/person\\\/7eae4d27b09369dbd5d9d7c7b16d4643\"},\"headline\":\"La mobilit\u00e9 interne, un outil au service de tous\",\"datePublished\":\"2013-06-22T18:09:22+00:00\",\"mainEntityOfPage\":{\"@id\":\"https:\\\/\\\/www.aymericvincent.fr\\\/?p=5089\"},\"wordCount\":748,\"commentCount\":0,\"publisher\":{\"@id\":\"https:\\\/\\\/www.aymericvincent.fr\\\/#\\\/schema\\\/person\\\/7eae4d27b09369dbd5d9d7c7b16d4643\"},\"keywords\":[\"Aymeric Vincent\",\"carri\u00e8re\",\"editis\",\"\u00e9volution\",\"interne\",\"les \u00e9chos\",\"mobilit\u00e9\",\"sogedif\"],\"articleSection\":[\"Fid\u00e9liser\",\"Manager\"],\"inLanguage\":\"fr-FR\",\"potentialAction\":[{\"@type\":\"CommentAction\",\"name\":\"Comment\",\"target\":[\"https:\\\/\\\/www.aymericvincent.fr\\\/?p=5089#respond\"]}]},{\"@type\":\"WebPage\",\"@id\":\"https:\\\/\\\/www.aymericvincent.fr\\\/?p=5089\",\"url\":\"https:\\\/\\\/www.aymericvincent.fr\\\/?p=5089\",\"name\":\"La mobilit\u00e9 interne, un outil au service de tous | Aymeric Vincent\",\"isPartOf\":{\"@id\":\"https:\\\/\\\/www.aymericvincent.fr\\\/#website\"},\"datePublished\":\"2013-06-22T18:09:22+00:00\",\"breadcrumb\":{\"@id\":\"https:\\\/\\\/www.aymericvincent.fr\\\/?p=5089#breadcrumb\"},\"inLanguage\":\"fr-FR\",\"potentialAction\":[{\"@type\":\"ReadAction\",\"target\":[\"https:\\\/\\\/www.aymericvincent.fr\\\/?p=5089\"]}]},{\"@type\":\"BreadcrumbList\",\"@id\":\"https:\\\/\\\/www.aymericvincent.fr\\\/?p=5089#breadcrumb\",\"itemListElement\":[{\"@type\":\"ListItem\",\"position\":1,\"name\":\"Accueil\",\"item\":\"https:\\\/\\\/www.aymericvincent.fr\\\/\"},{\"@type\":\"ListItem\",\"position\":2,\"name\":\"La mobilit\u00e9 interne, un outil au service de tous\"}]},{\"@type\":\"WebSite\",\"@id\":\"https:\\\/\\\/www.aymericvincent.fr\\\/#website\",\"url\":\"https:\\\/\\\/www.aymericvincent.fr\\\/\",\"name\":\"Aymeric Vincent\",\"description\":\"Le blog de Aymeric Vincent - Management, RH et Responsabilit\u00e9 Soci\u00e9tale\",\"publisher\":{\"@id\":\"https:\\\/\\\/www.aymericvincent.fr\\\/#\\\/schema\\\/person\\\/7eae4d27b09369dbd5d9d7c7b16d4643\"},\"potentialAction\":[{\"@type\":\"SearchAction\",\"target\":{\"@type\":\"EntryPoint\",\"urlTemplate\":\"https:\\\/\\\/www.aymericvincent.fr\\\/?s={search_term_string}\"},\"query-input\":{\"@type\":\"PropertyValueSpecification\",\"valueRequired\":true,\"valueName\":\"search_term_string\"}}],\"inLanguage\":\"fr-FR\"},{\"@type\":[\"Person\",\"Organization\"],\"@id\":\"https:\\\/\\\/www.aymericvincent.fr\\\/#\\\/schema\\\/person\\\/7eae4d27b09369dbd5d9d7c7b16d4643\",\"name\":\"Aymeric Vincent\",\"image\":{\"@type\":\"ImageObject\",\"inLanguage\":\"fr-FR\",\"@id\":\"https:\\\/\\\/www.aymericvincent.fr\\\/wp-content\\\/uploads\\\/2019\\\/11\\\/aymeric_vincent-1024x683.jpg\",\"url\":\"https:\\\/\\\/www.aymericvincent.fr\\\/wp-content\\\/uploads\\\/2019\\\/11\\\/aymeric_vincent-1024x683.jpg\",\"contentUrl\":\"https:\\\/\\\/www.aymericvincent.fr\\\/wp-content\\\/uploads\\\/2019\\\/11\\\/aymeric_vincent-1024x683.jpg\",\"width\":1024,\"height\":683,\"caption\":\"Aymeric Vincent\"},\"logo\":{\"@id\":\"https:\\\/\\\/www.aymericvincent.fr\\\/wp-content\\\/uploads\\\/2019\\\/11\\\/aymeric_vincent-1024x683.jpg\"},\"description\":\"Directeur des Ressources Humaines adjoint dans l'univers de l'\u00e9dition\",\"sameAs\":[\"https:\\\/\\\/www.aymericvincent.fr\"],\"url\":\"https:\\\/\\\/www.aymericvincent.fr\\\/?author=1\"}]}<\/script>\n<!-- \/ Yoast SEO plugin. -->","yoast_head_json":{"title":"La mobilit\u00e9 interne, un outil au service de tous | Aymeric Vincent","robots":{"index":"index","follow":"follow","max-snippet":"max-snippet:-1","max-image-preview":"max-image-preview:large","max-video-preview":"max-video-preview:-1"},"canonical":"https:\/\/www.aymericvincent.fr\/?p=5089","og_locale":"fr_FR","og_type":"article","og_title":"La mobilit\u00e9 interne, un outil au service de tous | Aymeric Vincent","og_description":"La gestion des carri\u00e8res des salari\u00e9s est l\u2019une des facettes du m\u00e9tier de DRH mais \u00e9galement de tout acteur de l\u2019entreprise, dont le salari\u00e9 lui-m\u00eame. Elle se traduit par exemple avec une politique de mobilit\u00e9 interne dynamique. La mobilit\u00e9 interne peut se d\u00e9finir par la capacit\u00e9 \u00e0 faire \u00e9voluer les salari\u00e9s dans la m\u00eame entreprise, [&hellip;]","og_url":"https:\/\/www.aymericvincent.fr\/?p=5089","og_site_name":"Aymeric Vincent","article_published_time":"2013-06-22T18:09:22+00:00","author":"Aymeric Vincent","twitter_card":"summary_large_image","twitter_creator":"@aymericvincent","twitter_site":"@aymericvincent","twitter_misc":{"\u00c9crit par":"Aymeric Vincent","Dur\u00e9e de lecture estim\u00e9e":"4 minutes"},"schema":{"@context":"https:\/\/schema.org","@graph":[{"@type":"Article","@id":"https:\/\/www.aymericvincent.fr\/?p=5089#article","isPartOf":{"@id":"https:\/\/www.aymericvincent.fr\/?p=5089"},"author":{"name":"Aymeric Vincent","@id":"https:\/\/www.aymericvincent.fr\/#\/schema\/person\/7eae4d27b09369dbd5d9d7c7b16d4643"},"headline":"La mobilit\u00e9 interne, un outil au service de tous","datePublished":"2013-06-22T18:09:22+00:00","mainEntityOfPage":{"@id":"https:\/\/www.aymericvincent.fr\/?p=5089"},"wordCount":748,"commentCount":0,"publisher":{"@id":"https:\/\/www.aymericvincent.fr\/#\/schema\/person\/7eae4d27b09369dbd5d9d7c7b16d4643"},"keywords":["Aymeric Vincent","carri\u00e8re","editis","\u00e9volution","interne","les \u00e9chos","mobilit\u00e9","sogedif"],"articleSection":["Fid\u00e9liser","Manager"],"inLanguage":"fr-FR","potentialAction":[{"@type":"CommentAction","name":"Comment","target":["https:\/\/www.aymericvincent.fr\/?p=5089#respond"]}]},{"@type":"WebPage","@id":"https:\/\/www.aymericvincent.fr\/?p=5089","url":"https:\/\/www.aymericvincent.fr\/?p=5089","name":"La mobilit\u00e9 interne, un outil au service de tous | Aymeric Vincent","isPartOf":{"@id":"https:\/\/www.aymericvincent.fr\/#website"},"datePublished":"2013-06-22T18:09:22+00:00","breadcrumb":{"@id":"https:\/\/www.aymericvincent.fr\/?p=5089#breadcrumb"},"inLanguage":"fr-FR","potentialAction":[{"@type":"ReadAction","target":["https:\/\/www.aymericvincent.fr\/?p=5089"]}]},{"@type":"BreadcrumbList","@id":"https:\/\/www.aymericvincent.fr\/?p=5089#breadcrumb","itemListElement":[{"@type":"ListItem","position":1,"name":"Accueil","item":"https:\/\/www.aymericvincent.fr\/"},{"@type":"ListItem","position":2,"name":"La mobilit\u00e9 interne, un outil au service de tous"}]},{"@type":"WebSite","@id":"https:\/\/www.aymericvincent.fr\/#website","url":"https:\/\/www.aymericvincent.fr\/","name":"Aymeric Vincent","description":"Le blog de Aymeric Vincent - Management, RH et Responsabilit\u00e9 Soci\u00e9tale","publisher":{"@id":"https:\/\/www.aymericvincent.fr\/#\/schema\/person\/7eae4d27b09369dbd5d9d7c7b16d4643"},"potentialAction":[{"@type":"SearchAction","target":{"@type":"EntryPoint","urlTemplate":"https:\/\/www.aymericvincent.fr\/?s={search_term_string}"},"query-input":{"@type":"PropertyValueSpecification","valueRequired":true,"valueName":"search_term_string"}}],"inLanguage":"fr-FR"},{"@type":["Person","Organization"],"@id":"https:\/\/www.aymericvincent.fr\/#\/schema\/person\/7eae4d27b09369dbd5d9d7c7b16d4643","name":"Aymeric Vincent","image":{"@type":"ImageObject","inLanguage":"fr-FR","@id":"https:\/\/www.aymericvincent.fr\/wp-content\/uploads\/2019\/11\/aymeric_vincent-1024x683.jpg","url":"https:\/\/www.aymericvincent.fr\/wp-content\/uploads\/2019\/11\/aymeric_vincent-1024x683.jpg","contentUrl":"https:\/\/www.aymericvincent.fr\/wp-content\/uploads\/2019\/11\/aymeric_vincent-1024x683.jpg","width":1024,"height":683,"caption":"Aymeric Vincent"},"logo":{"@id":"https:\/\/www.aymericvincent.fr\/wp-content\/uploads\/2019\/11\/aymeric_vincent-1024x683.jpg"},"description":"Directeur des Ressources Humaines adjoint dans l'univers de l'\u00e9dition","sameAs":["https:\/\/www.aymericvincent.fr"],"url":"https:\/\/www.aymericvincent.fr\/?author=1"}]}},"_links":{"self":[{"href":"https:\/\/www.aymericvincent.fr\/index.php?rest_route=\/wp\/v2\/posts\/5089","targetHints":{"allow":["GET"]}}],"collection":[{"href":"https:\/\/www.aymericvincent.fr\/index.php?rest_route=\/wp\/v2\/posts"}],"about":[{"href":"https:\/\/www.aymericvincent.fr\/index.php?rest_route=\/wp\/v2\/types\/post"}],"author":[{"embeddable":true,"href":"https:\/\/www.aymericvincent.fr\/index.php?rest_route=\/wp\/v2\/users\/1"}],"replies":[{"embeddable":true,"href":"https:\/\/www.aymericvincent.fr\/index.php?rest_route=%2Fwp%2Fv2%2Fcomments&post=5089"}],"version-history":[{"count":1,"href":"https:\/\/www.aymericvincent.fr\/index.php?rest_route=\/wp\/v2\/posts\/5089\/revisions"}],"predecessor-version":[{"id":5090,"href":"https:\/\/www.aymericvincent.fr\/index.php?rest_route=\/wp\/v2\/posts\/5089\/revisions\/5090"}],"wp:attachment":[{"href":"https:\/\/www.aymericvincent.fr\/index.php?rest_route=%2Fwp%2Fv2%2Fmedia&parent=5089"}],"wp:term":[{"taxonomy":"category","embeddable":true,"href":"https:\/\/www.aymericvincent.fr\/index.php?rest_route=%2Fwp%2Fv2%2Fcategories&post=5089"},{"taxonomy":"post_tag","embeddable":true,"href":"https:\/\/www.aymericvincent.fr\/index.php?rest_route=%2Fwp%2Fv2%2Ftags&post=5089"}],"curies":[{"name":"wp","href":"https:\/\/api.w.org\/{rel}","templated":true}]}}