{"id":4607,"date":"2013-02-06T20:20:26","date_gmt":"2013-02-06T19:20:26","guid":{"rendered":"http:\/\/www.aymericvincent.fr\/?p=4607"},"modified":"2014-06-18T07:33:32","modified_gmt":"2014-06-18T05:33:32","slug":"i-love-my-drh-2","status":"publish","type":"post","link":"https:\/\/www.aymericvincent.fr\/?p=4607","title":{"rendered":"I love my DRH"},"content":{"rendered":"<p><a href=\"http:\/\/www.aymericvincent.fr\/wp-content\/uploads\/2013\/02\/i_love_drh.jpg\"><img loading=\"lazy\" decoding=\"async\" class=\"alignleft size-medium wp-image-6329\" src=\"http:\/\/www.aymericvincent.fr\/wp-content\/uploads\/2013\/02\/i_love_drh-300x300.jpg\" alt=\"i_love_drh\" width=\"300\" height=\"300\" srcset=\"https:\/\/www.aymericvincent.fr\/wp-content\/uploads\/2013\/02\/i_love_drh-300x300.jpg 300w, https:\/\/www.aymericvincent.fr\/wp-content\/uploads\/2013\/02\/i_love_drh-150x150.jpg 150w, https:\/\/www.aymericvincent.fr\/wp-content\/uploads\/2013\/02\/i_love_drh-800x800.jpg 800w, https:\/\/www.aymericvincent.fr\/wp-content\/uploads\/2013\/02\/i_love_drh-125x125.jpg 125w, https:\/\/www.aymericvincent.fr\/wp-content\/uploads\/2013\/02\/i_love_drh.jpg 1224w\" sizes=\"auto, (max-width: 300px) 100vw, 300px\" \/><\/a>La fonction des ressources humaines est encore mal connue \u00e0 la fois par les salari\u00e9s et par le grand public. Elle est trop souvent assimil\u00e9e \u00e0 une fonction de tout pouvoir, celle qui d\u00e9cide du devenir du salari\u00e9 : son recrutement, son \u00e9volution et son d\u00e9part ! Elle est \u00e9galement, parfois, synonyme pour certains de vieilles id\u00e9es, voire uniquement de contraintes.<\/p>\n<p>\u00c9videmment la r\u00e9alit\u00e9 est \u00e9loign\u00e9e de ce tout pouvoir et de ce c\u00f4t\u00e9 d\u00e9suet et oblig\u00e9. Il est difficile aujourd\u2019hui de dessiner d\u2019un seul trait toute la fonction des ressources humaines tant en raison de la vari\u00e9t\u00e9 de ses t\u00e2ches que de ses modes d\u2019expression.<\/p>\n<p>Oui, il existe encore des directions des ressources humaines autoritaires, isol\u00e9es et vieillottes ! Oui, il existe encore des acteurs de la fonction RH aux conceptions ancr\u00e9es dans une th\u00e9orie exprim\u00e9e au moment de sa cr\u00e9ation !<\/p>\n<p>Mais le futur de cette fonction ne se trouve \u00e9videmment pas l\u00e0. Mais le pr\u00e9sent de beaucoup d\u2019acteurs de cette fonction ne se trouve \u00e9videmment pas l\u00e0. Les ressources humaines sont incontournables dans l\u2019entreprise \u00e0 la fois aupr\u00e8s des directions g\u00e9n\u00e9rales, \u00e0 commencer aupr\u00e8s de la premi\u00e8re d\u2019entre elles le PDG, \u00e0 la fois aupr\u00e8s de l\u2019activit\u00e9 \u00e9conomique, \u00e0 la fois aupr\u00e8s des partenaires sociaux et enfin, et surtout, aupr\u00e8s des salari\u00e9s.<\/p>\n<p>Aupr\u00e8s des directions g\u00e9n\u00e9rales et du PDG, les DRH sont des \u00e9claireurs, un regard diff\u00e9rent, un regard humaniste sur les questionnements quotidiens de l\u2019entreprise. \u00c0 travers leur expertise des relations humaines, ils construisent la valeur de l\u2019entreprise en se basant sur sa force premi\u00e8re.<\/p>\n<p>Aupr\u00e8s de l\u2019activit\u00e9 \u00e9conomique, les DRH sont des moteurs soulignant, notamment, l\u2019importance de la responsabilit\u00e9 soci\u00e9tale et sociale de l\u2019entreprise pour gagner des march\u00e9s, pour d\u00e9velopper le chiffre d\u2019affaires, pour prolonger le geste d\u2019achat en un geste d\u2019adh\u00e9sion.<\/p>\n<p>Aupr\u00e8s des partenaires sociaux, les DRH sont des constructeurs de projets d\u2019entreprise et initiateurs de r\u00e9alisations devenues, pour plusieurs d\u2019entre elles, obligations l\u00e9gales. Aupr\u00e8s des salari\u00e9s \u2013 et en tout premier lieu \u2013, les DRH sont \u00e0 la fois des guides dans leurs carri\u00e8res, des r\u00e9v\u00e9lateurs de talents, mais \u00e9galement des passeurs de savoir et stimulateurs de reconnaissance. C\u2019est aupr\u00e8s d\u2019eux que les DRH trouvent leur cr\u00e9dibilit\u00e9 et voient leur travail reconnu au quotidien.<\/p>\n<p>\u00c9videmment, les RH ne peuvent pas, \u00e0 elles seules, contribuer au bonheur des salari\u00e9s, mais c\u2019est un maillon essentiel de la chaine, celui qui fait battre le c\u0153ur de l\u2019entreprise. Bref, la fonction RH est loin d\u2019\u00eatre celle qui est caricatur\u00e9e ici ou l\u00e0. Aux RH de poursuivre leurs efforts de transformation, d\u2019explication pour donner \u00e0 tous le vrai visage de son exercice.<\/p>\n<p><a href=\"http:\/\/lecercle.lesechos.fr\/entreprises-marches\/management\/rh\/221162892\/i-love-my-drh\" target=\"_blank\">Article publi\u00e9 sur le site des Echos<\/a><\/p>\n","protected":false},"excerpt":{"rendered":"<p>La fonction des ressources humaines est encore mal connue \u00e0 la fois par les salari\u00e9s et par le grand public. Elle est trop souvent assimil\u00e9e \u00e0 une fonction de tout pouvoir, celle qui d\u00e9cide du devenir du salari\u00e9 : son recrutement, son \u00e9volution et son d\u00e9part ! Elle est \u00e9galement, parfois, synonyme pour certains de [&hellip;]<\/p>\n","protected":false},"author":1,"featured_media":0,"comment_status":"open","ping_status":"open","sticky":false,"template":"","format":"standard","meta":{"_monsterinsights_skip_tracking":false,"_monsterinsights_sitenote_active":false,"_monsterinsights_sitenote_note":"","_monsterinsights_sitenote_category":0,"footnotes":""},"categories":[2778],"tags":[151,552,1190],"class_list":["post-4607","post","type-post","status-publish","format-standard","hentry","category-au-fil-des-mots","tag-aymeric-vincent","tag-drh","tag-metier"],"yoast_head":"<!-- This site is optimized with the Yoast SEO plugin v27.5 - https:\/\/yoast.com\/product\/yoast-seo-wordpress\/ -->\n<title>I love my DRH | Aymeric Vincent<\/title>\n<meta name=\"robots\" content=\"index, follow, max-snippet:-1, max-image-preview:large, max-video-preview:-1\" \/>\n<link rel=\"canonical\" href=\"https:\/\/www.aymericvincent.fr\/?p=4607\" \/>\n<meta property=\"og:locale\" content=\"fr_FR\" \/>\n<meta property=\"og:type\" content=\"article\" \/>\n<meta property=\"og:title\" content=\"I love my DRH | Aymeric Vincent\" \/>\n<meta property=\"og:description\" content=\"La fonction des ressources humaines est encore mal connue \u00e0 la fois par les salari\u00e9s et par le grand public. Elle est trop souvent assimil\u00e9e \u00e0 une fonction de tout pouvoir, celle qui d\u00e9cide du devenir du salari\u00e9 : son recrutement, son \u00e9volution et son d\u00e9part ! Elle est \u00e9galement, parfois, synonyme pour certains de [&hellip;]\" \/>\n<meta property=\"og:url\" content=\"https:\/\/www.aymericvincent.fr\/?p=4607\" \/>\n<meta property=\"og:site_name\" content=\"Aymeric Vincent\" \/>\n<meta property=\"article:published_time\" content=\"2013-02-06T19:20:26+00:00\" \/>\n<meta property=\"article:modified_time\" content=\"2014-06-18T05:33:32+00:00\" \/>\n<meta property=\"og:image\" content=\"http:\/\/www.aymericvincent.fr\/wp-content\/uploads\/2013\/02\/i_love_drh-300x300.jpg\" \/>\n<meta name=\"author\" content=\"Aymeric Vincent\" \/>\n<meta name=\"twitter:card\" content=\"summary_large_image\" \/>\n<meta name=\"twitter:creator\" content=\"@aymericvincent\" \/>\n<meta name=\"twitter:site\" content=\"@aymericvincent\" \/>\n<meta name=\"twitter:label1\" content=\"\u00c9crit par\" \/>\n\t<meta name=\"twitter:data1\" content=\"Aymeric Vincent\" \/>\n\t<meta name=\"twitter:label2\" content=\"Dur\u00e9e de lecture estim\u00e9e\" \/>\n\t<meta name=\"twitter:data2\" content=\"2 minutes\" \/>\n<script type=\"application\/ld+json\" class=\"yoast-schema-graph\">{\"@context\":\"https:\\\/\\\/schema.org\",\"@graph\":[{\"@type\":\"Article\",\"@id\":\"https:\\\/\\\/www.aymericvincent.fr\\\/?p=4607#article\",\"isPartOf\":{\"@id\":\"https:\\\/\\\/www.aymericvincent.fr\\\/?p=4607\"},\"author\":{\"name\":\"Aymeric Vincent\",\"@id\":\"https:\\\/\\\/www.aymericvincent.fr\\\/#\\\/schema\\\/person\\\/7eae4d27b09369dbd5d9d7c7b16d4643\"},\"headline\":\"I love my DRH\",\"datePublished\":\"2013-02-06T19:20:26+00:00\",\"dateModified\":\"2014-06-18T05:33:32+00:00\",\"mainEntityOfPage\":{\"@id\":\"https:\\\/\\\/www.aymericvincent.fr\\\/?p=4607\"},\"wordCount\":501,\"commentCount\":0,\"publisher\":{\"@id\":\"https:\\\/\\\/www.aymericvincent.fr\\\/#\\\/schema\\\/person\\\/7eae4d27b09369dbd5d9d7c7b16d4643\"},\"image\":{\"@id\":\"https:\\\/\\\/www.aymericvincent.fr\\\/?p=4607#primaryimage\"},\"thumbnailUrl\":\"http:\\\/\\\/www.aymericvincent.fr\\\/wp-content\\\/uploads\\\/2013\\\/02\\\/i_love_drh-300x300.jpg\",\"keywords\":[\"Aymeric Vincent\",\"drh\",\"m\u00e9tier\"],\"articleSection\":[\"Au fil des mots...\"],\"inLanguage\":\"fr-FR\",\"potentialAction\":[{\"@type\":\"CommentAction\",\"name\":\"Comment\",\"target\":[\"https:\\\/\\\/www.aymericvincent.fr\\\/?p=4607#respond\"]}]},{\"@type\":\"WebPage\",\"@id\":\"https:\\\/\\\/www.aymericvincent.fr\\\/?p=4607\",\"url\":\"https:\\\/\\\/www.aymericvincent.fr\\\/?p=4607\",\"name\":\"I love my DRH | Aymeric Vincent\",\"isPartOf\":{\"@id\":\"https:\\\/\\\/www.aymericvincent.fr\\\/#website\"},\"primaryImageOfPage\":{\"@id\":\"https:\\\/\\\/www.aymericvincent.fr\\\/?p=4607#primaryimage\"},\"image\":{\"@id\":\"https:\\\/\\\/www.aymericvincent.fr\\\/?p=4607#primaryimage\"},\"thumbnailUrl\":\"http:\\\/\\\/www.aymericvincent.fr\\\/wp-content\\\/uploads\\\/2013\\\/02\\\/i_love_drh-300x300.jpg\",\"datePublished\":\"2013-02-06T19:20:26+00:00\",\"dateModified\":\"2014-06-18T05:33:32+00:00\",\"breadcrumb\":{\"@id\":\"https:\\\/\\\/www.aymericvincent.fr\\\/?p=4607#breadcrumb\"},\"inLanguage\":\"fr-FR\",\"potentialAction\":[{\"@type\":\"ReadAction\",\"target\":[\"https:\\\/\\\/www.aymericvincent.fr\\\/?p=4607\"]}]},{\"@type\":\"ImageObject\",\"inLanguage\":\"fr-FR\",\"@id\":\"https:\\\/\\\/www.aymericvincent.fr\\\/?p=4607#primaryimage\",\"url\":\"https:\\\/\\\/www.aymericvincent.fr\\\/wp-content\\\/uploads\\\/2013\\\/02\\\/i_love_drh.jpg\",\"contentUrl\":\"https:\\\/\\\/www.aymericvincent.fr\\\/wp-content\\\/uploads\\\/2013\\\/02\\\/i_love_drh.jpg\",\"width\":1224,\"height\":1224},{\"@type\":\"BreadcrumbList\",\"@id\":\"https:\\\/\\\/www.aymericvincent.fr\\\/?p=4607#breadcrumb\",\"itemListElement\":[{\"@type\":\"ListItem\",\"position\":1,\"name\":\"Accueil\",\"item\":\"https:\\\/\\\/www.aymericvincent.fr\\\/\"},{\"@type\":\"ListItem\",\"position\":2,\"name\":\"I love my DRH\"}]},{\"@type\":\"WebSite\",\"@id\":\"https:\\\/\\\/www.aymericvincent.fr\\\/#website\",\"url\":\"https:\\\/\\\/www.aymericvincent.fr\\\/\",\"name\":\"Aymeric Vincent\",\"description\":\"Le blog de Aymeric Vincent - Management, RH et Responsabilit\u00e9 Soci\u00e9tale\",\"publisher\":{\"@id\":\"https:\\\/\\\/www.aymericvincent.fr\\\/#\\\/schema\\\/person\\\/7eae4d27b09369dbd5d9d7c7b16d4643\"},\"potentialAction\":[{\"@type\":\"SearchAction\",\"target\":{\"@type\":\"EntryPoint\",\"urlTemplate\":\"https:\\\/\\\/www.aymericvincent.fr\\\/?s={search_term_string}\"},\"query-input\":{\"@type\":\"PropertyValueSpecification\",\"valueRequired\":true,\"valueName\":\"search_term_string\"}}],\"inLanguage\":\"fr-FR\"},{\"@type\":[\"Person\",\"Organization\"],\"@id\":\"https:\\\/\\\/www.aymericvincent.fr\\\/#\\\/schema\\\/person\\\/7eae4d27b09369dbd5d9d7c7b16d4643\",\"name\":\"Aymeric Vincent\",\"image\":{\"@type\":\"ImageObject\",\"inLanguage\":\"fr-FR\",\"@id\":\"https:\\\/\\\/www.aymericvincent.fr\\\/wp-content\\\/uploads\\\/2019\\\/11\\\/aymeric_vincent-1024x683.jpg\",\"url\":\"https:\\\/\\\/www.aymericvincent.fr\\\/wp-content\\\/uploads\\\/2019\\\/11\\\/aymeric_vincent-1024x683.jpg\",\"contentUrl\":\"https:\\\/\\\/www.aymericvincent.fr\\\/wp-content\\\/uploads\\\/2019\\\/11\\\/aymeric_vincent-1024x683.jpg\",\"width\":1024,\"height\":683,\"caption\":\"Aymeric Vincent\"},\"logo\":{\"@id\":\"https:\\\/\\\/www.aymericvincent.fr\\\/wp-content\\\/uploads\\\/2019\\\/11\\\/aymeric_vincent-1024x683.jpg\"},\"description\":\"Directeur des Ressources Humaines adjoint dans l'univers de l'\u00e9dition\",\"sameAs\":[\"https:\\\/\\\/www.aymericvincent.fr\"],\"url\":\"https:\\\/\\\/www.aymericvincent.fr\\\/?author=1\"}]}<\/script>\n<!-- \/ Yoast SEO plugin. -->","yoast_head_json":{"title":"I love my DRH | Aymeric Vincent","robots":{"index":"index","follow":"follow","max-snippet":"max-snippet:-1","max-image-preview":"max-image-preview:large","max-video-preview":"max-video-preview:-1"},"canonical":"https:\/\/www.aymericvincent.fr\/?p=4607","og_locale":"fr_FR","og_type":"article","og_title":"I love my DRH | Aymeric Vincent","og_description":"La fonction des ressources humaines est encore mal connue \u00e0 la fois par les salari\u00e9s et par le grand public. Elle est trop souvent assimil\u00e9e \u00e0 une fonction de tout pouvoir, celle qui d\u00e9cide du devenir du salari\u00e9 : son recrutement, son \u00e9volution et son d\u00e9part ! Elle est \u00e9galement, parfois, synonyme pour certains de [&hellip;]","og_url":"https:\/\/www.aymericvincent.fr\/?p=4607","og_site_name":"Aymeric Vincent","article_published_time":"2013-02-06T19:20:26+00:00","article_modified_time":"2014-06-18T05:33:32+00:00","og_image":[{"url":"http:\/\/www.aymericvincent.fr\/wp-content\/uploads\/2013\/02\/i_love_drh-300x300.jpg","type":"","width":"","height":""}],"author":"Aymeric Vincent","twitter_card":"summary_large_image","twitter_creator":"@aymericvincent","twitter_site":"@aymericvincent","twitter_misc":{"\u00c9crit par":"Aymeric Vincent","Dur\u00e9e de lecture estim\u00e9e":"2 minutes"},"schema":{"@context":"https:\/\/schema.org","@graph":[{"@type":"Article","@id":"https:\/\/www.aymericvincent.fr\/?p=4607#article","isPartOf":{"@id":"https:\/\/www.aymericvincent.fr\/?p=4607"},"author":{"name":"Aymeric Vincent","@id":"https:\/\/www.aymericvincent.fr\/#\/schema\/person\/7eae4d27b09369dbd5d9d7c7b16d4643"},"headline":"I love my DRH","datePublished":"2013-02-06T19:20:26+00:00","dateModified":"2014-06-18T05:33:32+00:00","mainEntityOfPage":{"@id":"https:\/\/www.aymericvincent.fr\/?p=4607"},"wordCount":501,"commentCount":0,"publisher":{"@id":"https:\/\/www.aymericvincent.fr\/#\/schema\/person\/7eae4d27b09369dbd5d9d7c7b16d4643"},"image":{"@id":"https:\/\/www.aymericvincent.fr\/?p=4607#primaryimage"},"thumbnailUrl":"http:\/\/www.aymericvincent.fr\/wp-content\/uploads\/2013\/02\/i_love_drh-300x300.jpg","keywords":["Aymeric Vincent","drh","m\u00e9tier"],"articleSection":["Au fil des mots..."],"inLanguage":"fr-FR","potentialAction":[{"@type":"CommentAction","name":"Comment","target":["https:\/\/www.aymericvincent.fr\/?p=4607#respond"]}]},{"@type":"WebPage","@id":"https:\/\/www.aymericvincent.fr\/?p=4607","url":"https:\/\/www.aymericvincent.fr\/?p=4607","name":"I love my DRH | Aymeric Vincent","isPartOf":{"@id":"https:\/\/www.aymericvincent.fr\/#website"},"primaryImageOfPage":{"@id":"https:\/\/www.aymericvincent.fr\/?p=4607#primaryimage"},"image":{"@id":"https:\/\/www.aymericvincent.fr\/?p=4607#primaryimage"},"thumbnailUrl":"http:\/\/www.aymericvincent.fr\/wp-content\/uploads\/2013\/02\/i_love_drh-300x300.jpg","datePublished":"2013-02-06T19:20:26+00:00","dateModified":"2014-06-18T05:33:32+00:00","breadcrumb":{"@id":"https:\/\/www.aymericvincent.fr\/?p=4607#breadcrumb"},"inLanguage":"fr-FR","potentialAction":[{"@type":"ReadAction","target":["https:\/\/www.aymericvincent.fr\/?p=4607"]}]},{"@type":"ImageObject","inLanguage":"fr-FR","@id":"https:\/\/www.aymericvincent.fr\/?p=4607#primaryimage","url":"https:\/\/www.aymericvincent.fr\/wp-content\/uploads\/2013\/02\/i_love_drh.jpg","contentUrl":"https:\/\/www.aymericvincent.fr\/wp-content\/uploads\/2013\/02\/i_love_drh.jpg","width":1224,"height":1224},{"@type":"BreadcrumbList","@id":"https:\/\/www.aymericvincent.fr\/?p=4607#breadcrumb","itemListElement":[{"@type":"ListItem","position":1,"name":"Accueil","item":"https:\/\/www.aymericvincent.fr\/"},{"@type":"ListItem","position":2,"name":"I love my DRH"}]},{"@type":"WebSite","@id":"https:\/\/www.aymericvincent.fr\/#website","url":"https:\/\/www.aymericvincent.fr\/","name":"Aymeric Vincent","description":"Le blog de Aymeric Vincent - Management, RH et Responsabilit\u00e9 Soci\u00e9tale","publisher":{"@id":"https:\/\/www.aymericvincent.fr\/#\/schema\/person\/7eae4d27b09369dbd5d9d7c7b16d4643"},"potentialAction":[{"@type":"SearchAction","target":{"@type":"EntryPoint","urlTemplate":"https:\/\/www.aymericvincent.fr\/?s={search_term_string}"},"query-input":{"@type":"PropertyValueSpecification","valueRequired":true,"valueName":"search_term_string"}}],"inLanguage":"fr-FR"},{"@type":["Person","Organization"],"@id":"https:\/\/www.aymericvincent.fr\/#\/schema\/person\/7eae4d27b09369dbd5d9d7c7b16d4643","name":"Aymeric Vincent","image":{"@type":"ImageObject","inLanguage":"fr-FR","@id":"https:\/\/www.aymericvincent.fr\/wp-content\/uploads\/2019\/11\/aymeric_vincent-1024x683.jpg","url":"https:\/\/www.aymericvincent.fr\/wp-content\/uploads\/2019\/11\/aymeric_vincent-1024x683.jpg","contentUrl":"https:\/\/www.aymericvincent.fr\/wp-content\/uploads\/2019\/11\/aymeric_vincent-1024x683.jpg","width":1024,"height":683,"caption":"Aymeric Vincent"},"logo":{"@id":"https:\/\/www.aymericvincent.fr\/wp-content\/uploads\/2019\/11\/aymeric_vincent-1024x683.jpg"},"description":"Directeur des Ressources Humaines adjoint dans l'univers de l'\u00e9dition","sameAs":["https:\/\/www.aymericvincent.fr"],"url":"https:\/\/www.aymericvincent.fr\/?author=1"}]}},"_links":{"self":[{"href":"https:\/\/www.aymericvincent.fr\/index.php?rest_route=\/wp\/v2\/posts\/4607","targetHints":{"allow":["GET"]}}],"collection":[{"href":"https:\/\/www.aymericvincent.fr\/index.php?rest_route=\/wp\/v2\/posts"}],"about":[{"href":"https:\/\/www.aymericvincent.fr\/index.php?rest_route=\/wp\/v2\/types\/post"}],"author":[{"embeddable":true,"href":"https:\/\/www.aymericvincent.fr\/index.php?rest_route=\/wp\/v2\/users\/1"}],"replies":[{"embeddable":true,"href":"https:\/\/www.aymericvincent.fr\/index.php?rest_route=%2Fwp%2Fv2%2Fcomments&post=4607"}],"version-history":[{"count":3,"href":"https:\/\/www.aymericvincent.fr\/index.php?rest_route=\/wp\/v2\/posts\/4607\/revisions"}],"predecessor-version":[{"id":6331,"href":"https:\/\/www.aymericvincent.fr\/index.php?rest_route=\/wp\/v2\/posts\/4607\/revisions\/6331"}],"wp:attachment":[{"href":"https:\/\/www.aymericvincent.fr\/index.php?rest_route=%2Fwp%2Fv2%2Fmedia&parent=4607"}],"wp:term":[{"taxonomy":"category","embeddable":true,"href":"https:\/\/www.aymericvincent.fr\/index.php?rest_route=%2Fwp%2Fv2%2Fcategories&post=4607"},{"taxonomy":"post_tag","embeddable":true,"href":"https:\/\/www.aymericvincent.fr\/index.php?rest_route=%2Fwp%2Fv2%2Ftags&post=4607"}],"curies":[{"name":"wp","href":"https:\/\/api.w.org\/{rel}","templated":true}]}}