{"id":4602,"date":"2012-04-17T18:38:58","date_gmt":"2012-04-17T17:38:58","guid":{"rendered":"http:\/\/www.aymericvincent.fr\/?p=4602"},"modified":"2013-01-13T18:41:41","modified_gmt":"2013-01-13T17:41:41","slug":"de-lethique-du-recruteur","status":"publish","type":"post","link":"https:\/\/www.aymericvincent.fr\/?p=4602","title":{"rendered":"De l&rsquo;\u00e9thique du recruteur"},"content":{"rendered":"<p>Avec la facilit\u00e9 d\u2019acc\u00e8s donn\u00e9e par les r\u00e9seaux sociaux aux multiples profils des personnes, donc des candidats, se pose \u00e0 nouveau la question de l\u2019\u00e9thique du recruteur.<\/p>\n<p><strong>Moi qui ai acc\u00e8s \u00e0 de nombreuses donn\u00e9es concernant le candidat, que dois-je en faire ?<\/strong><\/p>\n<p>Ces \u00e9l\u00e9ments port\u00e9s \u00e0 ma connaissance doivent-ils influencer mon choix final de recruteur ? Est-il possible de s\u2019extraire de ce magma multiforme d\u2019\u00e9l\u00e9ments dessinant les contours d\u2019un personnage ? Puis-je faire semblant de ne pas les avoir vus, lus ?<\/p>\n<p>Bien au-del\u00e0 de la pol\u00e9mique \u2013 mais est-elle r\u00e9elle ou juste vecteur d\u2019une posture \u00ab\u00a0morale\u00a0\u00bb facile \u00e0 rev\u00eatir \u2013 de savoir si le recruteur doit avoir acc\u00e8s, ou pas, aux r\u00e9seaux sociaux qualifi\u00e9s rapidement de non professionnels (Facebook en premier lieu, mais ceux qui vont suivre \u00e9galement), la vraie question n\u2019est-elle pas une \u00e9ducation \u00e0 son utilisation ?<\/p>\n<p><strong>Quelle diff\u00e9rence finalement y a-t-il entre les \u00ab\u00a0centres d\u2019int\u00e9r\u00eat\u00a0\u00bb, \u00ab\u00a0hobbies\u00a0\u00bb ou autres intitul\u00e9s r\u00e9serv\u00e9s \u00e0 la derni\u00e8re rubrique du CV dit traditionnel et les informations transmises par le net ?<\/strong><\/p>\n<p>Le temps n\u2019est pas si \u00e9loign\u00e9 o\u00f9 le recruteur n\u2019avait acc\u00e8s \u00e0 ces informations, peut-\u00eatre plus personnelles, qu\u2019\u00e0 travers son CV. Que signifiait alors pour lui un candidat qui mentionnait \u00ab\u00a0piscine, cin\u00e9ma et lecture\u00a0\u00bb ? Cela faisait-il de lui quelqu\u2019un de solitaire, mais d\u2019endurant, qualit\u00e9 ou d\u00e9faut suppos\u00e9 de l\u2019amoureux de la natation ? La lecture lui donnait-elle une coloration plus \u00ab\u00a0intellectuelle\u00a0\u00bb que celui qui ne mentionnait pas cette activit\u00e9 ? Et que dire alors de celui qui pratique le piano depuis sa tendre enfance ? Enfant brim\u00e9, enfant favoris\u00e9 ou amoureux d\u2019une musique \u2013 classique \u2013 r\u00e9serv\u00e9e selon certains aux seuls adultes.<\/p>\n<p>Non, l\u2019acc\u00e8s \u00e0 ces donn\u00e9es \u00e0 travers les r\u00e9seaux sociaux ne change pas la question. Peut-\u00eatre en avons-nous plus, certainement plus illustr\u00e9es \u00e0 travers des photos ou des films. Mais cela doit-il faire \u00e9voluer notre comportement vis-\u00e0-vis de ces pratiques ? \u00c9videmment que non.<\/p>\n<p><strong>Quelle importance dois-je donner \u00e0 ces \u00e9l\u00e9ments communiqu\u00e9s par le candidat ?<\/strong><\/p>\n<p>La question pour le recruteur est toujours la m\u00eame : quelle importance dois-je donner \u00e0 ces \u00e9l\u00e9ments communiqu\u00e9s par le candidat dans le cadre de mon besoin de recrutement ? Est-ce que ces \u00ab\u00a0activit\u00e9s\u00a0\u00bb contribuent-elles \u00e0 la qualit\u00e9 professionnelle de mon candidat ou, au contraire, n\u2019apportent-elles rien \u00e0 celle-ci ?<\/p>\n<p>Mentionn\u00e9s sur papier \u00e0 travers le CV ou en digitale \u00e0 travers les r\u00e9seaux sociaux, les \u00ab\u00a0centres d\u2019int\u00e9r\u00eat\u00a0\u00bb doivent rester \u00e0 leur juste mesure pour le RH professionnel du recrutement.<\/p>\n<p><strong>Le d\u00e9fi pour les responsables des RH<\/strong><\/p>\n<p>Le vrai d\u00e9fi maintenant pour les responsables des Ressources humaines que nous sommes est de sensibiliser, encore et encore, tous les autres salari\u00e9s de l\u2019entreprise \u2013 moins habitu\u00e9s au recrutement que les RH \u2013 \u00e0 l\u2019utilisation de ces informations. C\u2019est, en effet, la premi\u00e8re fois qu\u2019ils ont acc\u00e8s, aussi massivement, \u00e0 des donn\u00e9es sur le candidat et aussi facilement, hors CV. Ils ont (presque) tous un compte Facebook, savent tous saisir un nom sur Google\u2026 qu&rsquo;ils soient PDG, DG, dans le marketing, la communication ou le commercial, cadres ou employ\u00e9s&#8230;<\/p>\n<p>C\u2019est un beau d\u00e9fi \u00e0 relever pour les RH du XXIe si\u00e8cle. Ils en ont les comp\u00e9tences, \u00e0 eux d\u2019en avoir la volont\u00e9.<\/p>\n<p><a href=\"http:\/\/lecercle.lesechos.fr\/entreprises-marches\/management\/rh\/221145787\/lethique-recruteur\" target=\"_blank\">Article publi\u00e9 sur le site des Echos.<\/a><\/p>\n","protected":false},"excerpt":{"rendered":"<p>Avec la facilit\u00e9 d\u2019acc\u00e8s donn\u00e9e par les r\u00e9seaux sociaux aux multiples profils des personnes, donc des candidats, se pose \u00e0 nouveau la question de l\u2019\u00e9thique du recruteur. Moi qui ai acc\u00e8s \u00e0 de nombreuses donn\u00e9es concernant le candidat, que dois-je en faire ? Ces \u00e9l\u00e9ments port\u00e9s \u00e0 ma connaissance doivent-ils influencer mon choix final de [&hellip;]<\/p>\n","protected":false},"author":1,"featured_media":0,"comment_status":"open","ping_status":"open","sticky":false,"template":"","format":"standard","meta":{"_monsterinsights_skip_tracking":false,"_monsterinsights_sitenote_active":false,"_monsterinsights_sitenote_note":"","_monsterinsights_sitenote_category":0,"footnotes":""},"categories":[2778],"tags":[151,552,621,685,1510,1519],"class_list":["post-4602","post","type-post","status-publish","format-standard","hentry","category-au-fil-des-mots","tag-aymeric-vincent","tag-drh","tag-emploi","tag-ethique","tag-recrutement","tag-recruteur"],"yoast_head":"<!-- This site is optimized with the Yoast SEO plugin v27.5 - https:\/\/yoast.com\/product\/yoast-seo-wordpress\/ -->\n<title>De l&#039;\u00e9thique du recruteur | Aymeric Vincent<\/title>\n<meta name=\"robots\" content=\"index, follow, max-snippet:-1, max-image-preview:large, max-video-preview:-1\" \/>\n<link rel=\"canonical\" href=\"https:\/\/www.aymericvincent.fr\/?p=4602\" \/>\n<meta property=\"og:locale\" content=\"fr_FR\" \/>\n<meta property=\"og:type\" content=\"article\" \/>\n<meta property=\"og:title\" content=\"De l&#039;\u00e9thique du recruteur | Aymeric Vincent\" \/>\n<meta property=\"og:description\" content=\"Avec la facilit\u00e9 d\u2019acc\u00e8s donn\u00e9e par les r\u00e9seaux sociaux aux multiples profils des personnes, donc des candidats, se pose \u00e0 nouveau la question de l\u2019\u00e9thique du recruteur. Moi qui ai acc\u00e8s \u00e0 de nombreuses donn\u00e9es concernant le candidat, que dois-je en faire ? Ces \u00e9l\u00e9ments port\u00e9s \u00e0 ma connaissance doivent-ils influencer mon choix final de [&hellip;]\" \/>\n<meta property=\"og:url\" content=\"https:\/\/www.aymericvincent.fr\/?p=4602\" \/>\n<meta property=\"og:site_name\" content=\"Aymeric Vincent\" \/>\n<meta property=\"article:published_time\" content=\"2012-04-17T17:38:58+00:00\" \/>\n<meta property=\"article:modified_time\" content=\"2013-01-13T17:41:41+00:00\" \/>\n<meta name=\"author\" content=\"Aymeric Vincent\" \/>\n<meta name=\"twitter:card\" content=\"summary_large_image\" \/>\n<meta name=\"twitter:creator\" content=\"@aymericvincent\" \/>\n<meta name=\"twitter:site\" content=\"@aymericvincent\" \/>\n<meta name=\"twitter:label1\" content=\"\u00c9crit par\" \/>\n\t<meta name=\"twitter:data1\" content=\"Aymeric Vincent\" \/>\n\t<meta name=\"twitter:label2\" content=\"Dur\u00e9e de lecture estim\u00e9e\" \/>\n\t<meta name=\"twitter:data2\" content=\"3 minutes\" \/>\n<script type=\"application\/ld+json\" class=\"yoast-schema-graph\">{\"@context\":\"https:\\\/\\\/schema.org\",\"@graph\":[{\"@type\":\"Article\",\"@id\":\"https:\\\/\\\/www.aymericvincent.fr\\\/?p=4602#article\",\"isPartOf\":{\"@id\":\"https:\\\/\\\/www.aymericvincent.fr\\\/?p=4602\"},\"author\":{\"name\":\"Aymeric Vincent\",\"@id\":\"https:\\\/\\\/www.aymericvincent.fr\\\/#\\\/schema\\\/person\\\/7eae4d27b09369dbd5d9d7c7b16d4643\"},\"headline\":\"De l&rsquo;\u00e9thique du recruteur\",\"datePublished\":\"2012-04-17T17:38:58+00:00\",\"dateModified\":\"2013-01-13T17:41:41+00:00\",\"mainEntityOfPage\":{\"@id\":\"https:\\\/\\\/www.aymericvincent.fr\\\/?p=4602\"},\"wordCount\":578,\"commentCount\":0,\"publisher\":{\"@id\":\"https:\\\/\\\/www.aymericvincent.fr\\\/#\\\/schema\\\/person\\\/7eae4d27b09369dbd5d9d7c7b16d4643\"},\"keywords\":[\"Aymeric Vincent\",\"drh\",\"emploi\",\"\u00e9thique\",\"recrutement\",\"recruteur\"],\"articleSection\":[\"Au fil des mots...\"],\"inLanguage\":\"fr-FR\",\"potentialAction\":[{\"@type\":\"CommentAction\",\"name\":\"Comment\",\"target\":[\"https:\\\/\\\/www.aymericvincent.fr\\\/?p=4602#respond\"]}]},{\"@type\":\"WebPage\",\"@id\":\"https:\\\/\\\/www.aymericvincent.fr\\\/?p=4602\",\"url\":\"https:\\\/\\\/www.aymericvincent.fr\\\/?p=4602\",\"name\":\"De l'\u00e9thique du recruteur | Aymeric Vincent\",\"isPartOf\":{\"@id\":\"https:\\\/\\\/www.aymericvincent.fr\\\/#website\"},\"datePublished\":\"2012-04-17T17:38:58+00:00\",\"dateModified\":\"2013-01-13T17:41:41+00:00\",\"breadcrumb\":{\"@id\":\"https:\\\/\\\/www.aymericvincent.fr\\\/?p=4602#breadcrumb\"},\"inLanguage\":\"fr-FR\",\"potentialAction\":[{\"@type\":\"ReadAction\",\"target\":[\"https:\\\/\\\/www.aymericvincent.fr\\\/?p=4602\"]}]},{\"@type\":\"BreadcrumbList\",\"@id\":\"https:\\\/\\\/www.aymericvincent.fr\\\/?p=4602#breadcrumb\",\"itemListElement\":[{\"@type\":\"ListItem\",\"position\":1,\"name\":\"Accueil\",\"item\":\"https:\\\/\\\/www.aymericvincent.fr\\\/\"},{\"@type\":\"ListItem\",\"position\":2,\"name\":\"De l&rsquo;\u00e9thique du recruteur\"}]},{\"@type\":\"WebSite\",\"@id\":\"https:\\\/\\\/www.aymericvincent.fr\\\/#website\",\"url\":\"https:\\\/\\\/www.aymericvincent.fr\\\/\",\"name\":\"Aymeric Vincent\",\"description\":\"Le blog de Aymeric Vincent - Management, RH et Responsabilit\u00e9 Soci\u00e9tale\",\"publisher\":{\"@id\":\"https:\\\/\\\/www.aymericvincent.fr\\\/#\\\/schema\\\/person\\\/7eae4d27b09369dbd5d9d7c7b16d4643\"},\"potentialAction\":[{\"@type\":\"SearchAction\",\"target\":{\"@type\":\"EntryPoint\",\"urlTemplate\":\"https:\\\/\\\/www.aymericvincent.fr\\\/?s={search_term_string}\"},\"query-input\":{\"@type\":\"PropertyValueSpecification\",\"valueRequired\":true,\"valueName\":\"search_term_string\"}}],\"inLanguage\":\"fr-FR\"},{\"@type\":[\"Person\",\"Organization\"],\"@id\":\"https:\\\/\\\/www.aymericvincent.fr\\\/#\\\/schema\\\/person\\\/7eae4d27b09369dbd5d9d7c7b16d4643\",\"name\":\"Aymeric Vincent\",\"image\":{\"@type\":\"ImageObject\",\"inLanguage\":\"fr-FR\",\"@id\":\"https:\\\/\\\/www.aymericvincent.fr\\\/wp-content\\\/uploads\\\/2019\\\/11\\\/aymeric_vincent-1024x683.jpg\",\"url\":\"https:\\\/\\\/www.aymericvincent.fr\\\/wp-content\\\/uploads\\\/2019\\\/11\\\/aymeric_vincent-1024x683.jpg\",\"contentUrl\":\"https:\\\/\\\/www.aymericvincent.fr\\\/wp-content\\\/uploads\\\/2019\\\/11\\\/aymeric_vincent-1024x683.jpg\",\"width\":1024,\"height\":683,\"caption\":\"Aymeric Vincent\"},\"logo\":{\"@id\":\"https:\\\/\\\/www.aymericvincent.fr\\\/wp-content\\\/uploads\\\/2019\\\/11\\\/aymeric_vincent-1024x683.jpg\"},\"description\":\"Directeur des Ressources Humaines adjoint dans l'univers de l'\u00e9dition\",\"sameAs\":[\"https:\\\/\\\/www.aymericvincent.fr\"],\"url\":\"https:\\\/\\\/www.aymericvincent.fr\\\/?author=1\"}]}<\/script>\n<!-- \/ Yoast SEO plugin. -->","yoast_head_json":{"title":"De l'\u00e9thique du recruteur | Aymeric Vincent","robots":{"index":"index","follow":"follow","max-snippet":"max-snippet:-1","max-image-preview":"max-image-preview:large","max-video-preview":"max-video-preview:-1"},"canonical":"https:\/\/www.aymericvincent.fr\/?p=4602","og_locale":"fr_FR","og_type":"article","og_title":"De l'\u00e9thique du recruteur | Aymeric Vincent","og_description":"Avec la facilit\u00e9 d\u2019acc\u00e8s donn\u00e9e par les r\u00e9seaux sociaux aux multiples profils des personnes, donc des candidats, se pose \u00e0 nouveau la question de l\u2019\u00e9thique du recruteur. Moi qui ai acc\u00e8s \u00e0 de nombreuses donn\u00e9es concernant le candidat, que dois-je en faire ? Ces \u00e9l\u00e9ments port\u00e9s \u00e0 ma connaissance doivent-ils influencer mon choix final de [&hellip;]","og_url":"https:\/\/www.aymericvincent.fr\/?p=4602","og_site_name":"Aymeric Vincent","article_published_time":"2012-04-17T17:38:58+00:00","article_modified_time":"2013-01-13T17:41:41+00:00","author":"Aymeric Vincent","twitter_card":"summary_large_image","twitter_creator":"@aymericvincent","twitter_site":"@aymericvincent","twitter_misc":{"\u00c9crit par":"Aymeric Vincent","Dur\u00e9e de lecture estim\u00e9e":"3 minutes"},"schema":{"@context":"https:\/\/schema.org","@graph":[{"@type":"Article","@id":"https:\/\/www.aymericvincent.fr\/?p=4602#article","isPartOf":{"@id":"https:\/\/www.aymericvincent.fr\/?p=4602"},"author":{"name":"Aymeric Vincent","@id":"https:\/\/www.aymericvincent.fr\/#\/schema\/person\/7eae4d27b09369dbd5d9d7c7b16d4643"},"headline":"De l&rsquo;\u00e9thique du recruteur","datePublished":"2012-04-17T17:38:58+00:00","dateModified":"2013-01-13T17:41:41+00:00","mainEntityOfPage":{"@id":"https:\/\/www.aymericvincent.fr\/?p=4602"},"wordCount":578,"commentCount":0,"publisher":{"@id":"https:\/\/www.aymericvincent.fr\/#\/schema\/person\/7eae4d27b09369dbd5d9d7c7b16d4643"},"keywords":["Aymeric Vincent","drh","emploi","\u00e9thique","recrutement","recruteur"],"articleSection":["Au fil des mots..."],"inLanguage":"fr-FR","potentialAction":[{"@type":"CommentAction","name":"Comment","target":["https:\/\/www.aymericvincent.fr\/?p=4602#respond"]}]},{"@type":"WebPage","@id":"https:\/\/www.aymericvincent.fr\/?p=4602","url":"https:\/\/www.aymericvincent.fr\/?p=4602","name":"De l'\u00e9thique du recruteur | Aymeric Vincent","isPartOf":{"@id":"https:\/\/www.aymericvincent.fr\/#website"},"datePublished":"2012-04-17T17:38:58+00:00","dateModified":"2013-01-13T17:41:41+00:00","breadcrumb":{"@id":"https:\/\/www.aymericvincent.fr\/?p=4602#breadcrumb"},"inLanguage":"fr-FR","potentialAction":[{"@type":"ReadAction","target":["https:\/\/www.aymericvincent.fr\/?p=4602"]}]},{"@type":"BreadcrumbList","@id":"https:\/\/www.aymericvincent.fr\/?p=4602#breadcrumb","itemListElement":[{"@type":"ListItem","position":1,"name":"Accueil","item":"https:\/\/www.aymericvincent.fr\/"},{"@type":"ListItem","position":2,"name":"De l&rsquo;\u00e9thique du recruteur"}]},{"@type":"WebSite","@id":"https:\/\/www.aymericvincent.fr\/#website","url":"https:\/\/www.aymericvincent.fr\/","name":"Aymeric Vincent","description":"Le blog de Aymeric Vincent - Management, RH et Responsabilit\u00e9 Soci\u00e9tale","publisher":{"@id":"https:\/\/www.aymericvincent.fr\/#\/schema\/person\/7eae4d27b09369dbd5d9d7c7b16d4643"},"potentialAction":[{"@type":"SearchAction","target":{"@type":"EntryPoint","urlTemplate":"https:\/\/www.aymericvincent.fr\/?s={search_term_string}"},"query-input":{"@type":"PropertyValueSpecification","valueRequired":true,"valueName":"search_term_string"}}],"inLanguage":"fr-FR"},{"@type":["Person","Organization"],"@id":"https:\/\/www.aymericvincent.fr\/#\/schema\/person\/7eae4d27b09369dbd5d9d7c7b16d4643","name":"Aymeric Vincent","image":{"@type":"ImageObject","inLanguage":"fr-FR","@id":"https:\/\/www.aymericvincent.fr\/wp-content\/uploads\/2019\/11\/aymeric_vincent-1024x683.jpg","url":"https:\/\/www.aymericvincent.fr\/wp-content\/uploads\/2019\/11\/aymeric_vincent-1024x683.jpg","contentUrl":"https:\/\/www.aymericvincent.fr\/wp-content\/uploads\/2019\/11\/aymeric_vincent-1024x683.jpg","width":1024,"height":683,"caption":"Aymeric Vincent"},"logo":{"@id":"https:\/\/www.aymericvincent.fr\/wp-content\/uploads\/2019\/11\/aymeric_vincent-1024x683.jpg"},"description":"Directeur des Ressources Humaines adjoint dans l'univers de l'\u00e9dition","sameAs":["https:\/\/www.aymericvincent.fr"],"url":"https:\/\/www.aymericvincent.fr\/?author=1"}]}},"_links":{"self":[{"href":"https:\/\/www.aymericvincent.fr\/index.php?rest_route=\/wp\/v2\/posts\/4602","targetHints":{"allow":["GET"]}}],"collection":[{"href":"https:\/\/www.aymericvincent.fr\/index.php?rest_route=\/wp\/v2\/posts"}],"about":[{"href":"https:\/\/www.aymericvincent.fr\/index.php?rest_route=\/wp\/v2\/types\/post"}],"author":[{"embeddable":true,"href":"https:\/\/www.aymericvincent.fr\/index.php?rest_route=\/wp\/v2\/users\/1"}],"replies":[{"embeddable":true,"href":"https:\/\/www.aymericvincent.fr\/index.php?rest_route=%2Fwp%2Fv2%2Fcomments&post=4602"}],"version-history":[{"count":1,"href":"https:\/\/www.aymericvincent.fr\/index.php?rest_route=\/wp\/v2\/posts\/4602\/revisions"}],"predecessor-version":[{"id":4603,"href":"https:\/\/www.aymericvincent.fr\/index.php?rest_route=\/wp\/v2\/posts\/4602\/revisions\/4603"}],"wp:attachment":[{"href":"https:\/\/www.aymericvincent.fr\/index.php?rest_route=%2Fwp%2Fv2%2Fmedia&parent=4602"}],"wp:term":[{"taxonomy":"category","embeddable":true,"href":"https:\/\/www.aymericvincent.fr\/index.php?rest_route=%2Fwp%2Fv2%2Fcategories&post=4602"},{"taxonomy":"post_tag","embeddable":true,"href":"https:\/\/www.aymericvincent.fr\/index.php?rest_route=%2Fwp%2Fv2%2Ftags&post=4602"}],"curies":[{"name":"wp","href":"https:\/\/api.w.org\/{rel}","templated":true}]}}