{"id":4600,"date":"2012-05-09T18:37:01","date_gmt":"2012-05-09T17:37:01","guid":{"rendered":"http:\/\/www.aymericvincent.fr\/?p=4600"},"modified":"2013-01-13T18:42:35","modified_gmt":"2013-01-13T17:42:35","slug":"le-printemps-du-numerique-ou-le-partage-des-savoirs","status":"publish","type":"post","link":"https:\/\/www.aymericvincent.fr\/?p=4600","title":{"rendered":"Le printemps du Num\u00e9rique ou le partage des savoirs"},"content":{"rendered":"<p>L\u2019\u00e9dition de livre conna\u00eet une \u00e9volution importante de son environnement \u00e9conomique, de ses parties prenantes, de ses m\u00e9tiers. L\u2019apparition depuis maintenant quelques temps du livre num\u00e9rique et des liseuses va-t-elle entrainer les maisons d\u2019\u00e9dition vers des horizons complexes et nouveaux? L\u2019\u00e9volution des modes de lecture et des habitudes culturelles va-t-elle red\u00e9finir le r\u00f4le de l\u2019Editeur ?<\/p>\n<p>Et si finalement la pr\u00e9sence du num\u00e9rique dans un univers jusqu\u2019\u00e0 pr\u00e9sent tourn\u00e9 vers le papier ne serait-elle pas une merveilleuse opportunit\u00e9 de poursuivre la transmission des savoirs, le partage des connaissances, l\u2019\u00e9closion de la cr\u00e9ativit\u00e9\u2026 voire de les d\u00e9velopper davantage ?<\/p>\n<p>Au c\u0153ur de toutes ces questions, les directions des ressources humaines se doivent, non seulement, d\u2019accompagner le changement mais de l\u2019anticiper afin de pr\u00e9parer au mieux les femmes et les hommes qui composent les entreprises.<\/p>\n<p>Au sein du p\u00f4le litt\u00e9rature de Editis, depuis maintenant trois ann\u00e9es, est mise en place, dans cette optique, une s\u00e9rie de conf\u00e9rences d\u00e9nomm\u00e9e le \u00ab Printemps du Num\u00e9rique \u00bb.<\/p>\n<p>Imagin\u00e9 en 2009 et lanc\u00e9 en 2010 pour sa premi\u00e8re \u00e9dition, il a, d\u00e8s le d\u00e9but, affich\u00e9 plusieurs objectifs qu\u2019il convient de rappeler.<\/p>\n<p>Tout d&rsquo;abord, il s\u2019agit de cr\u00e9er et d\u00e9velopper une culture num\u00e9rique commune \u00e0 l\u2019ensemble des salari\u00e9s. Que vous soyez au marketing ou au commercial, \u00e0 la comptabilit\u00e9 ou au juridique, directement au contact des auteurs ou plus \u00e9loign\u00e9\u2026 quel que soit votre m\u00e9tier, vous pouvez acqu\u00e9rir cette culture num\u00e9rique qui impr\u00e8gne votre entreprise, votre secteur d\u2019activit\u00e9.<\/p>\n<p>Le deuxi\u00e8me objectif est de permettre aux talents, aux experts du Groupe, de partager leurs savoirs, de transmettre leur expertise aupr\u00e8s d\u2019autres membres de la m\u00eame \u00e9quipe, entendue au sens large, du m\u00eame Groupe.<\/p>\n<p>Enfin, le troisi\u00e8me objectif, et non le moindre, est de permettre \u00e0 ces experts, fins connaisseurs de leur sp\u00e9cialit\u00e9, de devenir des porte-drapeaux, des ambassadeurs du Groupe.<\/p>\n<p>Ambassadeurs de la connaissance, porte-drapeaux du num\u00e9rique<\/p>\n<p>Ainsi, lors des deux premi\u00e8res saisons du \u00ab Printemps du Num\u00e9rique \u00bb, plus d\u2019une vingtaine de salari\u00e9s a rev\u00eatu ces habits d\u2019ambassadeurs de la connaissance, de porte-drapeau du num\u00e9rique. Plus d\u2019une vingtaine de sujets ont trouv\u00e9 \u00e9cho dans un public compos\u00e9 de salari\u00e9s, \u00e9largi \u00e9galement aux stagiaires compl\u00e9tant ainsi leur formation. Les \u00e9volutions juridiques, les nouvelles techniques de fabrication, l\u2019importance des r\u00e9seaux sociaux, les modes de lectures, l\u2019internationalisation des auteurs, les diff\u00e9rentes liseuses et leur langage, les nouveaux acteurs \u00e9conomiques\u2026 sont quelque exemples des sujets \u00e9voqu\u00e9s. Chaque rencontre est film\u00e9e puis mise en ligne sur le blog interne d\u00e9di\u00e9 \u00e0 l\u2019\u00e9v\u00e9nement. Cette captation permet\u00a0 pour ceux qui n\u2019ont pu assister \u00e0 la conf\u00e9rence de la regarder et joue \u00e9galement un r\u00f4le de marqueur des \u00e9volutions et des connaissances.<\/p>\n<p>Pour cette nouvelle saison qui d\u00e9bute d\u2019ici quelques jours, les sujets ne manquent pas et le programme abrite de belles rencontres&#8230;<\/p>\n<p>Au coeur de la cr\u00e9ation&#8230; \u00e9videmment !<\/p>\n<p>Il n\u2019est pas l\u2019heure de faire un bilan du \u00ab Printemps du Num\u00e9rique \u00bb &#8211; et dans l\u2019absolu comment serait-il possible d\u2019arr\u00eater le digital ? \u2013 mais quelques int\u00e9ressantes le\u00e7ons \u00e0 garder en t\u00eate.<br \/>\nLa formation continue des salari\u00e9s doit prendre des formes diverses et ne peut se contenter des formations catalogues propos\u00e9es par des organismes de formation, quelles que soient leurs qualit\u00e9s.<br \/>\nLe partage est une valeur bien plus diffus\u00e9e que, spontan\u00e9ment, certains peuvent le croire. Tr\u00e8s peu ont \u00e9t\u00e9 les refus de salari\u00e9s \u00e0 participer \u00e0 cette aventure.<br \/>\nLe co\u00fbt, relativement faible au demeurant, et le temps consacr\u00e9 \u00e0 l\u2019\u00e9v\u00e9nement doivent \u00eatre pris comme des investissements pour le futur.<\/p>\n<p>Mais finalement s\u2019il n\u2019y avait qu\u2019une seule le\u00e7on \u00e0 retenir de cette exp\u00e9rience elle serait ind\u00e9niablement sur la place de la fonction RH dans une entreprise. Au c\u0153ur de la cr\u00e9ation, \u00e9videmment !<\/p>\n<p><a href=\"http:\/\/lecercle.lesechos.fr\/entreprises-marches\/management\/rh\/221146656\/printemps-numerique-partage-savoirs\" target=\"_blank\">Article publi\u00e9 sur le site des Echos.<\/a><\/p>\n","protected":false},"excerpt":{"rendered":"<p>L\u2019\u00e9dition de livre conna\u00eet une \u00e9volution importante de son environnement \u00e9conomique, de ses parties prenantes, de ses m\u00e9tiers. L\u2019apparition depuis maintenant quelques temps du livre num\u00e9rique et des liseuses va-t-elle entrainer les maisons d\u2019\u00e9dition vers des horizons complexes et nouveaux? L\u2019\u00e9volution des modes de lecture et des habitudes culturelles va-t-elle red\u00e9finir le r\u00f4le de l\u2019Editeur [&hellip;]<\/p>\n","protected":false},"author":1,"featured_media":0,"comment_status":"open","ping_status":"open","sticky":false,"template":"","format":"standard","meta":{"_monsterinsights_skip_tracking":false,"_monsterinsights_sitenote_active":false,"_monsterinsights_sitenote_note":"","_monsterinsights_sitenote_category":0,"footnotes":""},"categories":[2778],"tags":[151,593,594,641,2780,1702,1813],"class_list":["post-4600","post","type-post","status-publish","format-standard","hentry","category-au-fil-des-mots","tag-aymeric-vincent","tag-edition","tag-editis","tag-entreprise","tag-printemps-du-numerique","tag-sogedif","tag-transformation"],"yoast_head":"<!-- This site is optimized with the Yoast SEO plugin v27.5 - https:\/\/yoast.com\/product\/yoast-seo-wordpress\/ -->\n<title>Le printemps du Num\u00e9rique ou le partage des savoirs | Aymeric Vincent<\/title>\n<meta name=\"robots\" content=\"index, follow, max-snippet:-1, max-image-preview:large, max-video-preview:-1\" \/>\n<link rel=\"canonical\" href=\"https:\/\/www.aymericvincent.fr\/?p=4600\" \/>\n<meta property=\"og:locale\" content=\"fr_FR\" \/>\n<meta property=\"og:type\" content=\"article\" \/>\n<meta property=\"og:title\" content=\"Le printemps du Num\u00e9rique ou le partage des savoirs | Aymeric Vincent\" \/>\n<meta property=\"og:description\" content=\"L\u2019\u00e9dition de livre conna\u00eet une \u00e9volution importante de son environnement \u00e9conomique, de ses parties prenantes, de ses m\u00e9tiers. L\u2019apparition depuis maintenant quelques temps du livre num\u00e9rique et des liseuses va-t-elle entrainer les maisons d\u2019\u00e9dition vers des horizons complexes et nouveaux? L\u2019\u00e9volution des modes de lecture et des habitudes culturelles va-t-elle red\u00e9finir le r\u00f4le de l\u2019Editeur [&hellip;]\" \/>\n<meta property=\"og:url\" content=\"https:\/\/www.aymericvincent.fr\/?p=4600\" \/>\n<meta property=\"og:site_name\" content=\"Aymeric Vincent\" \/>\n<meta property=\"article:published_time\" content=\"2012-05-09T17:37:01+00:00\" \/>\n<meta property=\"article:modified_time\" content=\"2013-01-13T17:42:35+00:00\" \/>\n<meta name=\"author\" content=\"Aymeric Vincent\" \/>\n<meta name=\"twitter:card\" content=\"summary_large_image\" \/>\n<meta name=\"twitter:creator\" content=\"@aymericvincent\" \/>\n<meta name=\"twitter:site\" content=\"@aymericvincent\" \/>\n<meta name=\"twitter:label1\" content=\"\u00c9crit par\" \/>\n\t<meta name=\"twitter:data1\" content=\"Aymeric Vincent\" \/>\n\t<meta name=\"twitter:label2\" content=\"Dur\u00e9e de lecture estim\u00e9e\" \/>\n\t<meta name=\"twitter:data2\" content=\"3 minutes\" \/>\n<script type=\"application\/ld+json\" class=\"yoast-schema-graph\">{\"@context\":\"https:\\\/\\\/schema.org\",\"@graph\":[{\"@type\":\"Article\",\"@id\":\"https:\\\/\\\/www.aymericvincent.fr\\\/?p=4600#article\",\"isPartOf\":{\"@id\":\"https:\\\/\\\/www.aymericvincent.fr\\\/?p=4600\"},\"author\":{\"name\":\"Aymeric Vincent\",\"@id\":\"https:\\\/\\\/www.aymericvincent.fr\\\/#\\\/schema\\\/person\\\/7eae4d27b09369dbd5d9d7c7b16d4643\"},\"headline\":\"Le printemps du Num\u00e9rique ou le partage des savoirs\",\"datePublished\":\"2012-05-09T17:37:01+00:00\",\"dateModified\":\"2013-01-13T17:42:35+00:00\",\"mainEntityOfPage\":{\"@id\":\"https:\\\/\\\/www.aymericvincent.fr\\\/?p=4600\"},\"wordCount\":706,\"commentCount\":0,\"publisher\":{\"@id\":\"https:\\\/\\\/www.aymericvincent.fr\\\/#\\\/schema\\\/person\\\/7eae4d27b09369dbd5d9d7c7b16d4643\"},\"keywords\":[\"Aymeric Vincent\",\"\u00e9dition\",\"editis\",\"entreprise\",\"Printemps du num\u00e9rique\",\"sogedif\",\"transformation\"],\"articleSection\":[\"Au fil des mots...\"],\"inLanguage\":\"fr-FR\",\"potentialAction\":[{\"@type\":\"CommentAction\",\"name\":\"Comment\",\"target\":[\"https:\\\/\\\/www.aymericvincent.fr\\\/?p=4600#respond\"]}]},{\"@type\":\"WebPage\",\"@id\":\"https:\\\/\\\/www.aymericvincent.fr\\\/?p=4600\",\"url\":\"https:\\\/\\\/www.aymericvincent.fr\\\/?p=4600\",\"name\":\"Le printemps du Num\u00e9rique ou le partage des savoirs | Aymeric Vincent\",\"isPartOf\":{\"@id\":\"https:\\\/\\\/www.aymericvincent.fr\\\/#website\"},\"datePublished\":\"2012-05-09T17:37:01+00:00\",\"dateModified\":\"2013-01-13T17:42:35+00:00\",\"breadcrumb\":{\"@id\":\"https:\\\/\\\/www.aymericvincent.fr\\\/?p=4600#breadcrumb\"},\"inLanguage\":\"fr-FR\",\"potentialAction\":[{\"@type\":\"ReadAction\",\"target\":[\"https:\\\/\\\/www.aymericvincent.fr\\\/?p=4600\"]}]},{\"@type\":\"BreadcrumbList\",\"@id\":\"https:\\\/\\\/www.aymericvincent.fr\\\/?p=4600#breadcrumb\",\"itemListElement\":[{\"@type\":\"ListItem\",\"position\":1,\"name\":\"Accueil\",\"item\":\"https:\\\/\\\/www.aymericvincent.fr\\\/\"},{\"@type\":\"ListItem\",\"position\":2,\"name\":\"Le printemps du Num\u00e9rique ou le partage des savoirs\"}]},{\"@type\":\"WebSite\",\"@id\":\"https:\\\/\\\/www.aymericvincent.fr\\\/#website\",\"url\":\"https:\\\/\\\/www.aymericvincent.fr\\\/\",\"name\":\"Aymeric Vincent\",\"description\":\"Le blog de Aymeric Vincent - Management, RH et Responsabilit\u00e9 Soci\u00e9tale\",\"publisher\":{\"@id\":\"https:\\\/\\\/www.aymericvincent.fr\\\/#\\\/schema\\\/person\\\/7eae4d27b09369dbd5d9d7c7b16d4643\"},\"potentialAction\":[{\"@type\":\"SearchAction\",\"target\":{\"@type\":\"EntryPoint\",\"urlTemplate\":\"https:\\\/\\\/www.aymericvincent.fr\\\/?s={search_term_string}\"},\"query-input\":{\"@type\":\"PropertyValueSpecification\",\"valueRequired\":true,\"valueName\":\"search_term_string\"}}],\"inLanguage\":\"fr-FR\"},{\"@type\":[\"Person\",\"Organization\"],\"@id\":\"https:\\\/\\\/www.aymericvincent.fr\\\/#\\\/schema\\\/person\\\/7eae4d27b09369dbd5d9d7c7b16d4643\",\"name\":\"Aymeric Vincent\",\"image\":{\"@type\":\"ImageObject\",\"inLanguage\":\"fr-FR\",\"@id\":\"https:\\\/\\\/www.aymericvincent.fr\\\/wp-content\\\/uploads\\\/2019\\\/11\\\/aymeric_vincent-1024x683.jpg\",\"url\":\"https:\\\/\\\/www.aymericvincent.fr\\\/wp-content\\\/uploads\\\/2019\\\/11\\\/aymeric_vincent-1024x683.jpg\",\"contentUrl\":\"https:\\\/\\\/www.aymericvincent.fr\\\/wp-content\\\/uploads\\\/2019\\\/11\\\/aymeric_vincent-1024x683.jpg\",\"width\":1024,\"height\":683,\"caption\":\"Aymeric Vincent\"},\"logo\":{\"@id\":\"https:\\\/\\\/www.aymericvincent.fr\\\/wp-content\\\/uploads\\\/2019\\\/11\\\/aymeric_vincent-1024x683.jpg\"},\"description\":\"Directeur des Ressources Humaines adjoint dans l'univers de l'\u00e9dition\",\"sameAs\":[\"https:\\\/\\\/www.aymericvincent.fr\"],\"url\":\"https:\\\/\\\/www.aymericvincent.fr\\\/?author=1\"}]}<\/script>\n<!-- \/ Yoast SEO plugin. -->","yoast_head_json":{"title":"Le printemps du Num\u00e9rique ou le partage des savoirs | Aymeric Vincent","robots":{"index":"index","follow":"follow","max-snippet":"max-snippet:-1","max-image-preview":"max-image-preview:large","max-video-preview":"max-video-preview:-1"},"canonical":"https:\/\/www.aymericvincent.fr\/?p=4600","og_locale":"fr_FR","og_type":"article","og_title":"Le printemps du Num\u00e9rique ou le partage des savoirs | Aymeric Vincent","og_description":"L\u2019\u00e9dition de livre conna\u00eet une \u00e9volution importante de son environnement \u00e9conomique, de ses parties prenantes, de ses m\u00e9tiers. L\u2019apparition depuis maintenant quelques temps du livre num\u00e9rique et des liseuses va-t-elle entrainer les maisons d\u2019\u00e9dition vers des horizons complexes et nouveaux? L\u2019\u00e9volution des modes de lecture et des habitudes culturelles va-t-elle red\u00e9finir le r\u00f4le de l\u2019Editeur [&hellip;]","og_url":"https:\/\/www.aymericvincent.fr\/?p=4600","og_site_name":"Aymeric Vincent","article_published_time":"2012-05-09T17:37:01+00:00","article_modified_time":"2013-01-13T17:42:35+00:00","author":"Aymeric Vincent","twitter_card":"summary_large_image","twitter_creator":"@aymericvincent","twitter_site":"@aymericvincent","twitter_misc":{"\u00c9crit par":"Aymeric Vincent","Dur\u00e9e de lecture estim\u00e9e":"3 minutes"},"schema":{"@context":"https:\/\/schema.org","@graph":[{"@type":"Article","@id":"https:\/\/www.aymericvincent.fr\/?p=4600#article","isPartOf":{"@id":"https:\/\/www.aymericvincent.fr\/?p=4600"},"author":{"name":"Aymeric Vincent","@id":"https:\/\/www.aymericvincent.fr\/#\/schema\/person\/7eae4d27b09369dbd5d9d7c7b16d4643"},"headline":"Le printemps du Num\u00e9rique ou le partage des savoirs","datePublished":"2012-05-09T17:37:01+00:00","dateModified":"2013-01-13T17:42:35+00:00","mainEntityOfPage":{"@id":"https:\/\/www.aymericvincent.fr\/?p=4600"},"wordCount":706,"commentCount":0,"publisher":{"@id":"https:\/\/www.aymericvincent.fr\/#\/schema\/person\/7eae4d27b09369dbd5d9d7c7b16d4643"},"keywords":["Aymeric Vincent","\u00e9dition","editis","entreprise","Printemps du num\u00e9rique","sogedif","transformation"],"articleSection":["Au fil des mots..."],"inLanguage":"fr-FR","potentialAction":[{"@type":"CommentAction","name":"Comment","target":["https:\/\/www.aymericvincent.fr\/?p=4600#respond"]}]},{"@type":"WebPage","@id":"https:\/\/www.aymericvincent.fr\/?p=4600","url":"https:\/\/www.aymericvincent.fr\/?p=4600","name":"Le printemps du Num\u00e9rique ou le partage des savoirs | Aymeric Vincent","isPartOf":{"@id":"https:\/\/www.aymericvincent.fr\/#website"},"datePublished":"2012-05-09T17:37:01+00:00","dateModified":"2013-01-13T17:42:35+00:00","breadcrumb":{"@id":"https:\/\/www.aymericvincent.fr\/?p=4600#breadcrumb"},"inLanguage":"fr-FR","potentialAction":[{"@type":"ReadAction","target":["https:\/\/www.aymericvincent.fr\/?p=4600"]}]},{"@type":"BreadcrumbList","@id":"https:\/\/www.aymericvincent.fr\/?p=4600#breadcrumb","itemListElement":[{"@type":"ListItem","position":1,"name":"Accueil","item":"https:\/\/www.aymericvincent.fr\/"},{"@type":"ListItem","position":2,"name":"Le printemps du Num\u00e9rique ou le partage des savoirs"}]},{"@type":"WebSite","@id":"https:\/\/www.aymericvincent.fr\/#website","url":"https:\/\/www.aymericvincent.fr\/","name":"Aymeric Vincent","description":"Le blog de Aymeric Vincent - Management, RH et Responsabilit\u00e9 Soci\u00e9tale","publisher":{"@id":"https:\/\/www.aymericvincent.fr\/#\/schema\/person\/7eae4d27b09369dbd5d9d7c7b16d4643"},"potentialAction":[{"@type":"SearchAction","target":{"@type":"EntryPoint","urlTemplate":"https:\/\/www.aymericvincent.fr\/?s={search_term_string}"},"query-input":{"@type":"PropertyValueSpecification","valueRequired":true,"valueName":"search_term_string"}}],"inLanguage":"fr-FR"},{"@type":["Person","Organization"],"@id":"https:\/\/www.aymericvincent.fr\/#\/schema\/person\/7eae4d27b09369dbd5d9d7c7b16d4643","name":"Aymeric Vincent","image":{"@type":"ImageObject","inLanguage":"fr-FR","@id":"https:\/\/www.aymericvincent.fr\/wp-content\/uploads\/2019\/11\/aymeric_vincent-1024x683.jpg","url":"https:\/\/www.aymericvincent.fr\/wp-content\/uploads\/2019\/11\/aymeric_vincent-1024x683.jpg","contentUrl":"https:\/\/www.aymericvincent.fr\/wp-content\/uploads\/2019\/11\/aymeric_vincent-1024x683.jpg","width":1024,"height":683,"caption":"Aymeric Vincent"},"logo":{"@id":"https:\/\/www.aymericvincent.fr\/wp-content\/uploads\/2019\/11\/aymeric_vincent-1024x683.jpg"},"description":"Directeur des Ressources Humaines adjoint dans l'univers de l'\u00e9dition","sameAs":["https:\/\/www.aymericvincent.fr"],"url":"https:\/\/www.aymericvincent.fr\/?author=1"}]}},"_links":{"self":[{"href":"https:\/\/www.aymericvincent.fr\/index.php?rest_route=\/wp\/v2\/posts\/4600","targetHints":{"allow":["GET"]}}],"collection":[{"href":"https:\/\/www.aymericvincent.fr\/index.php?rest_route=\/wp\/v2\/posts"}],"about":[{"href":"https:\/\/www.aymericvincent.fr\/index.php?rest_route=\/wp\/v2\/types\/post"}],"author":[{"embeddable":true,"href":"https:\/\/www.aymericvincent.fr\/index.php?rest_route=\/wp\/v2\/users\/1"}],"replies":[{"embeddable":true,"href":"https:\/\/www.aymericvincent.fr\/index.php?rest_route=%2Fwp%2Fv2%2Fcomments&post=4600"}],"version-history":[{"count":2,"href":"https:\/\/www.aymericvincent.fr\/index.php?rest_route=\/wp\/v2\/posts\/4600\/revisions"}],"predecessor-version":[{"id":4605,"href":"https:\/\/www.aymericvincent.fr\/index.php?rest_route=\/wp\/v2\/posts\/4600\/revisions\/4605"}],"wp:attachment":[{"href":"https:\/\/www.aymericvincent.fr\/index.php?rest_route=%2Fwp%2Fv2%2Fmedia&parent=4600"}],"wp:term":[{"taxonomy":"category","embeddable":true,"href":"https:\/\/www.aymericvincent.fr\/index.php?rest_route=%2Fwp%2Fv2%2Fcategories&post=4600"},{"taxonomy":"post_tag","embeddable":true,"href":"https:\/\/www.aymericvincent.fr\/index.php?rest_route=%2Fwp%2Fv2%2Ftags&post=4600"}],"curies":[{"name":"wp","href":"https:\/\/api.w.org\/{rel}","templated":true}]}}