{"id":4597,"date":"2012-07-24T18:34:55","date_gmt":"2012-07-24T17:34:55","guid":{"rendered":"http:\/\/www.aymericvincent.fr\/?p=4597"},"modified":"2013-01-13T18:42:46","modified_gmt":"2013-01-13T17:42:46","slug":"reflexions-dun-recruteur-qui-prone-le-dialogue","status":"publish","type":"post","link":"https:\/\/www.aymericvincent.fr\/?p=4597","title":{"rendered":"R\u00e9flexions d&rsquo;un recruteur qui pr\u00f4ne le dialogue"},"content":{"rendered":"<p>Le m\u00e9tier du DRH dans sa facette de recrutement a pour vocation de trouver les meilleurs candidats pour poursuivre le d\u00e9veloppement de l\u2019entreprise en alliant exigences \u00e9conomiques et exigences humanistes.<\/p>\n<p>Il \u00e9coutait avant-hier le bruit des rumeurs louant les qualit\u00e9s de telle ou tel candidat ; il diffusait une offre d\u2019emploi dans les (encore) grands quotidiens pour attirer le regard de celle ou celui \u00e0 la recherche d\u2019une fonction \u00e0 la hauteur de ses comp\u00e9tences ; il louait les services d\u2019un (auto-proclam\u00e9) expert en recrutement\u2026 et puis tout s\u2019arr\u00eatait jusqu\u2019\u00e0 la prochaine recherche. Le candidat rare trouv\u00e9, il n\u2019\u00e9tait plus n\u00e9cessaire de poursuivre un \u00e9change avec tous les autres. Cela eut \u00e9t\u00e9 perdre son temps. Est-ce que l\u2019acteur reste encore sur la sc\u00e8ne \u00e0 attendre qu\u2019un nouveau spectacle prenne place alors que les lumi\u00e8res s\u2019\u00e9teignent ?<\/p>\n<p>Au del\u00e0 du recrutement<\/p>\n<p>Aujourd\u2019hui, plusieurs recruteurs sont convaincus de la n\u00e9cessit\u00e9 de laisser la rencontre se d\u00e9rouler bien au-del\u00e0 et bien en amont d\u2019un recrutement. Plusieurs recruteurs pensent que la lumi\u00e8re doit toujours \u00e9clairer la maison entreprise, et pas uniquement la fa\u00e7ade mais nombreuses de ses pi\u00e8ces int\u00e9rieures et pourquoi pas \u00e9galement celui qui en tient les clefs.<\/p>\n<p>Cette discussion pour certains est apparue avec les outils de communication et d\u2019\u00e9changes qu\u2019est Internet et en particulier les r\u00e9seaux dits sociaux. Pour d\u2019autres, ce partage en amont et en aval du recrutement existaient bien avant la naissance de ce facilitateur. Enfin, d\u2019autres encore pensent toujours que le processus d\u2019embauche est unilat\u00e9ral, de l\u2019employeur vers le candidat. Heureusement, cette derni\u00e8re cat\u00e9gorie tend \u00e0 diminuer fortement.<\/p>\n<p>Au p\u00f4le litt\u00e9rature de mon entreprise, nous sommes persuad\u00e9s de l\u2019imp\u00e9rative n\u00e9cessit\u00e9 de cet \u00e9change. Il est comme inscrit dans nos g\u00eanes, celles de transmetteurs de savoirs, d\u2019\u00e9diteurs de plaisirs, de lectures.<\/p>\n<p>Ainsi, depuis maintenant trois ann\u00e9es \u2013 ao\u00fbt 2009, une \u00e9ternit\u00e9 dans le temps du web &#8211; la pr\u00e9sence sur les r\u00e9seaux sociaux s\u2019est d\u00e9velopp\u00e9e avec, en premier lieu une page Facebook et un compte Twitter, multiplicateurs du dialogue. (On exclura volontairement Viadeo et LinkedIn pour cet article.)<\/p>\n<p>Sur ces pages RH les offres d\u2019emploi, de stage ou d\u2019alternance y trouvent naturellement une place de premier choix. La fonction commentaire permet de nouer ce dialogue entre les administrateurs de la page qui sont, \u00e9videmment, les recruteurs du p\u00f4le et les candidats ou simples visiteurs curieux. Chaque question se doit de trouver une r\u00e9ponse dans les 48h afin d\u2019\u00e9viter un \u00e9change trop discontinu. Ces pages accueillent \u00e9galement des informations plus g\u00e9n\u00e9rales comme des \u00e9v\u00e9nements corporate ayant une couleur ressources humaines.<\/p>\n<p>Toujours \u00e0 la recherche d\u2019innovation dans le dialogue, en mai 2012, nous avons diffus\u00e9 une offre de recherche d\u2019apprenti via Prezi, \u00ab PowerPoint du XXI\u00e8me si\u00e8cle \u00bb, permettant une vision dynamique de la proposition d\u2019emploi et surtout un partage facile de celle-ci.<\/p>\n<p>Durant cet \u00e9t\u00e9, une nouvelle s\u00e9rie contribue \u00e0 d\u00e9velopper ce dialogue avec la mise en ligne de \u00ab Cahier de vacances du candidat \u00bb. \u00ab C\u2019est une dr\u00f4le d\u2019id\u00e9e \u00e0 premi\u00e8re vue qu\u2019une \u00e9quipe RH propose \u00e0 ses visiteurs de travailler durant les vacances ! Mais \u00e0 y regarder d\u2019un peu plus pr\u00e8s, qui de mieux plac\u00e9 que le recruteur pour prodiguer des conseils au candidat ? \u00bb souligne Florie Cr\u00e9tin, charg\u00e9e de formation et recrutement au p\u00f4le litt\u00e9rature et initiatrice de ces cahiers de vacances.<\/p>\n<p>Quel bilan peut-on aujourd\u2019hui faire de ces exp\u00e9riences de dialogue ?<\/p>\n<p>Si on revient \u00e0 l\u2019objectif qui est de trouver des candidats et qu\u2019eux nous trouvent, il faut susciter l\u2019envie de ces \u00e9changes et construire ces places publiques. Alors quoi de plus logique que d\u2019\u00eatre l\u00e0 o\u00f9 sont les gens, o\u00f9 sont les pr\u00e9sents et futurs candidats ?<br \/>\nSi on s\u2019attarde sur l\u2019atteinte pr\u00e9cise de cet objectif \u2013 ai-je trouv\u00e9 mon candidat sur ces r\u00e9seaux sociaux \u2013 le bilan devient beaucoup plus flou. Mais est-ce r\u00e9ellement l\u2019objectif recherch\u00e9 ?<\/p>\n<p>Les r\u00e9seaux sociaux sont des outils de dialogue, pas n\u00e9cessairement de recrutement dans le sens traditionnel du mot.<\/p>\n<p>Au-del\u00e0 des outils, par nature \u00e9ph\u00e9m\u00e8res, le plus important dans le dialogue avec le candidat, d\u00e9clar\u00e9 ou en devenir, est bien l\u2019humain, est bien l\u2019\u00e9change de mots, de vid\u00e9os\u2026et de regards. Oublier que le dialogue permet de se conna\u00eetre est oublier, tout simplement, que l\u2019entreprise est aussi un lieu de vie ; y entrer c\u2019est prendre part \u00e0 cette tranche de vie.<\/p>\n<p><a href=\"http:\/\/lecercle.lesechos.fr\/entreprises-marches\/management\/rh\/221151036\/reflexions-dun-recruteur-prone-dialogue\" target=\"_blank\">Tribune publi\u00e9e sur les sites des Echos<\/a><\/p>\n","protected":false},"excerpt":{"rendered":"<p>Le m\u00e9tier du DRH dans sa facette de recrutement a pour vocation de trouver les meilleurs candidats pour poursuivre le d\u00e9veloppement de l\u2019entreprise en alliant exigences \u00e9conomiques et exigences humanistes. Il \u00e9coutait avant-hier le bruit des rumeurs louant les qualit\u00e9s de telle ou tel candidat ; il diffusait une offre d\u2019emploi dans les (encore) grands [&hellip;]<\/p>\n","protected":false},"author":1,"featured_media":0,"comment_status":"open","ping_status":"open","sticky":false,"template":"","format":"standard","meta":{"_monsterinsights_skip_tracking":false,"_monsterinsights_sitenote_active":false,"_monsterinsights_sitenote_note":"","_monsterinsights_sitenote_category":0,"footnotes":""},"categories":[2778],"tags":[151,2779,594,741,1519,1702],"class_list":["post-4597","post","type-post","status-publish","format-standard","hentry","category-au-fil-des-mots","tag-aymeric-vincent","tag-cahier-du-recruteur","tag-editis","tag-florie-cretin","tag-recruteur","tag-sogedif"],"yoast_head":"<!-- This site is optimized with the Yoast SEO plugin v27.5 - https:\/\/yoast.com\/product\/yoast-seo-wordpress\/ -->\n<title>R\u00e9flexions d&#039;un recruteur qui pr\u00f4ne le dialogue | Aymeric Vincent<\/title>\n<meta name=\"robots\" content=\"index, follow, max-snippet:-1, max-image-preview:large, max-video-preview:-1\" \/>\n<link rel=\"canonical\" href=\"https:\/\/www.aymericvincent.fr\/?p=4597\" \/>\n<meta property=\"og:locale\" content=\"fr_FR\" \/>\n<meta property=\"og:type\" content=\"article\" \/>\n<meta property=\"og:title\" content=\"R\u00e9flexions d&#039;un recruteur qui pr\u00f4ne le dialogue | Aymeric Vincent\" \/>\n<meta property=\"og:description\" content=\"Le m\u00e9tier du DRH dans sa facette de recrutement a pour vocation de trouver les meilleurs candidats pour poursuivre le d\u00e9veloppement de l\u2019entreprise en alliant exigences \u00e9conomiques et exigences humanistes. Il \u00e9coutait avant-hier le bruit des rumeurs louant les qualit\u00e9s de telle ou tel candidat ; il diffusait une offre d\u2019emploi dans les (encore) grands [&hellip;]\" \/>\n<meta property=\"og:url\" content=\"https:\/\/www.aymericvincent.fr\/?p=4597\" \/>\n<meta property=\"og:site_name\" content=\"Aymeric Vincent\" \/>\n<meta property=\"article:published_time\" content=\"2012-07-24T17:34:55+00:00\" \/>\n<meta property=\"article:modified_time\" content=\"2013-01-13T17:42:46+00:00\" \/>\n<meta name=\"author\" content=\"Aymeric Vincent\" \/>\n<meta name=\"twitter:card\" content=\"summary_large_image\" \/>\n<meta name=\"twitter:creator\" content=\"@aymericvincent\" \/>\n<meta name=\"twitter:site\" content=\"@aymericvincent\" \/>\n<meta name=\"twitter:label1\" content=\"\u00c9crit par\" \/>\n\t<meta name=\"twitter:data1\" content=\"Aymeric Vincent\" \/>\n\t<meta name=\"twitter:label2\" content=\"Dur\u00e9e de lecture estim\u00e9e\" \/>\n\t<meta name=\"twitter:data2\" content=\"4 minutes\" \/>\n<script type=\"application\/ld+json\" class=\"yoast-schema-graph\">{\"@context\":\"https:\\\/\\\/schema.org\",\"@graph\":[{\"@type\":\"Article\",\"@id\":\"https:\\\/\\\/www.aymericvincent.fr\\\/?p=4597#article\",\"isPartOf\":{\"@id\":\"https:\\\/\\\/www.aymericvincent.fr\\\/?p=4597\"},\"author\":{\"name\":\"Aymeric Vincent\",\"@id\":\"https:\\\/\\\/www.aymericvincent.fr\\\/#\\\/schema\\\/person\\\/7eae4d27b09369dbd5d9d7c7b16d4643\"},\"headline\":\"R\u00e9flexions d&rsquo;un recruteur qui pr\u00f4ne le dialogue\",\"datePublished\":\"2012-07-24T17:34:55+00:00\",\"dateModified\":\"2013-01-13T17:42:46+00:00\",\"mainEntityOfPage\":{\"@id\":\"https:\\\/\\\/www.aymericvincent.fr\\\/?p=4597\"},\"wordCount\":806,\"commentCount\":0,\"publisher\":{\"@id\":\"https:\\\/\\\/www.aymericvincent.fr\\\/#\\\/schema\\\/person\\\/7eae4d27b09369dbd5d9d7c7b16d4643\"},\"keywords\":[\"Aymeric Vincent\",\"cahier du recruteur\",\"editis\",\"florie cretin\",\"recruteur\",\"sogedif\"],\"articleSection\":[\"Au fil des mots...\"],\"inLanguage\":\"fr-FR\",\"potentialAction\":[{\"@type\":\"CommentAction\",\"name\":\"Comment\",\"target\":[\"https:\\\/\\\/www.aymericvincent.fr\\\/?p=4597#respond\"]}]},{\"@type\":\"WebPage\",\"@id\":\"https:\\\/\\\/www.aymericvincent.fr\\\/?p=4597\",\"url\":\"https:\\\/\\\/www.aymericvincent.fr\\\/?p=4597\",\"name\":\"R\u00e9flexions d'un recruteur qui pr\u00f4ne le dialogue | Aymeric Vincent\",\"isPartOf\":{\"@id\":\"https:\\\/\\\/www.aymericvincent.fr\\\/#website\"},\"datePublished\":\"2012-07-24T17:34:55+00:00\",\"dateModified\":\"2013-01-13T17:42:46+00:00\",\"breadcrumb\":{\"@id\":\"https:\\\/\\\/www.aymericvincent.fr\\\/?p=4597#breadcrumb\"},\"inLanguage\":\"fr-FR\",\"potentialAction\":[{\"@type\":\"ReadAction\",\"target\":[\"https:\\\/\\\/www.aymericvincent.fr\\\/?p=4597\"]}]},{\"@type\":\"BreadcrumbList\",\"@id\":\"https:\\\/\\\/www.aymericvincent.fr\\\/?p=4597#breadcrumb\",\"itemListElement\":[{\"@type\":\"ListItem\",\"position\":1,\"name\":\"Accueil\",\"item\":\"https:\\\/\\\/www.aymericvincent.fr\\\/\"},{\"@type\":\"ListItem\",\"position\":2,\"name\":\"R\u00e9flexions d&rsquo;un recruteur qui pr\u00f4ne le dialogue\"}]},{\"@type\":\"WebSite\",\"@id\":\"https:\\\/\\\/www.aymericvincent.fr\\\/#website\",\"url\":\"https:\\\/\\\/www.aymericvincent.fr\\\/\",\"name\":\"Aymeric Vincent\",\"description\":\"Le blog de Aymeric Vincent - Management, RH et Responsabilit\u00e9 Soci\u00e9tale\",\"publisher\":{\"@id\":\"https:\\\/\\\/www.aymericvincent.fr\\\/#\\\/schema\\\/person\\\/7eae4d27b09369dbd5d9d7c7b16d4643\"},\"potentialAction\":[{\"@type\":\"SearchAction\",\"target\":{\"@type\":\"EntryPoint\",\"urlTemplate\":\"https:\\\/\\\/www.aymericvincent.fr\\\/?s={search_term_string}\"},\"query-input\":{\"@type\":\"PropertyValueSpecification\",\"valueRequired\":true,\"valueName\":\"search_term_string\"}}],\"inLanguage\":\"fr-FR\"},{\"@type\":[\"Person\",\"Organization\"],\"@id\":\"https:\\\/\\\/www.aymericvincent.fr\\\/#\\\/schema\\\/person\\\/7eae4d27b09369dbd5d9d7c7b16d4643\",\"name\":\"Aymeric Vincent\",\"image\":{\"@type\":\"ImageObject\",\"inLanguage\":\"fr-FR\",\"@id\":\"https:\\\/\\\/www.aymericvincent.fr\\\/wp-content\\\/uploads\\\/2019\\\/11\\\/aymeric_vincent-1024x683.jpg\",\"url\":\"https:\\\/\\\/www.aymericvincent.fr\\\/wp-content\\\/uploads\\\/2019\\\/11\\\/aymeric_vincent-1024x683.jpg\",\"contentUrl\":\"https:\\\/\\\/www.aymericvincent.fr\\\/wp-content\\\/uploads\\\/2019\\\/11\\\/aymeric_vincent-1024x683.jpg\",\"width\":1024,\"height\":683,\"caption\":\"Aymeric Vincent\"},\"logo\":{\"@id\":\"https:\\\/\\\/www.aymericvincent.fr\\\/wp-content\\\/uploads\\\/2019\\\/11\\\/aymeric_vincent-1024x683.jpg\"},\"description\":\"Directeur des Ressources Humaines adjoint dans l'univers de l'\u00e9dition\",\"sameAs\":[\"https:\\\/\\\/www.aymericvincent.fr\"],\"url\":\"https:\\\/\\\/www.aymericvincent.fr\\\/?author=1\"}]}<\/script>\n<!-- \/ Yoast SEO plugin. -->","yoast_head_json":{"title":"R\u00e9flexions d'un recruteur qui pr\u00f4ne le dialogue | Aymeric Vincent","robots":{"index":"index","follow":"follow","max-snippet":"max-snippet:-1","max-image-preview":"max-image-preview:large","max-video-preview":"max-video-preview:-1"},"canonical":"https:\/\/www.aymericvincent.fr\/?p=4597","og_locale":"fr_FR","og_type":"article","og_title":"R\u00e9flexions d'un recruteur qui pr\u00f4ne le dialogue | Aymeric Vincent","og_description":"Le m\u00e9tier du DRH dans sa facette de recrutement a pour vocation de trouver les meilleurs candidats pour poursuivre le d\u00e9veloppement de l\u2019entreprise en alliant exigences \u00e9conomiques et exigences humanistes. Il \u00e9coutait avant-hier le bruit des rumeurs louant les qualit\u00e9s de telle ou tel candidat ; il diffusait une offre d\u2019emploi dans les (encore) grands [&hellip;]","og_url":"https:\/\/www.aymericvincent.fr\/?p=4597","og_site_name":"Aymeric Vincent","article_published_time":"2012-07-24T17:34:55+00:00","article_modified_time":"2013-01-13T17:42:46+00:00","author":"Aymeric Vincent","twitter_card":"summary_large_image","twitter_creator":"@aymericvincent","twitter_site":"@aymericvincent","twitter_misc":{"\u00c9crit par":"Aymeric Vincent","Dur\u00e9e de lecture estim\u00e9e":"4 minutes"},"schema":{"@context":"https:\/\/schema.org","@graph":[{"@type":"Article","@id":"https:\/\/www.aymericvincent.fr\/?p=4597#article","isPartOf":{"@id":"https:\/\/www.aymericvincent.fr\/?p=4597"},"author":{"name":"Aymeric Vincent","@id":"https:\/\/www.aymericvincent.fr\/#\/schema\/person\/7eae4d27b09369dbd5d9d7c7b16d4643"},"headline":"R\u00e9flexions d&rsquo;un recruteur qui pr\u00f4ne le dialogue","datePublished":"2012-07-24T17:34:55+00:00","dateModified":"2013-01-13T17:42:46+00:00","mainEntityOfPage":{"@id":"https:\/\/www.aymericvincent.fr\/?p=4597"},"wordCount":806,"commentCount":0,"publisher":{"@id":"https:\/\/www.aymericvincent.fr\/#\/schema\/person\/7eae4d27b09369dbd5d9d7c7b16d4643"},"keywords":["Aymeric Vincent","cahier du recruteur","editis","florie cretin","recruteur","sogedif"],"articleSection":["Au fil des mots..."],"inLanguage":"fr-FR","potentialAction":[{"@type":"CommentAction","name":"Comment","target":["https:\/\/www.aymericvincent.fr\/?p=4597#respond"]}]},{"@type":"WebPage","@id":"https:\/\/www.aymericvincent.fr\/?p=4597","url":"https:\/\/www.aymericvincent.fr\/?p=4597","name":"R\u00e9flexions d'un recruteur qui pr\u00f4ne le dialogue | Aymeric Vincent","isPartOf":{"@id":"https:\/\/www.aymericvincent.fr\/#website"},"datePublished":"2012-07-24T17:34:55+00:00","dateModified":"2013-01-13T17:42:46+00:00","breadcrumb":{"@id":"https:\/\/www.aymericvincent.fr\/?p=4597#breadcrumb"},"inLanguage":"fr-FR","potentialAction":[{"@type":"ReadAction","target":["https:\/\/www.aymericvincent.fr\/?p=4597"]}]},{"@type":"BreadcrumbList","@id":"https:\/\/www.aymericvincent.fr\/?p=4597#breadcrumb","itemListElement":[{"@type":"ListItem","position":1,"name":"Accueil","item":"https:\/\/www.aymericvincent.fr\/"},{"@type":"ListItem","position":2,"name":"R\u00e9flexions d&rsquo;un recruteur qui pr\u00f4ne le dialogue"}]},{"@type":"WebSite","@id":"https:\/\/www.aymericvincent.fr\/#website","url":"https:\/\/www.aymericvincent.fr\/","name":"Aymeric Vincent","description":"Le blog de Aymeric Vincent - Management, RH et Responsabilit\u00e9 Soci\u00e9tale","publisher":{"@id":"https:\/\/www.aymericvincent.fr\/#\/schema\/person\/7eae4d27b09369dbd5d9d7c7b16d4643"},"potentialAction":[{"@type":"SearchAction","target":{"@type":"EntryPoint","urlTemplate":"https:\/\/www.aymericvincent.fr\/?s={search_term_string}"},"query-input":{"@type":"PropertyValueSpecification","valueRequired":true,"valueName":"search_term_string"}}],"inLanguage":"fr-FR"},{"@type":["Person","Organization"],"@id":"https:\/\/www.aymericvincent.fr\/#\/schema\/person\/7eae4d27b09369dbd5d9d7c7b16d4643","name":"Aymeric Vincent","image":{"@type":"ImageObject","inLanguage":"fr-FR","@id":"https:\/\/www.aymericvincent.fr\/wp-content\/uploads\/2019\/11\/aymeric_vincent-1024x683.jpg","url":"https:\/\/www.aymericvincent.fr\/wp-content\/uploads\/2019\/11\/aymeric_vincent-1024x683.jpg","contentUrl":"https:\/\/www.aymericvincent.fr\/wp-content\/uploads\/2019\/11\/aymeric_vincent-1024x683.jpg","width":1024,"height":683,"caption":"Aymeric Vincent"},"logo":{"@id":"https:\/\/www.aymericvincent.fr\/wp-content\/uploads\/2019\/11\/aymeric_vincent-1024x683.jpg"},"description":"Directeur des Ressources Humaines adjoint dans l'univers de l'\u00e9dition","sameAs":["https:\/\/www.aymericvincent.fr"],"url":"https:\/\/www.aymericvincent.fr\/?author=1"}]}},"_links":{"self":[{"href":"https:\/\/www.aymericvincent.fr\/index.php?rest_route=\/wp\/v2\/posts\/4597","targetHints":{"allow":["GET"]}}],"collection":[{"href":"https:\/\/www.aymericvincent.fr\/index.php?rest_route=\/wp\/v2\/posts"}],"about":[{"href":"https:\/\/www.aymericvincent.fr\/index.php?rest_route=\/wp\/v2\/types\/post"}],"author":[{"embeddable":true,"href":"https:\/\/www.aymericvincent.fr\/index.php?rest_route=\/wp\/v2\/users\/1"}],"replies":[{"embeddable":true,"href":"https:\/\/www.aymericvincent.fr\/index.php?rest_route=%2Fwp%2Fv2%2Fcomments&post=4597"}],"version-history":[{"count":4,"href":"https:\/\/www.aymericvincent.fr\/index.php?rest_route=\/wp\/v2\/posts\/4597\/revisions"}],"predecessor-version":[{"id":4606,"href":"https:\/\/www.aymericvincent.fr\/index.php?rest_route=\/wp\/v2\/posts\/4597\/revisions\/4606"}],"wp:attachment":[{"href":"https:\/\/www.aymericvincent.fr\/index.php?rest_route=%2Fwp%2Fv2%2Fmedia&parent=4597"}],"wp:term":[{"taxonomy":"category","embeddable":true,"href":"https:\/\/www.aymericvincent.fr\/index.php?rest_route=%2Fwp%2Fv2%2Fcategories&post=4597"},{"taxonomy":"post_tag","embeddable":true,"href":"https:\/\/www.aymericvincent.fr\/index.php?rest_route=%2Fwp%2Fv2%2Ftags&post=4597"}],"curies":[{"name":"wp","href":"https:\/\/api.w.org\/{rel}","templated":true}]}}