{"id":3004,"date":"2011-11-17T12:30:49","date_gmt":"2011-11-17T10:30:49","guid":{"rendered":"http:\/\/www.aymericvincent.fr\/?p=3004"},"modified":"2011-10-29T11:51:37","modified_gmt":"2011-10-29T09:51:37","slug":"integrer-le-handicap-a-la-gestion-des-ressources-humaines","status":"publish","type":"post","link":"https:\/\/www.aymericvincent.fr\/?p=3004","title":{"rendered":"Int\u00e9grer le handicap \u00e0 la gestion des Ressources Humaines"},"content":{"rendered":"<p><a href=\"http:\/\/www.aymericvincent.fr\/wp-content\/uploads\/2011\/11\/150x150_generique.gif\"><img loading=\"lazy\" decoding=\"async\" class=\"alignleft size-full wp-image-2992\" title=\"Semaine emploi Personnes Handicap\u00e9es\" src=\"http:\/\/www.aymericvincent.fr\/wp-content\/uploads\/2011\/11\/150x150_generique.gif\" alt=\"\" width=\"150\" height=\"150\" \/><\/a>Dans le cadre de la Semaine pour l&#8217;emploi des personnes handicap\u00e9es, comment int\u00e9grer le handicap dans la gestion des Ressources Humaines ?<\/p>\n<p><a href=\"http:\/\/www.agefiph.fr\/content\/download\/176238\/3868650\/file\/Cahier_Integrer_handicap_GRH.pdf\" target=\"_blank\">Lire les conseils<\/a><\/p>\n","protected":false},"excerpt":{"rendered":"<p>Dans le cadre de la Semaine pour l&#8217;emploi des personnes handicap\u00e9es, comment int\u00e9grer le handicap dans la gestion des Ressources Humaines ? Lire les conseils<\/p>\n","protected":false},"author":1,"featured_media":0,"comment_status":"open","ping_status":"open","sticky":false,"template":"","format":"standard","meta":{"_monsterinsights_skip_tracking":false,"_monsterinsights_sitenote_active":false,"_monsterinsights_sitenote_note":"","_monsterinsights_sitenote_category":0,"footnotes":""},"categories":[2025],"tags":[53,849,945,1589],"class_list":["post-3004","post","type-post","status-publish","format-standard","hentry","category-responsabilite-societale-entreprise","tag-agefiph","tag-handicap","tag-integration","tag-rh"],"yoast_head":"<!-- This site is optimized with the Yoast SEO plugin v27.5 - https:\/\/yoast.com\/product\/yoast-seo-wordpress\/ -->\n<title>Int\u00e9grer le handicap \u00e0 la gestion des Ressources Humaines | Aymeric Vincent<\/title>\n<meta name=\"robots\" content=\"index, follow, max-snippet:-1, max-image-preview:large, max-video-preview:-1\" \/>\n<link rel=\"canonical\" href=\"https:\/\/www.aymericvincent.fr\/?p=3004\" \/>\n<meta property=\"og:locale\" content=\"fr_FR\" \/>\n<meta property=\"og:type\" content=\"article\" \/>\n<meta property=\"og:title\" content=\"Int\u00e9grer le handicap \u00e0 la gestion des Ressources Humaines | Aymeric Vincent\" \/>\n<meta property=\"og:description\" content=\"Dans le cadre de la Semaine pour l&#8217;emploi des personnes handicap\u00e9es, comment int\u00e9grer le handicap dans la gestion des Ressources Humaines ? Lire les conseils\" \/>\n<meta property=\"og:url\" content=\"https:\/\/www.aymericvincent.fr\/?p=3004\" \/>\n<meta property=\"og:site_name\" content=\"Aymeric Vincent\" \/>\n<meta property=\"article:published_time\" content=\"2011-11-17T10:30:49+00:00\" \/>\n<meta property=\"og:image\" content=\"http:\/\/www.aymericvincent.fr\/wp-content\/uploads\/2011\/11\/150x150_generique.gif\" \/>\n<meta name=\"author\" content=\"Aymeric Vincent\" \/>\n<meta name=\"twitter:card\" content=\"summary_large_image\" \/>\n<meta name=\"twitter:creator\" content=\"@aymericvincent\" \/>\n<meta name=\"twitter:site\" content=\"@aymericvincent\" \/>\n<meta name=\"twitter:label1\" content=\"\u00c9crit par\" \/>\n\t<meta name=\"twitter:data1\" content=\"Aymeric Vincent\" \/>\n<script type=\"application\/ld+json\" class=\"yoast-schema-graph\">{\"@context\":\"https:\\\/\\\/schema.org\",\"@graph\":[{\"@type\":\"Article\",\"@id\":\"https:\\\/\\\/www.aymericvincent.fr\\\/?p=3004#article\",\"isPartOf\":{\"@id\":\"https:\\\/\\\/www.aymericvincent.fr\\\/?p=3004\"},\"author\":{\"name\":\"Aymeric Vincent\",\"@id\":\"https:\\\/\\\/www.aymericvincent.fr\\\/#\\\/schema\\\/person\\\/7eae4d27b09369dbd5d9d7c7b16d4643\"},\"headline\":\"Int\u00e9grer le handicap \u00e0 la gestion des Ressources Humaines\",\"datePublished\":\"2011-11-17T10:30:49+00:00\",\"mainEntityOfPage\":{\"@id\":\"https:\\\/\\\/www.aymericvincent.fr\\\/?p=3004\"},\"wordCount\":36,\"commentCount\":0,\"publisher\":{\"@id\":\"https:\\\/\\\/www.aymericvincent.fr\\\/#\\\/schema\\\/person\\\/7eae4d27b09369dbd5d9d7c7b16d4643\"},\"image\":{\"@id\":\"https:\\\/\\\/www.aymericvincent.fr\\\/?p=3004#primaryimage\"},\"thumbnailUrl\":\"http:\\\/\\\/www.aymericvincent.fr\\\/wp-content\\\/uploads\\\/2011\\\/11\\\/150x150_generique.gif\",\"keywords\":[\"agefiph\",\"handicap\",\"int\u00e9gration\",\"RH\"],\"articleSection\":[\"Responsabilit\u00e9 Soci\u00e9tale Entreprise\"],\"inLanguage\":\"fr-FR\",\"potentialAction\":[{\"@type\":\"CommentAction\",\"name\":\"Comment\",\"target\":[\"https:\\\/\\\/www.aymericvincent.fr\\\/?p=3004#respond\"]}]},{\"@type\":\"WebPage\",\"@id\":\"https:\\\/\\\/www.aymericvincent.fr\\\/?p=3004\",\"url\":\"https:\\\/\\\/www.aymericvincent.fr\\\/?p=3004\",\"name\":\"Int\u00e9grer le handicap \u00e0 la gestion des Ressources Humaines | Aymeric Vincent\",\"isPartOf\":{\"@id\":\"https:\\\/\\\/www.aymericvincent.fr\\\/#website\"},\"primaryImageOfPage\":{\"@id\":\"https:\\\/\\\/www.aymericvincent.fr\\\/?p=3004#primaryimage\"},\"image\":{\"@id\":\"https:\\\/\\\/www.aymericvincent.fr\\\/?p=3004#primaryimage\"},\"thumbnailUrl\":\"http:\\\/\\\/www.aymericvincent.fr\\\/wp-content\\\/uploads\\\/2011\\\/11\\\/150x150_generique.gif\",\"datePublished\":\"2011-11-17T10:30:49+00:00\",\"breadcrumb\":{\"@id\":\"https:\\\/\\\/www.aymericvincent.fr\\\/?p=3004#breadcrumb\"},\"inLanguage\":\"fr-FR\",\"potentialAction\":[{\"@type\":\"ReadAction\",\"target\":[\"https:\\\/\\\/www.aymericvincent.fr\\\/?p=3004\"]}]},{\"@type\":\"ImageObject\",\"inLanguage\":\"fr-FR\",\"@id\":\"https:\\\/\\\/www.aymericvincent.fr\\\/?p=3004#primaryimage\",\"url\":\"http:\\\/\\\/www.aymericvincent.fr\\\/wp-content\\\/uploads\\\/2011\\\/11\\\/150x150_generique.gif\",\"contentUrl\":\"http:\\\/\\\/www.aymericvincent.fr\\\/wp-content\\\/uploads\\\/2011\\\/11\\\/150x150_generique.gif\"},{\"@type\":\"BreadcrumbList\",\"@id\":\"https:\\\/\\\/www.aymericvincent.fr\\\/?p=3004#breadcrumb\",\"itemListElement\":[{\"@type\":\"ListItem\",\"position\":1,\"name\":\"Accueil\",\"item\":\"https:\\\/\\\/www.aymericvincent.fr\\\/\"},{\"@type\":\"ListItem\",\"position\":2,\"name\":\"Int\u00e9grer le handicap \u00e0 la gestion des Ressources Humaines\"}]},{\"@type\":\"WebSite\",\"@id\":\"https:\\\/\\\/www.aymericvincent.fr\\\/#website\",\"url\":\"https:\\\/\\\/www.aymericvincent.fr\\\/\",\"name\":\"Aymeric Vincent\",\"description\":\"Le blog de Aymeric Vincent - Management, RH et Responsabilit\u00e9 Soci\u00e9tale\",\"publisher\":{\"@id\":\"https:\\\/\\\/www.aymericvincent.fr\\\/#\\\/schema\\\/person\\\/7eae4d27b09369dbd5d9d7c7b16d4643\"},\"potentialAction\":[{\"@type\":\"SearchAction\",\"target\":{\"@type\":\"EntryPoint\",\"urlTemplate\":\"https:\\\/\\\/www.aymericvincent.fr\\\/?s={search_term_string}\"},\"query-input\":{\"@type\":\"PropertyValueSpecification\",\"valueRequired\":true,\"valueName\":\"search_term_string\"}}],\"inLanguage\":\"fr-FR\"},{\"@type\":[\"Person\",\"Organization\"],\"@id\":\"https:\\\/\\\/www.aymericvincent.fr\\\/#\\\/schema\\\/person\\\/7eae4d27b09369dbd5d9d7c7b16d4643\",\"name\":\"Aymeric Vincent\",\"image\":{\"@type\":\"ImageObject\",\"inLanguage\":\"fr-FR\",\"@id\":\"https:\\\/\\\/www.aymericvincent.fr\\\/wp-content\\\/uploads\\\/2019\\\/11\\\/aymeric_vincent-1024x683.jpg\",\"url\":\"https:\\\/\\\/www.aymericvincent.fr\\\/wp-content\\\/uploads\\\/2019\\\/11\\\/aymeric_vincent-1024x683.jpg\",\"contentUrl\":\"https:\\\/\\\/www.aymericvincent.fr\\\/wp-content\\\/uploads\\\/2019\\\/11\\\/aymeric_vincent-1024x683.jpg\",\"width\":1024,\"height\":683,\"caption\":\"Aymeric Vincent\"},\"logo\":{\"@id\":\"https:\\\/\\\/www.aymericvincent.fr\\\/wp-content\\\/uploads\\\/2019\\\/11\\\/aymeric_vincent-1024x683.jpg\"},\"description\":\"Directeur des Ressources Humaines adjoint dans l'univers de l'\u00e9dition\",\"sameAs\":[\"https:\\\/\\\/www.aymericvincent.fr\"],\"url\":\"https:\\\/\\\/www.aymericvincent.fr\\\/?author=1\"}]}<\/script>\n<!-- \/ Yoast SEO plugin. -->","yoast_head_json":{"title":"Int\u00e9grer le handicap \u00e0 la gestion des Ressources Humaines | Aymeric Vincent","robots":{"index":"index","follow":"follow","max-snippet":"max-snippet:-1","max-image-preview":"max-image-preview:large","max-video-preview":"max-video-preview:-1"},"canonical":"https:\/\/www.aymericvincent.fr\/?p=3004","og_locale":"fr_FR","og_type":"article","og_title":"Int\u00e9grer le handicap \u00e0 la gestion des Ressources Humaines | Aymeric Vincent","og_description":"Dans le cadre de la Semaine pour l&#8217;emploi des personnes handicap\u00e9es, comment int\u00e9grer le handicap dans la gestion des Ressources Humaines ? Lire les conseils","og_url":"https:\/\/www.aymericvincent.fr\/?p=3004","og_site_name":"Aymeric Vincent","article_published_time":"2011-11-17T10:30:49+00:00","og_image":[{"url":"http:\/\/www.aymericvincent.fr\/wp-content\/uploads\/2011\/11\/150x150_generique.gif","type":"","width":"","height":""}],"author":"Aymeric Vincent","twitter_card":"summary_large_image","twitter_creator":"@aymericvincent","twitter_site":"@aymericvincent","twitter_misc":{"\u00c9crit par":"Aymeric Vincent"},"schema":{"@context":"https:\/\/schema.org","@graph":[{"@type":"Article","@id":"https:\/\/www.aymericvincent.fr\/?p=3004#article","isPartOf":{"@id":"https:\/\/www.aymericvincent.fr\/?p=3004"},"author":{"name":"Aymeric Vincent","@id":"https:\/\/www.aymericvincent.fr\/#\/schema\/person\/7eae4d27b09369dbd5d9d7c7b16d4643"},"headline":"Int\u00e9grer le handicap \u00e0 la gestion des Ressources Humaines","datePublished":"2011-11-17T10:30:49+00:00","mainEntityOfPage":{"@id":"https:\/\/www.aymericvincent.fr\/?p=3004"},"wordCount":36,"commentCount":0,"publisher":{"@id":"https:\/\/www.aymericvincent.fr\/#\/schema\/person\/7eae4d27b09369dbd5d9d7c7b16d4643"},"image":{"@id":"https:\/\/www.aymericvincent.fr\/?p=3004#primaryimage"},"thumbnailUrl":"http:\/\/www.aymericvincent.fr\/wp-content\/uploads\/2011\/11\/150x150_generique.gif","keywords":["agefiph","handicap","int\u00e9gration","RH"],"articleSection":["Responsabilit\u00e9 Soci\u00e9tale Entreprise"],"inLanguage":"fr-FR","potentialAction":[{"@type":"CommentAction","name":"Comment","target":["https:\/\/www.aymericvincent.fr\/?p=3004#respond"]}]},{"@type":"WebPage","@id":"https:\/\/www.aymericvincent.fr\/?p=3004","url":"https:\/\/www.aymericvincent.fr\/?p=3004","name":"Int\u00e9grer le handicap \u00e0 la gestion des Ressources Humaines | Aymeric Vincent","isPartOf":{"@id":"https:\/\/www.aymericvincent.fr\/#website"},"primaryImageOfPage":{"@id":"https:\/\/www.aymericvincent.fr\/?p=3004#primaryimage"},"image":{"@id":"https:\/\/www.aymericvincent.fr\/?p=3004#primaryimage"},"thumbnailUrl":"http:\/\/www.aymericvincent.fr\/wp-content\/uploads\/2011\/11\/150x150_generique.gif","datePublished":"2011-11-17T10:30:49+00:00","breadcrumb":{"@id":"https:\/\/www.aymericvincent.fr\/?p=3004#breadcrumb"},"inLanguage":"fr-FR","potentialAction":[{"@type":"ReadAction","target":["https:\/\/www.aymericvincent.fr\/?p=3004"]}]},{"@type":"ImageObject","inLanguage":"fr-FR","@id":"https:\/\/www.aymericvincent.fr\/?p=3004#primaryimage","url":"http:\/\/www.aymericvincent.fr\/wp-content\/uploads\/2011\/11\/150x150_generique.gif","contentUrl":"http:\/\/www.aymericvincent.fr\/wp-content\/uploads\/2011\/11\/150x150_generique.gif"},{"@type":"BreadcrumbList","@id":"https:\/\/www.aymericvincent.fr\/?p=3004#breadcrumb","itemListElement":[{"@type":"ListItem","position":1,"name":"Accueil","item":"https:\/\/www.aymericvincent.fr\/"},{"@type":"ListItem","position":2,"name":"Int\u00e9grer le handicap \u00e0 la gestion des Ressources Humaines"}]},{"@type":"WebSite","@id":"https:\/\/www.aymericvincent.fr\/#website","url":"https:\/\/www.aymericvincent.fr\/","name":"Aymeric Vincent","description":"Le blog de Aymeric Vincent - Management, RH et Responsabilit\u00e9 Soci\u00e9tale","publisher":{"@id":"https:\/\/www.aymericvincent.fr\/#\/schema\/person\/7eae4d27b09369dbd5d9d7c7b16d4643"},"potentialAction":[{"@type":"SearchAction","target":{"@type":"EntryPoint","urlTemplate":"https:\/\/www.aymericvincent.fr\/?s={search_term_string}"},"query-input":{"@type":"PropertyValueSpecification","valueRequired":true,"valueName":"search_term_string"}}],"inLanguage":"fr-FR"},{"@type":["Person","Organization"],"@id":"https:\/\/www.aymericvincent.fr\/#\/schema\/person\/7eae4d27b09369dbd5d9d7c7b16d4643","name":"Aymeric Vincent","image":{"@type":"ImageObject","inLanguage":"fr-FR","@id":"https:\/\/www.aymericvincent.fr\/wp-content\/uploads\/2019\/11\/aymeric_vincent-1024x683.jpg","url":"https:\/\/www.aymericvincent.fr\/wp-content\/uploads\/2019\/11\/aymeric_vincent-1024x683.jpg","contentUrl":"https:\/\/www.aymericvincent.fr\/wp-content\/uploads\/2019\/11\/aymeric_vincent-1024x683.jpg","width":1024,"height":683,"caption":"Aymeric Vincent"},"logo":{"@id":"https:\/\/www.aymericvincent.fr\/wp-content\/uploads\/2019\/11\/aymeric_vincent-1024x683.jpg"},"description":"Directeur des Ressources Humaines adjoint dans l'univers de l'\u00e9dition","sameAs":["https:\/\/www.aymericvincent.fr"],"url":"https:\/\/www.aymericvincent.fr\/?author=1"}]}},"_links":{"self":[{"href":"https:\/\/www.aymericvincent.fr\/index.php?rest_route=\/wp\/v2\/posts\/3004","targetHints":{"allow":["GET"]}}],"collection":[{"href":"https:\/\/www.aymericvincent.fr\/index.php?rest_route=\/wp\/v2\/posts"}],"about":[{"href":"https:\/\/www.aymericvincent.fr\/index.php?rest_route=\/wp\/v2\/types\/post"}],"author":[{"embeddable":true,"href":"https:\/\/www.aymericvincent.fr\/index.php?rest_route=\/wp\/v2\/users\/1"}],"replies":[{"embeddable":true,"href":"https:\/\/www.aymericvincent.fr\/index.php?rest_route=%2Fwp%2Fv2%2Fcomments&post=3004"}],"version-history":[{"count":1,"href":"https:\/\/www.aymericvincent.fr\/index.php?rest_route=\/wp\/v2\/posts\/3004\/revisions"}],"predecessor-version":[{"id":3005,"href":"https:\/\/www.aymericvincent.fr\/index.php?rest_route=\/wp\/v2\/posts\/3004\/revisions\/3005"}],"wp:attachment":[{"href":"https:\/\/www.aymericvincent.fr\/index.php?rest_route=%2Fwp%2Fv2%2Fmedia&parent=3004"}],"wp:term":[{"taxonomy":"category","embeddable":true,"href":"https:\/\/www.aymericvincent.fr\/index.php?rest_route=%2Fwp%2Fv2%2Fcategories&post=3004"},{"taxonomy":"post_tag","embeddable":true,"href":"https:\/\/www.aymericvincent.fr\/index.php?rest_route=%2Fwp%2Fv2%2Ftags&post=3004"}],"curies":[{"name":"wp","href":"https:\/\/api.w.org\/{rel}","templated":true}]}}