{"id":2786,"date":"2011-10-12T20:20:20","date_gmt":"2011-10-12T18:20:20","guid":{"rendered":"http:\/\/www.aymericvincent.fr\/?p=2786"},"modified":"2011-09-17T08:22:26","modified_gmt":"2011-09-17T06:22:26","slug":"e-reputation-partagee-candidat-et-recruteur","status":"publish","type":"post","link":"https:\/\/www.aymericvincent.fr\/?p=2786","title":{"rendered":"e-reputation partag\u00e9e&#8230;candidat et recruteur"},"content":{"rendered":"<p>Et si la e-reputation \u00e9tait une affaire partag\u00e9e entre le recruteur et le candidat ?<\/p>\n<p><img loading=\"lazy\" decoding=\"async\" class=\"alignnone\" title=\"Recruteur et candidat, votre image\" src=\"http:\/\/www.keljob.com\/conseils-emploi\/fileadmin\/images_redac\/Emploi_en_BD\/Luc_Lemploy_-_Image_numerique-ok.jpg\" alt=\"\" width=\"432\" height=\"610\" \/><\/p>\n","protected":false},"excerpt":{"rendered":"<p>Et si la e-reputation \u00e9tait une affaire partag\u00e9e entre le recruteur et le candidat ?<\/p>\n","protected":false},"author":1,"featured_media":0,"comment_status":"open","ping_status":"open","sticky":false,"template":"","format":"standard","meta":{"_monsterinsights_skip_tracking":false,"_monsterinsights_sitenote_active":false,"_monsterinsights_sitenote_note":"","_monsterinsights_sitenote_category":0,"footnotes":""},"categories":[7,10,11],"tags":[151,575,1908],"class_list":["post-2786","post","type-post","status-publish","format-standard","hentry","category-management","category-trouver-et-recruter","category-rh-20","tag-aymeric-vincent","tag-e-reputation","tag-votre-image-candidat"],"yoast_head":"<!-- This site is optimized with the Yoast SEO plugin v27.3 - https:\/\/yoast.com\/product\/yoast-seo-wordpress\/ -->\n<title>e-reputation partag\u00e9e...candidat et recruteur | Aymeric Vincent<\/title>\n<meta name=\"robots\" content=\"index, follow, max-snippet:-1, max-image-preview:large, max-video-preview:-1\" \/>\n<link rel=\"canonical\" href=\"https:\/\/www.aymericvincent.fr\/?p=2786\" \/>\n<meta property=\"og:locale\" content=\"fr_FR\" \/>\n<meta property=\"og:type\" content=\"article\" \/>\n<meta property=\"og:title\" content=\"e-reputation partag\u00e9e...candidat et recruteur | Aymeric Vincent\" \/>\n<meta property=\"og:description\" content=\"Et si la e-reputation \u00e9tait une affaire partag\u00e9e entre le recruteur et le candidat ?\" \/>\n<meta property=\"og:url\" content=\"https:\/\/www.aymericvincent.fr\/?p=2786\" \/>\n<meta property=\"og:site_name\" content=\"Aymeric Vincent\" \/>\n<meta property=\"article:published_time\" content=\"2011-10-12T18:20:20+00:00\" \/>\n<meta property=\"og:image\" content=\"http:\/\/www.keljob.com\/conseils-emploi\/fileadmin\/images_redac\/Emploi_en_BD\/Luc_Lemploy_-_Image_numerique-ok.jpg\" \/>\n<meta name=\"author\" content=\"Aymeric Vincent\" \/>\n<meta name=\"twitter:card\" content=\"summary_large_image\" \/>\n<meta name=\"twitter:creator\" content=\"@aymericvincent\" \/>\n<meta name=\"twitter:site\" content=\"@aymericvincent\" \/>\n<meta name=\"twitter:label1\" content=\"\u00c9crit par\" \/>\n\t<meta name=\"twitter:data1\" content=\"Aymeric Vincent\" \/>\n<script type=\"application\/ld+json\" class=\"yoast-schema-graph\">{\"@context\":\"https:\\\/\\\/schema.org\",\"@graph\":[{\"@type\":\"Article\",\"@id\":\"https:\\\/\\\/www.aymericvincent.fr\\\/?p=2786#article\",\"isPartOf\":{\"@id\":\"https:\\\/\\\/www.aymericvincent.fr\\\/?p=2786\"},\"author\":{\"name\":\"Aymeric Vincent\",\"@id\":\"https:\\\/\\\/www.aymericvincent.fr\\\/#\\\/schema\\\/person\\\/7eae4d27b09369dbd5d9d7c7b16d4643\"},\"headline\":\"e-reputation partag\u00e9e&#8230;candidat et recruteur\",\"datePublished\":\"2011-10-12T18:20:20+00:00\",\"mainEntityOfPage\":{\"@id\":\"https:\\\/\\\/www.aymericvincent.fr\\\/?p=2786\"},\"wordCount\":21,\"commentCount\":0,\"publisher\":{\"@id\":\"https:\\\/\\\/www.aymericvincent.fr\\\/#\\\/schema\\\/person\\\/7eae4d27b09369dbd5d9d7c7b16d4643\"},\"image\":{\"@id\":\"https:\\\/\\\/www.aymericvincent.fr\\\/?p=2786#primaryimage\"},\"thumbnailUrl\":\"http:\\\/\\\/www.keljob.com\\\/conseils-emploi\\\/fileadmin\\\/images_redac\\\/Emploi_en_BD\\\/Luc_Lemploy_-_Image_numerique-ok.jpg\",\"keywords\":[\"Aymeric Vincent\",\"e-reputation\",\"votre image candidat\"],\"articleSection\":[\"Manager\",\"Recruter\",\"RH digital\"],\"inLanguage\":\"fr-FR\",\"potentialAction\":[{\"@type\":\"CommentAction\",\"name\":\"Comment\",\"target\":[\"https:\\\/\\\/www.aymericvincent.fr\\\/?p=2786#respond\"]}]},{\"@type\":\"WebPage\",\"@id\":\"https:\\\/\\\/www.aymericvincent.fr\\\/?p=2786\",\"url\":\"https:\\\/\\\/www.aymericvincent.fr\\\/?p=2786\",\"name\":\"e-reputation partag\u00e9e...candidat et recruteur | Aymeric Vincent\",\"isPartOf\":{\"@id\":\"https:\\\/\\\/www.aymericvincent.fr\\\/#website\"},\"primaryImageOfPage\":{\"@id\":\"https:\\\/\\\/www.aymericvincent.fr\\\/?p=2786#primaryimage\"},\"image\":{\"@id\":\"https:\\\/\\\/www.aymericvincent.fr\\\/?p=2786#primaryimage\"},\"thumbnailUrl\":\"http:\\\/\\\/www.keljob.com\\\/conseils-emploi\\\/fileadmin\\\/images_redac\\\/Emploi_en_BD\\\/Luc_Lemploy_-_Image_numerique-ok.jpg\",\"datePublished\":\"2011-10-12T18:20:20+00:00\",\"breadcrumb\":{\"@id\":\"https:\\\/\\\/www.aymericvincent.fr\\\/?p=2786#breadcrumb\"},\"inLanguage\":\"fr-FR\",\"potentialAction\":[{\"@type\":\"ReadAction\",\"target\":[\"https:\\\/\\\/www.aymericvincent.fr\\\/?p=2786\"]}]},{\"@type\":\"ImageObject\",\"inLanguage\":\"fr-FR\",\"@id\":\"https:\\\/\\\/www.aymericvincent.fr\\\/?p=2786#primaryimage\",\"url\":\"http:\\\/\\\/www.keljob.com\\\/conseils-emploi\\\/fileadmin\\\/images_redac\\\/Emploi_en_BD\\\/Luc_Lemploy_-_Image_numerique-ok.jpg\",\"contentUrl\":\"http:\\\/\\\/www.keljob.com\\\/conseils-emploi\\\/fileadmin\\\/images_redac\\\/Emploi_en_BD\\\/Luc_Lemploy_-_Image_numerique-ok.jpg\"},{\"@type\":\"BreadcrumbList\",\"@id\":\"https:\\\/\\\/www.aymericvincent.fr\\\/?p=2786#breadcrumb\",\"itemListElement\":[{\"@type\":\"ListItem\",\"position\":1,\"name\":\"Accueil\",\"item\":\"https:\\\/\\\/www.aymericvincent.fr\\\/\"},{\"@type\":\"ListItem\",\"position\":2,\"name\":\"e-reputation partag\u00e9e&#8230;candidat et recruteur\"}]},{\"@type\":\"WebSite\",\"@id\":\"https:\\\/\\\/www.aymericvincent.fr\\\/#website\",\"url\":\"https:\\\/\\\/www.aymericvincent.fr\\\/\",\"name\":\"Aymeric Vincent\",\"description\":\"Le blog de Aymeric Vincent - Management, RH et Responsabilit\u00e9 Soci\u00e9tale\",\"publisher\":{\"@id\":\"https:\\\/\\\/www.aymericvincent.fr\\\/#\\\/schema\\\/person\\\/7eae4d27b09369dbd5d9d7c7b16d4643\"},\"potentialAction\":[{\"@type\":\"SearchAction\",\"target\":{\"@type\":\"EntryPoint\",\"urlTemplate\":\"https:\\\/\\\/www.aymericvincent.fr\\\/?s={search_term_string}\"},\"query-input\":{\"@type\":\"PropertyValueSpecification\",\"valueRequired\":true,\"valueName\":\"search_term_string\"}}],\"inLanguage\":\"fr-FR\"},{\"@type\":[\"Person\",\"Organization\"],\"@id\":\"https:\\\/\\\/www.aymericvincent.fr\\\/#\\\/schema\\\/person\\\/7eae4d27b09369dbd5d9d7c7b16d4643\",\"name\":\"Aymeric Vincent\",\"image\":{\"@type\":\"ImageObject\",\"inLanguage\":\"fr-FR\",\"@id\":\"https:\\\/\\\/www.aymericvincent.fr\\\/wp-content\\\/uploads\\\/2019\\\/11\\\/aymeric_vincent-1024x683.jpg\",\"url\":\"https:\\\/\\\/www.aymericvincent.fr\\\/wp-content\\\/uploads\\\/2019\\\/11\\\/aymeric_vincent-1024x683.jpg\",\"contentUrl\":\"https:\\\/\\\/www.aymericvincent.fr\\\/wp-content\\\/uploads\\\/2019\\\/11\\\/aymeric_vincent-1024x683.jpg\",\"width\":1024,\"height\":683,\"caption\":\"Aymeric Vincent\"},\"logo\":{\"@id\":\"https:\\\/\\\/www.aymericvincent.fr\\\/wp-content\\\/uploads\\\/2019\\\/11\\\/aymeric_vincent-1024x683.jpg\"},\"description\":\"Directeur des Ressources Humaines adjoint dans l'univers de l'\u00e9dition\",\"sameAs\":[\"https:\\\/\\\/www.aymericvincent.fr\"],\"url\":\"https:\\\/\\\/www.aymericvincent.fr\\\/?author=1\"}]}<\/script>\n<!-- \/ Yoast SEO plugin. -->","yoast_head_json":{"title":"e-reputation partag\u00e9e...candidat et recruteur | Aymeric Vincent","robots":{"index":"index","follow":"follow","max-snippet":"max-snippet:-1","max-image-preview":"max-image-preview:large","max-video-preview":"max-video-preview:-1"},"canonical":"https:\/\/www.aymericvincent.fr\/?p=2786","og_locale":"fr_FR","og_type":"article","og_title":"e-reputation partag\u00e9e...candidat et recruteur | Aymeric Vincent","og_description":"Et si la e-reputation \u00e9tait une affaire partag\u00e9e entre le recruteur et le candidat ?","og_url":"https:\/\/www.aymericvincent.fr\/?p=2786","og_site_name":"Aymeric Vincent","article_published_time":"2011-10-12T18:20:20+00:00","og_image":[{"url":"http:\/\/www.keljob.com\/conseils-emploi\/fileadmin\/images_redac\/Emploi_en_BD\/Luc_Lemploy_-_Image_numerique-ok.jpg","type":"","width":"","height":""}],"author":"Aymeric Vincent","twitter_card":"summary_large_image","twitter_creator":"@aymericvincent","twitter_site":"@aymericvincent","twitter_misc":{"\u00c9crit par":"Aymeric Vincent"},"schema":{"@context":"https:\/\/schema.org","@graph":[{"@type":"Article","@id":"https:\/\/www.aymericvincent.fr\/?p=2786#article","isPartOf":{"@id":"https:\/\/www.aymericvincent.fr\/?p=2786"},"author":{"name":"Aymeric Vincent","@id":"https:\/\/www.aymericvincent.fr\/#\/schema\/person\/7eae4d27b09369dbd5d9d7c7b16d4643"},"headline":"e-reputation partag\u00e9e&#8230;candidat et recruteur","datePublished":"2011-10-12T18:20:20+00:00","mainEntityOfPage":{"@id":"https:\/\/www.aymericvincent.fr\/?p=2786"},"wordCount":21,"commentCount":0,"publisher":{"@id":"https:\/\/www.aymericvincent.fr\/#\/schema\/person\/7eae4d27b09369dbd5d9d7c7b16d4643"},"image":{"@id":"https:\/\/www.aymericvincent.fr\/?p=2786#primaryimage"},"thumbnailUrl":"http:\/\/www.keljob.com\/conseils-emploi\/fileadmin\/images_redac\/Emploi_en_BD\/Luc_Lemploy_-_Image_numerique-ok.jpg","keywords":["Aymeric Vincent","e-reputation","votre image candidat"],"articleSection":["Manager","Recruter","RH digital"],"inLanguage":"fr-FR","potentialAction":[{"@type":"CommentAction","name":"Comment","target":["https:\/\/www.aymericvincent.fr\/?p=2786#respond"]}]},{"@type":"WebPage","@id":"https:\/\/www.aymericvincent.fr\/?p=2786","url":"https:\/\/www.aymericvincent.fr\/?p=2786","name":"e-reputation partag\u00e9e...candidat et recruteur | Aymeric Vincent","isPartOf":{"@id":"https:\/\/www.aymericvincent.fr\/#website"},"primaryImageOfPage":{"@id":"https:\/\/www.aymericvincent.fr\/?p=2786#primaryimage"},"image":{"@id":"https:\/\/www.aymericvincent.fr\/?p=2786#primaryimage"},"thumbnailUrl":"http:\/\/www.keljob.com\/conseils-emploi\/fileadmin\/images_redac\/Emploi_en_BD\/Luc_Lemploy_-_Image_numerique-ok.jpg","datePublished":"2011-10-12T18:20:20+00:00","breadcrumb":{"@id":"https:\/\/www.aymericvincent.fr\/?p=2786#breadcrumb"},"inLanguage":"fr-FR","potentialAction":[{"@type":"ReadAction","target":["https:\/\/www.aymericvincent.fr\/?p=2786"]}]},{"@type":"ImageObject","inLanguage":"fr-FR","@id":"https:\/\/www.aymericvincent.fr\/?p=2786#primaryimage","url":"http:\/\/www.keljob.com\/conseils-emploi\/fileadmin\/images_redac\/Emploi_en_BD\/Luc_Lemploy_-_Image_numerique-ok.jpg","contentUrl":"http:\/\/www.keljob.com\/conseils-emploi\/fileadmin\/images_redac\/Emploi_en_BD\/Luc_Lemploy_-_Image_numerique-ok.jpg"},{"@type":"BreadcrumbList","@id":"https:\/\/www.aymericvincent.fr\/?p=2786#breadcrumb","itemListElement":[{"@type":"ListItem","position":1,"name":"Accueil","item":"https:\/\/www.aymericvincent.fr\/"},{"@type":"ListItem","position":2,"name":"e-reputation partag\u00e9e&#8230;candidat et recruteur"}]},{"@type":"WebSite","@id":"https:\/\/www.aymericvincent.fr\/#website","url":"https:\/\/www.aymericvincent.fr\/","name":"Aymeric Vincent","description":"Le blog de Aymeric Vincent - Management, RH et Responsabilit\u00e9 Soci\u00e9tale","publisher":{"@id":"https:\/\/www.aymericvincent.fr\/#\/schema\/person\/7eae4d27b09369dbd5d9d7c7b16d4643"},"potentialAction":[{"@type":"SearchAction","target":{"@type":"EntryPoint","urlTemplate":"https:\/\/www.aymericvincent.fr\/?s={search_term_string}"},"query-input":{"@type":"PropertyValueSpecification","valueRequired":true,"valueName":"search_term_string"}}],"inLanguage":"fr-FR"},{"@type":["Person","Organization"],"@id":"https:\/\/www.aymericvincent.fr\/#\/schema\/person\/7eae4d27b09369dbd5d9d7c7b16d4643","name":"Aymeric Vincent","image":{"@type":"ImageObject","inLanguage":"fr-FR","@id":"https:\/\/www.aymericvincent.fr\/wp-content\/uploads\/2019\/11\/aymeric_vincent-1024x683.jpg","url":"https:\/\/www.aymericvincent.fr\/wp-content\/uploads\/2019\/11\/aymeric_vincent-1024x683.jpg","contentUrl":"https:\/\/www.aymericvincent.fr\/wp-content\/uploads\/2019\/11\/aymeric_vincent-1024x683.jpg","width":1024,"height":683,"caption":"Aymeric Vincent"},"logo":{"@id":"https:\/\/www.aymericvincent.fr\/wp-content\/uploads\/2019\/11\/aymeric_vincent-1024x683.jpg"},"description":"Directeur des Ressources Humaines adjoint dans l'univers de l'\u00e9dition","sameAs":["https:\/\/www.aymericvincent.fr"],"url":"https:\/\/www.aymericvincent.fr\/?author=1"}]}},"_links":{"self":[{"href":"https:\/\/www.aymericvincent.fr\/index.php?rest_route=\/wp\/v2\/posts\/2786","targetHints":{"allow":["GET"]}}],"collection":[{"href":"https:\/\/www.aymericvincent.fr\/index.php?rest_route=\/wp\/v2\/posts"}],"about":[{"href":"https:\/\/www.aymericvincent.fr\/index.php?rest_route=\/wp\/v2\/types\/post"}],"author":[{"embeddable":true,"href":"https:\/\/www.aymericvincent.fr\/index.php?rest_route=\/wp\/v2\/users\/1"}],"replies":[{"embeddable":true,"href":"https:\/\/www.aymericvincent.fr\/index.php?rest_route=%2Fwp%2Fv2%2Fcomments&post=2786"}],"version-history":[{"count":1,"href":"https:\/\/www.aymericvincent.fr\/index.php?rest_route=\/wp\/v2\/posts\/2786\/revisions"}],"predecessor-version":[{"id":2787,"href":"https:\/\/www.aymericvincent.fr\/index.php?rest_route=\/wp\/v2\/posts\/2786\/revisions\/2787"}],"wp:attachment":[{"href":"https:\/\/www.aymericvincent.fr\/index.php?rest_route=%2Fwp%2Fv2%2Fmedia&parent=2786"}],"wp:term":[{"taxonomy":"category","embeddable":true,"href":"https:\/\/www.aymericvincent.fr\/index.php?rest_route=%2Fwp%2Fv2%2Fcategories&post=2786"},{"taxonomy":"post_tag","embeddable":true,"href":"https:\/\/www.aymericvincent.fr\/index.php?rest_route=%2Fwp%2Fv2%2Ftags&post=2786"}],"curies":[{"name":"wp","href":"https:\/\/api.w.org\/{rel}","templated":true}]}}