{"id":258,"date":"2009-05-09T11:36:30","date_gmt":"2009-05-09T09:36:30","guid":{"rendered":"http:\/\/aymeric.vincent.free.fr\/?p=258"},"modified":"2014-05-12T21:45:25","modified_gmt":"2014-05-12T19:45:25","slug":"votre-image-candidat","status":"publish","type":"post","link":"https:\/\/www.aymericvincent.fr\/?p=258","title":{"rendered":"Votre image candidat"},"content":{"rendered":"<p><a href=\"http:\/\/www.aymericvincent.fr\/wp-content\/uploads\/2008\/09\/votre_image_candidat_aymeric_vincent.jpg\"><img loading=\"lazy\" decoding=\"async\" class=\"alignleft size-full wp-image-260\" alt=\"Votre image candidat - Aymeric Vincent\" src=\"http:\/\/www.aymericvincent.fr\/wp-content\/uploads\/2008\/09\/votre_image_candidat_aymeric_vincent.jpg\" width=\"189\" height=\"300\" \/><\/a>La probl\u00e9matique de l\u2019image se place d\u00e9sormais au c\u0153ur de nombreux domaines,\u00a0 notamment celui du recrutement.<br \/>\nQuel usage faire des diff\u00e9rents r\u00e9seaux sociaux tels que Facebook ou Viadeo ? Comment construire son image virtuelle ? Que mettre dans son blog ?<\/p>\n<p>De nos jours, la lettre de motivation et le curriculum vitae conservent-ils une r\u00e9elle importance ? Comment les r\u00e9diger efficacement ?<br \/>\nL\u2019\u00e9tape de l\u2019entretien, ce face \u00e0 face bien r\u00e9el avec le recruteur, ob\u00e9it elle aussi \u00e0 de nouvelles r\u00e8gles qu\u2019il faut ma\u00eetriser.<\/p>\n<p>Cet ouvrage s\u2019adresse \u00e0 tous ceux qui recherchent actuellement un emploi ou qui restent soucieux de construire leur image de candidat. Abordant l\u2019image virtuelle, l\u2019image papier et l\u2019image r\u00e9elle du candidat, ce livre tend \u00e0 r\u00e9pondre \u00e0 toutes vos interrogations et \u00e0 vous donner des cl\u00e9s pour entretenir votre image.<\/p>\n<p>Votre image candidat, Aymeric Vincent, \u00e9ditions Studyrama, octobre 2008<\/p>\n<p><strong><em>A d\u00e9couvrir dans la presse papier et radio:<\/em><\/strong><\/p>\n<p><a title=\"Rebondir Aymeric Vincent\" href=\"http:\/\/aymericvincent.fr\/wp-content\/uploads\/2009\/02\/article_rebondir_fevrier_2009_aymericvincent.pdf\" target=\"blank\">Article sur le livre dans le journal <strong><em>Rebondir<\/em><\/strong> en f\u00e9vrier 2009 <\/a><\/p>\n<p><a title=\"La Montagne Aymeric Vincent\" href=\"http:\/\/aymericvincent.fr\/wp-content\/uploads\/2009\/02\/article_la_montagne_fevrier2009.pdf\" target=\"blank\">Article sur le livre dans le journal <em><strong>La Montagne<\/strong><\/em> en f\u00e9vrier 2009 <\/a><\/p>\n<p><a href=\"http:\/\/aymericvincent.fr\/wp-content\/uploads\/2008\/03\/aymeric_vincent_radio_bleu_fevrier2009.Mp3\" target=\"blank\">Interview sur la radio <em><strong>France Bleu Bourgogne<\/strong><\/em><\/a>, diffusion le 19 f\u00e9vrier 2009<\/p>\n<p><a title=\"Le Parisien Aymeric Vincent\" href=\"http:\/\/aymericvincent.fr\/wp-content\/uploads\/2009\/03\/article_le_parisien_mars2009.pdf\" target=\"blank\">Article sur le livre dans le journal <em><strong>Le Parisien<\/strong><\/em> en mars 2009<\/a><\/p>\n<p>Interview sur la radio <em><strong>France Bleu Orl\u00e9ans<\/strong><\/em>, diffusion le 5 mars 2009<\/p>\n<p><strong><em>A d\u00e9couvrir sur le web :<\/em><\/strong><\/p>\n<p><a href=\"http:\/\/beatricepene.canalblog.com\/archives\/2008\/10\/14\/10953418.html\" target=\"blank\">Blog de B\u00e9atrice P\u00e8ne<\/a><\/p>\n<p><a href=\"http:\/\/redaction.blog.regionsjob.com\/index.php\/post\/2008\/10\/14\/Soignez-votre-image-candidat\" target=\"blank\">Blog Mode(s) d\u2019emploi<\/a><\/p>\n<p><a href=\"http:\/\/www.meteojob.com\/emploi-actualites\/270\/3-questions-aaymeric-vincent-auteur-de-votre-image-candidat-aux-editions-studyrama..html\" target=\"blank\">M\u00e9teo Job<\/a><\/p>\n<p><a href=\"http:\/\/www.syljean.com\/?p=1339\" target=\"blank\">Blog Pr\u00eat \u00e0 l\u2019emploi<\/a><\/p>\n<p><a href=\"http:\/\/www.reussirmavie.net\/Construire-son-image-de-candidat-sur-le-Net_a618.html\" target=\"blank\">Blog R\u00e9ussir ma vie<\/a><\/p>\n<p><a href=\"http:\/\/www.reussirmavie.net\/actudebouchesblog\/Candidat-a-l-emploi-Attention,-vous-etes-googlise-!_a15.html?com\" target=\"blank\">Blog D\u00e9bouch\u00e9s professsionnels<\/a><\/p>\n","protected":false},"excerpt":{"rendered":"<p>Cet ouvrage s\u2019adresse \u00e0 tous ceux qui recherchent actuellement un emploi ou qui restent soucieux de construire leur image de candidat. Abordant l\u2019image virtuelle, l\u2019image papier et l\u2019image r\u00e9elle du candidat, ce livre tend \u00e0 r\u00e9pondre \u00e0 toutes vos interrogations et \u00e0 vous donner des cl\u00e9s pour entretenir votre image.<\/p>\n","protected":false},"author":1,"featured_media":260,"comment_status":"open","ping_status":"open","sticky":false,"template":"","format":"standard","meta":{"_monsterinsights_skip_tracking":false,"_monsterinsights_sitenote_active":false,"_monsterinsights_sitenote_note":"","_monsterinsights_sitenote_category":0,"footnotes":""},"categories":[6],"tags":[150,151,399,552,621,711,1080,1510,1560,1589,1737,1877,1889,1908],"class_list":["post-258","post","type-post","status-publish","format-standard","has-post-thumbnail","hentry","category-livre-de-aymeric-vincent","tag-aymeric","tag-aymeric-vincent","tag-construire-son-profil","tag-drh","tag-emploi","tag-facebook","tag-linkedin","tag-recrutement","tag-reseaux-sociaux","tag-rh","tag-studyrama","tag-viadeo","tag-vincent","tag-votre-image-candidat"],"yoast_head":"<!-- This site is optimized with the Yoast SEO plugin v27.5 - https:\/\/yoast.com\/product\/yoast-seo-wordpress\/ -->\n<title>Votre image candidat | Aymeric Vincent<\/title>\n<meta name=\"robots\" content=\"index, follow, max-snippet:-1, max-image-preview:large, max-video-preview:-1\" \/>\n<link rel=\"canonical\" href=\"https:\/\/www.aymericvincent.fr\/?p=258\" \/>\n<meta property=\"og:locale\" content=\"fr_FR\" \/>\n<meta property=\"og:type\" content=\"article\" \/>\n<meta property=\"og:title\" content=\"Votre image candidat | Aymeric Vincent\" \/>\n<meta property=\"og:description\" content=\"Cet ouvrage s\u2019adresse \u00e0 tous ceux qui recherchent actuellement un emploi ou qui restent soucieux de construire leur image de candidat. Abordant l\u2019image virtuelle, l\u2019image papier et l\u2019image r\u00e9elle du candidat, ce livre tend \u00e0 r\u00e9pondre \u00e0 toutes vos interrogations et \u00e0 vous donner des cl\u00e9s pour entretenir votre image.\" \/>\n<meta property=\"og:url\" content=\"https:\/\/www.aymericvincent.fr\/?p=258\" \/>\n<meta property=\"og:site_name\" content=\"Aymeric Vincent\" \/>\n<meta property=\"article:published_time\" content=\"2009-05-09T09:36:30+00:00\" \/>\n<meta property=\"article:modified_time\" content=\"2014-05-12T19:45:25+00:00\" \/>\n<meta property=\"og:image\" content=\"https:\/\/www.aymericvincent.fr\/wp-content\/uploads\/2008\/09\/votre_image_candidat_aymeric_vincent.jpg\" \/>\n\t<meta property=\"og:image:width\" content=\"189\" \/>\n\t<meta property=\"og:image:height\" content=\"300\" \/>\n\t<meta property=\"og:image:type\" content=\"image\/jpeg\" \/>\n<meta name=\"author\" content=\"Aymeric Vincent\" \/>\n<meta name=\"twitter:card\" content=\"summary_large_image\" \/>\n<meta name=\"twitter:creator\" content=\"@aymericvincent\" \/>\n<meta name=\"twitter:site\" content=\"@aymericvincent\" \/>\n<meta name=\"twitter:label1\" content=\"\u00c9crit par\" \/>\n\t<meta name=\"twitter:data1\" content=\"Aymeric Vincent\" \/>\n\t<meta name=\"twitter:label2\" content=\"Dur\u00e9e de lecture estim\u00e9e\" \/>\n\t<meta name=\"twitter:data2\" content=\"1 minute\" \/>\n<script type=\"application\/ld+json\" class=\"yoast-schema-graph\">{\"@context\":\"https:\\\/\\\/schema.org\",\"@graph\":[{\"@type\":\"Article\",\"@id\":\"https:\\\/\\\/www.aymericvincent.fr\\\/?p=258#article\",\"isPartOf\":{\"@id\":\"https:\\\/\\\/www.aymericvincent.fr\\\/?p=258\"},\"author\":{\"name\":\"Aymeric Vincent\",\"@id\":\"https:\\\/\\\/www.aymericvincent.fr\\\/#\\\/schema\\\/person\\\/7eae4d27b09369dbd5d9d7c7b16d4643\"},\"headline\":\"Votre image candidat\",\"datePublished\":\"2009-05-09T09:36:30+00:00\",\"dateModified\":\"2014-05-12T19:45:25+00:00\",\"mainEntityOfPage\":{\"@id\":\"https:\\\/\\\/www.aymericvincent.fr\\\/?p=258\"},\"wordCount\":256,\"commentCount\":0,\"publisher\":{\"@id\":\"https:\\\/\\\/www.aymericvincent.fr\\\/#\\\/schema\\\/person\\\/7eae4d27b09369dbd5d9d7c7b16d4643\"},\"image\":{\"@id\":\"https:\\\/\\\/www.aymericvincent.fr\\\/?p=258#primaryimage\"},\"thumbnailUrl\":\"https:\\\/\\\/www.aymericvincent.fr\\\/wp-content\\\/uploads\\\/2008\\\/09\\\/votre_image_candidat_aymeric_vincent.jpg\",\"keywords\":[\"Aymeric\",\"Aymeric Vincent\",\"construire son profil\",\"drh\",\"emploi\",\"facebook\",\"linkedin\",\"recrutement\",\"reseaux sociaux\",\"RH\",\"studyrama\",\"viadeo\",\"Vincent\",\"votre image candidat\"],\"articleSection\":[\"Livres de Aymeric Vincent\"],\"inLanguage\":\"fr-FR\",\"potentialAction\":[{\"@type\":\"CommentAction\",\"name\":\"Comment\",\"target\":[\"https:\\\/\\\/www.aymericvincent.fr\\\/?p=258#respond\"]}]},{\"@type\":\"WebPage\",\"@id\":\"https:\\\/\\\/www.aymericvincent.fr\\\/?p=258\",\"url\":\"https:\\\/\\\/www.aymericvincent.fr\\\/?p=258\",\"name\":\"Votre image candidat | Aymeric Vincent\",\"isPartOf\":{\"@id\":\"https:\\\/\\\/www.aymericvincent.fr\\\/#website\"},\"primaryImageOfPage\":{\"@id\":\"https:\\\/\\\/www.aymericvincent.fr\\\/?p=258#primaryimage\"},\"image\":{\"@id\":\"https:\\\/\\\/www.aymericvincent.fr\\\/?p=258#primaryimage\"},\"thumbnailUrl\":\"https:\\\/\\\/www.aymericvincent.fr\\\/wp-content\\\/uploads\\\/2008\\\/09\\\/votre_image_candidat_aymeric_vincent.jpg\",\"datePublished\":\"2009-05-09T09:36:30+00:00\",\"dateModified\":\"2014-05-12T19:45:25+00:00\",\"breadcrumb\":{\"@id\":\"https:\\\/\\\/www.aymericvincent.fr\\\/?p=258#breadcrumb\"},\"inLanguage\":\"fr-FR\",\"potentialAction\":[{\"@type\":\"ReadAction\",\"target\":[\"https:\\\/\\\/www.aymericvincent.fr\\\/?p=258\"]}]},{\"@type\":\"ImageObject\",\"inLanguage\":\"fr-FR\",\"@id\":\"https:\\\/\\\/www.aymericvincent.fr\\\/?p=258#primaryimage\",\"url\":\"https:\\\/\\\/www.aymericvincent.fr\\\/wp-content\\\/uploads\\\/2008\\\/09\\\/votre_image_candidat_aymeric_vincent.jpg\",\"contentUrl\":\"https:\\\/\\\/www.aymericvincent.fr\\\/wp-content\\\/uploads\\\/2008\\\/09\\\/votre_image_candidat_aymeric_vincent.jpg\",\"width\":\"189\",\"height\":\"300\"},{\"@type\":\"BreadcrumbList\",\"@id\":\"https:\\\/\\\/www.aymericvincent.fr\\\/?p=258#breadcrumb\",\"itemListElement\":[{\"@type\":\"ListItem\",\"position\":1,\"name\":\"Accueil\",\"item\":\"https:\\\/\\\/www.aymericvincent.fr\\\/\"},{\"@type\":\"ListItem\",\"position\":2,\"name\":\"Votre image candidat\"}]},{\"@type\":\"WebSite\",\"@id\":\"https:\\\/\\\/www.aymericvincent.fr\\\/#website\",\"url\":\"https:\\\/\\\/www.aymericvincent.fr\\\/\",\"name\":\"Aymeric Vincent\",\"description\":\"Le blog de Aymeric Vincent - Management, RH et Responsabilit\u00e9 Soci\u00e9tale\",\"publisher\":{\"@id\":\"https:\\\/\\\/www.aymericvincent.fr\\\/#\\\/schema\\\/person\\\/7eae4d27b09369dbd5d9d7c7b16d4643\"},\"potentialAction\":[{\"@type\":\"SearchAction\",\"target\":{\"@type\":\"EntryPoint\",\"urlTemplate\":\"https:\\\/\\\/www.aymericvincent.fr\\\/?s={search_term_string}\"},\"query-input\":{\"@type\":\"PropertyValueSpecification\",\"valueRequired\":true,\"valueName\":\"search_term_string\"}}],\"inLanguage\":\"fr-FR\"},{\"@type\":[\"Person\",\"Organization\"],\"@id\":\"https:\\\/\\\/www.aymericvincent.fr\\\/#\\\/schema\\\/person\\\/7eae4d27b09369dbd5d9d7c7b16d4643\",\"name\":\"Aymeric Vincent\",\"image\":{\"@type\":\"ImageObject\",\"inLanguage\":\"fr-FR\",\"@id\":\"https:\\\/\\\/www.aymericvincent.fr\\\/wp-content\\\/uploads\\\/2019\\\/11\\\/aymeric_vincent-1024x683.jpg\",\"url\":\"https:\\\/\\\/www.aymericvincent.fr\\\/wp-content\\\/uploads\\\/2019\\\/11\\\/aymeric_vincent-1024x683.jpg\",\"contentUrl\":\"https:\\\/\\\/www.aymericvincent.fr\\\/wp-content\\\/uploads\\\/2019\\\/11\\\/aymeric_vincent-1024x683.jpg\",\"width\":1024,\"height\":683,\"caption\":\"Aymeric Vincent\"},\"logo\":{\"@id\":\"https:\\\/\\\/www.aymericvincent.fr\\\/wp-content\\\/uploads\\\/2019\\\/11\\\/aymeric_vincent-1024x683.jpg\"},\"description\":\"Directeur des Ressources Humaines adjoint dans l'univers de l'\u00e9dition\",\"sameAs\":[\"https:\\\/\\\/www.aymericvincent.fr\"],\"url\":\"https:\\\/\\\/www.aymericvincent.fr\\\/?author=1\"}]}<\/script>\n<!-- \/ Yoast SEO plugin. -->","yoast_head_json":{"title":"Votre image candidat | Aymeric Vincent","robots":{"index":"index","follow":"follow","max-snippet":"max-snippet:-1","max-image-preview":"max-image-preview:large","max-video-preview":"max-video-preview:-1"},"canonical":"https:\/\/www.aymericvincent.fr\/?p=258","og_locale":"fr_FR","og_type":"article","og_title":"Votre image candidat | Aymeric Vincent","og_description":"Cet ouvrage s\u2019adresse \u00e0 tous ceux qui recherchent actuellement un emploi ou qui restent soucieux de construire leur image de candidat. Abordant l\u2019image virtuelle, l\u2019image papier et l\u2019image r\u00e9elle du candidat, ce livre tend \u00e0 r\u00e9pondre \u00e0 toutes vos interrogations et \u00e0 vous donner des cl\u00e9s pour entretenir votre image.","og_url":"https:\/\/www.aymericvincent.fr\/?p=258","og_site_name":"Aymeric Vincent","article_published_time":"2009-05-09T09:36:30+00:00","article_modified_time":"2014-05-12T19:45:25+00:00","og_image":[{"width":189,"height":300,"url":"https:\/\/www.aymericvincent.fr\/wp-content\/uploads\/2008\/09\/votre_image_candidat_aymeric_vincent.jpg","type":"image\/jpeg"}],"author":"Aymeric Vincent","twitter_card":"summary_large_image","twitter_creator":"@aymericvincent","twitter_site":"@aymericvincent","twitter_misc":{"\u00c9crit par":"Aymeric Vincent","Dur\u00e9e de lecture estim\u00e9e":"1 minute"},"schema":{"@context":"https:\/\/schema.org","@graph":[{"@type":"Article","@id":"https:\/\/www.aymericvincent.fr\/?p=258#article","isPartOf":{"@id":"https:\/\/www.aymericvincent.fr\/?p=258"},"author":{"name":"Aymeric Vincent","@id":"https:\/\/www.aymericvincent.fr\/#\/schema\/person\/7eae4d27b09369dbd5d9d7c7b16d4643"},"headline":"Votre image candidat","datePublished":"2009-05-09T09:36:30+00:00","dateModified":"2014-05-12T19:45:25+00:00","mainEntityOfPage":{"@id":"https:\/\/www.aymericvincent.fr\/?p=258"},"wordCount":256,"commentCount":0,"publisher":{"@id":"https:\/\/www.aymericvincent.fr\/#\/schema\/person\/7eae4d27b09369dbd5d9d7c7b16d4643"},"image":{"@id":"https:\/\/www.aymericvincent.fr\/?p=258#primaryimage"},"thumbnailUrl":"https:\/\/www.aymericvincent.fr\/wp-content\/uploads\/2008\/09\/votre_image_candidat_aymeric_vincent.jpg","keywords":["Aymeric","Aymeric Vincent","construire son profil","drh","emploi","facebook","linkedin","recrutement","reseaux sociaux","RH","studyrama","viadeo","Vincent","votre image candidat"],"articleSection":["Livres de Aymeric Vincent"],"inLanguage":"fr-FR","potentialAction":[{"@type":"CommentAction","name":"Comment","target":["https:\/\/www.aymericvincent.fr\/?p=258#respond"]}]},{"@type":"WebPage","@id":"https:\/\/www.aymericvincent.fr\/?p=258","url":"https:\/\/www.aymericvincent.fr\/?p=258","name":"Votre image candidat | Aymeric Vincent","isPartOf":{"@id":"https:\/\/www.aymericvincent.fr\/#website"},"primaryImageOfPage":{"@id":"https:\/\/www.aymericvincent.fr\/?p=258#primaryimage"},"image":{"@id":"https:\/\/www.aymericvincent.fr\/?p=258#primaryimage"},"thumbnailUrl":"https:\/\/www.aymericvincent.fr\/wp-content\/uploads\/2008\/09\/votre_image_candidat_aymeric_vincent.jpg","datePublished":"2009-05-09T09:36:30+00:00","dateModified":"2014-05-12T19:45:25+00:00","breadcrumb":{"@id":"https:\/\/www.aymericvincent.fr\/?p=258#breadcrumb"},"inLanguage":"fr-FR","potentialAction":[{"@type":"ReadAction","target":["https:\/\/www.aymericvincent.fr\/?p=258"]}]},{"@type":"ImageObject","inLanguage":"fr-FR","@id":"https:\/\/www.aymericvincent.fr\/?p=258#primaryimage","url":"https:\/\/www.aymericvincent.fr\/wp-content\/uploads\/2008\/09\/votre_image_candidat_aymeric_vincent.jpg","contentUrl":"https:\/\/www.aymericvincent.fr\/wp-content\/uploads\/2008\/09\/votre_image_candidat_aymeric_vincent.jpg","width":"189","height":"300"},{"@type":"BreadcrumbList","@id":"https:\/\/www.aymericvincent.fr\/?p=258#breadcrumb","itemListElement":[{"@type":"ListItem","position":1,"name":"Accueil","item":"https:\/\/www.aymericvincent.fr\/"},{"@type":"ListItem","position":2,"name":"Votre image candidat"}]},{"@type":"WebSite","@id":"https:\/\/www.aymericvincent.fr\/#website","url":"https:\/\/www.aymericvincent.fr\/","name":"Aymeric Vincent","description":"Le blog de Aymeric Vincent - Management, RH et Responsabilit\u00e9 Soci\u00e9tale","publisher":{"@id":"https:\/\/www.aymericvincent.fr\/#\/schema\/person\/7eae4d27b09369dbd5d9d7c7b16d4643"},"potentialAction":[{"@type":"SearchAction","target":{"@type":"EntryPoint","urlTemplate":"https:\/\/www.aymericvincent.fr\/?s={search_term_string}"},"query-input":{"@type":"PropertyValueSpecification","valueRequired":true,"valueName":"search_term_string"}}],"inLanguage":"fr-FR"},{"@type":["Person","Organization"],"@id":"https:\/\/www.aymericvincent.fr\/#\/schema\/person\/7eae4d27b09369dbd5d9d7c7b16d4643","name":"Aymeric Vincent","image":{"@type":"ImageObject","inLanguage":"fr-FR","@id":"https:\/\/www.aymericvincent.fr\/wp-content\/uploads\/2019\/11\/aymeric_vincent-1024x683.jpg","url":"https:\/\/www.aymericvincent.fr\/wp-content\/uploads\/2019\/11\/aymeric_vincent-1024x683.jpg","contentUrl":"https:\/\/www.aymericvincent.fr\/wp-content\/uploads\/2019\/11\/aymeric_vincent-1024x683.jpg","width":1024,"height":683,"caption":"Aymeric Vincent"},"logo":{"@id":"https:\/\/www.aymericvincent.fr\/wp-content\/uploads\/2019\/11\/aymeric_vincent-1024x683.jpg"},"description":"Directeur des Ressources Humaines adjoint dans l'univers de l'\u00e9dition","sameAs":["https:\/\/www.aymericvincent.fr"],"url":"https:\/\/www.aymericvincent.fr\/?author=1"}]}},"_links":{"self":[{"href":"https:\/\/www.aymericvincent.fr\/index.php?rest_route=\/wp\/v2\/posts\/258","targetHints":{"allow":["GET"]}}],"collection":[{"href":"https:\/\/www.aymericvincent.fr\/index.php?rest_route=\/wp\/v2\/posts"}],"about":[{"href":"https:\/\/www.aymericvincent.fr\/index.php?rest_route=\/wp\/v2\/types\/post"}],"author":[{"embeddable":true,"href":"https:\/\/www.aymericvincent.fr\/index.php?rest_route=\/wp\/v2\/users\/1"}],"replies":[{"embeddable":true,"href":"https:\/\/www.aymericvincent.fr\/index.php?rest_route=%2Fwp%2Fv2%2Fcomments&post=258"}],"version-history":[{"count":6,"href":"https:\/\/www.aymericvincent.fr\/index.php?rest_route=\/wp\/v2\/posts\/258\/revisions"}],"predecessor-version":[{"id":6140,"href":"https:\/\/www.aymericvincent.fr\/index.php?rest_route=\/wp\/v2\/posts\/258\/revisions\/6140"}],"wp:featuredmedia":[{"embeddable":true,"href":"https:\/\/www.aymericvincent.fr\/index.php?rest_route=\/wp\/v2\/media\/260"}],"wp:attachment":[{"href":"https:\/\/www.aymericvincent.fr\/index.php?rest_route=%2Fwp%2Fv2%2Fmedia&parent=258"}],"wp:term":[{"taxonomy":"category","embeddable":true,"href":"https:\/\/www.aymericvincent.fr\/index.php?rest_route=%2Fwp%2Fv2%2Fcategories&post=258"},{"taxonomy":"post_tag","embeddable":true,"href":"https:\/\/www.aymericvincent.fr\/index.php?rest_route=%2Fwp%2Fv2%2Ftags&post=258"}],"curies":[{"name":"wp","href":"https:\/\/api.w.org\/{rel}","templated":true}]}}