{"id":15886,"date":"2025-06-02T12:12:00","date_gmt":"2025-06-02T10:12:00","guid":{"rendered":"https:\/\/www.aymericvincent.fr\/?p=15886"},"modified":"2025-05-31T08:55:17","modified_gmt":"2025-05-31T06:55:17","slug":"savoirs-partages","status":"publish","type":"post","link":"https:\/\/www.aymericvincent.fr\/?p=15886","title":{"rendered":"Savoirs Partag\u00e9s"},"content":{"rendered":"\n<p>Dans le cadre de son programme construit sur mesure \u00ab Savoirs Partag\u00e9s \u00bb, le Groupe Les Echos Le Parisien a accueilli plus de 100 lyc\u00e9ens en classe de seconde du 17 au 28 juin 2024. Au coeur de la transmission des savoirs, les lyc\u00e9ennes et lyc\u00e9ens ont d\u00e9couvert nos m\u00e9tiers, nos environnements de travail et, plus largement, l\u2019entreprise. En compl\u00e9ment du temps pass\u00e9 au plus pr\u00e8s des m\u00e9tiers avec leur tuteur, un programme de conf\u00e9rences et tables ronde abordant les diff\u00e9rentes facettes du Groupe a anim\u00e9 cette quinzaine.<\/p>\n\n\n\n<p>En juin 2025, la Direction des Ressources Humaines renouv\u00e8le son engagement avec, \u00e0 nouveau, le d\u00e9ploiement de ce programme d&rsquo;envergure imagin\u00e9 et mis en oeuvre totalement par la Direction de la transformation et de l&rsquo;innovation RH.<\/p>\n\n\n\n<iframe loading=\"lazy\" width=\"560\" height=\"315\" src=\"https:\/\/www.youtube.com\/embed\/h-yehjCocXo?si=tnU6GgtSaNq6A3Fa\" title=\"YouTube video player\" frameborder=\"0\" allow=\"accelerometer; autoplay; clipboard-write; encrypted-media; gyroscope; picture-in-picture; web-share\" referrerpolicy=\"strict-origin-when-cross-origin\" allowfullscreen><\/iframe>\n","protected":false},"excerpt":{"rendered":"<p>Dans le cadre de son programme construit sur mesure \u00ab Savoirs Partag\u00e9s \u00bb, le Groupe Les Echos Le Parisien a accueilli plus de 100 lyc\u00e9ens en classe de seconde du 17 au 28 juin 2024. Au coeur de la transmission des savoirs, les lyc\u00e9ennes et lyc\u00e9ens ont d\u00e9couvert nos m\u00e9tiers, nos environnements de travail et, [&hellip;]<\/p>\n","protected":false},"author":1,"featured_media":0,"comment_status":"closed","ping_status":"closed","sticky":false,"template":"","format":"standard","meta":{"_monsterinsights_skip_tracking":false,"_monsterinsights_sitenote_active":false,"_monsterinsights_sitenote_note":"","_monsterinsights_sitenote_category":0,"footnotes":""},"categories":[2025],"tags":[151,629,5207,6724,6725,1713,1817,6726],"class_list":["post-15886","post","type-post","status-publish","format-standard","hentry","category-responsabilite-societale-entreprise","tag-aymeric-vincent","tag-engagement","tag-groupe-les-echos-le-parisien","tag-savoirs-partages","tag-seconde","tag-stage","tag-transmission","tag-troisieme"],"yoast_head":"<!-- This site is optimized with the Yoast SEO plugin v27.5 - https:\/\/yoast.com\/product\/yoast-seo-wordpress\/ -->\n<title>Savoirs Partag\u00e9s | Aymeric Vincent<\/title>\n<meta name=\"description\" content=\"Savoirs Partag\u00e9s, un programme d&#039;envergure d\u00e9di\u00e9 aux \u00e9l\u00e8ves de seconde, imagin\u00e9 et d\u00e9ploy\u00e9 par la Direction des Ressources Humaines.\" \/>\n<meta name=\"robots\" content=\"index, follow, max-snippet:-1, max-image-preview:large, max-video-preview:-1\" \/>\n<link rel=\"canonical\" href=\"https:\/\/www.aymericvincent.fr\/?p=15886\" \/>\n<meta property=\"og:locale\" content=\"fr_FR\" \/>\n<meta property=\"og:type\" content=\"article\" \/>\n<meta property=\"og:title\" content=\"Savoirs Partag\u00e9s | Aymeric Vincent\" \/>\n<meta property=\"og:description\" content=\"Savoirs Partag\u00e9s, un programme d&#039;envergure d\u00e9di\u00e9 aux \u00e9l\u00e8ves de seconde, imagin\u00e9 et d\u00e9ploy\u00e9 par la Direction des Ressources Humaines.\" \/>\n<meta property=\"og:url\" content=\"https:\/\/www.aymericvincent.fr\/?p=15886\" \/>\n<meta property=\"og:site_name\" content=\"Aymeric Vincent\" \/>\n<meta property=\"article:published_time\" content=\"2025-06-02T10:12:00+00:00\" \/>\n<meta name=\"author\" content=\"Aymeric Vincent\" \/>\n<meta name=\"twitter:card\" content=\"summary_large_image\" \/>\n<meta name=\"twitter:creator\" content=\"@aymericvincent\" \/>\n<meta name=\"twitter:site\" content=\"@aymericvincent\" \/>\n<meta name=\"twitter:label1\" content=\"\u00c9crit par\" \/>\n\t<meta name=\"twitter:data1\" content=\"Aymeric Vincent\" \/>\n\t<meta name=\"twitter:label2\" content=\"Dur\u00e9e de lecture estim\u00e9e\" \/>\n\t<meta name=\"twitter:data2\" content=\"1 minute\" \/>\n<script type=\"application\/ld+json\" class=\"yoast-schema-graph\">{\"@context\":\"https:\\\/\\\/schema.org\",\"@graph\":[{\"@type\":\"Article\",\"@id\":\"https:\\\/\\\/www.aymericvincent.fr\\\/?p=15886#article\",\"isPartOf\":{\"@id\":\"https:\\\/\\\/www.aymericvincent.fr\\\/?p=15886\"},\"author\":{\"name\":\"Aymeric Vincent\",\"@id\":\"https:\\\/\\\/www.aymericvincent.fr\\\/#\\\/schema\\\/person\\\/7eae4d27b09369dbd5d9d7c7b16d4643\"},\"headline\":\"Savoirs Partag\u00e9s\",\"datePublished\":\"2025-06-02T10:12:00+00:00\",\"mainEntityOfPage\":{\"@id\":\"https:\\\/\\\/www.aymericvincent.fr\\\/?p=15886\"},\"wordCount\":135,\"publisher\":{\"@id\":\"https:\\\/\\\/www.aymericvincent.fr\\\/#\\\/schema\\\/person\\\/7eae4d27b09369dbd5d9d7c7b16d4643\"},\"keywords\":[\"Aymeric Vincent\",\"engagement\",\"Groupe Les Echos Le Parisien\",\"Savoirs Partag\u00e9s\",\"seconde\",\"stage\",\"transmission\",\"troisi\u00e8me\"],\"articleSection\":[\"Responsabilit\u00e9 Soci\u00e9tale Entreprise\"],\"inLanguage\":\"fr-FR\"},{\"@type\":\"WebPage\",\"@id\":\"https:\\\/\\\/www.aymericvincent.fr\\\/?p=15886\",\"url\":\"https:\\\/\\\/www.aymericvincent.fr\\\/?p=15886\",\"name\":\"Savoirs Partag\u00e9s | Aymeric Vincent\",\"isPartOf\":{\"@id\":\"https:\\\/\\\/www.aymericvincent.fr\\\/#website\"},\"datePublished\":\"2025-06-02T10:12:00+00:00\",\"description\":\"Savoirs Partag\u00e9s, un programme d'envergure d\u00e9di\u00e9 aux \u00e9l\u00e8ves de seconde, imagin\u00e9 et d\u00e9ploy\u00e9 par la Direction des Ressources Humaines.\",\"breadcrumb\":{\"@id\":\"https:\\\/\\\/www.aymericvincent.fr\\\/?p=15886#breadcrumb\"},\"inLanguage\":\"fr-FR\",\"potentialAction\":[{\"@type\":\"ReadAction\",\"target\":[\"https:\\\/\\\/www.aymericvincent.fr\\\/?p=15886\"]}]},{\"@type\":\"BreadcrumbList\",\"@id\":\"https:\\\/\\\/www.aymericvincent.fr\\\/?p=15886#breadcrumb\",\"itemListElement\":[{\"@type\":\"ListItem\",\"position\":1,\"name\":\"Accueil\",\"item\":\"https:\\\/\\\/www.aymericvincent.fr\\\/\"},{\"@type\":\"ListItem\",\"position\":2,\"name\":\"Savoirs Partag\u00e9s\"}]},{\"@type\":\"WebSite\",\"@id\":\"https:\\\/\\\/www.aymericvincent.fr\\\/#website\",\"url\":\"https:\\\/\\\/www.aymericvincent.fr\\\/\",\"name\":\"Aymeric Vincent\",\"description\":\"Le blog de Aymeric Vincent - Management, RH et Responsabilit\u00e9 Soci\u00e9tale\",\"publisher\":{\"@id\":\"https:\\\/\\\/www.aymericvincent.fr\\\/#\\\/schema\\\/person\\\/7eae4d27b09369dbd5d9d7c7b16d4643\"},\"potentialAction\":[{\"@type\":\"SearchAction\",\"target\":{\"@type\":\"EntryPoint\",\"urlTemplate\":\"https:\\\/\\\/www.aymericvincent.fr\\\/?s={search_term_string}\"},\"query-input\":{\"@type\":\"PropertyValueSpecification\",\"valueRequired\":true,\"valueName\":\"search_term_string\"}}],\"inLanguage\":\"fr-FR\"},{\"@type\":[\"Person\",\"Organization\"],\"@id\":\"https:\\\/\\\/www.aymericvincent.fr\\\/#\\\/schema\\\/person\\\/7eae4d27b09369dbd5d9d7c7b16d4643\",\"name\":\"Aymeric Vincent\",\"image\":{\"@type\":\"ImageObject\",\"inLanguage\":\"fr-FR\",\"@id\":\"https:\\\/\\\/www.aymericvincent.fr\\\/wp-content\\\/uploads\\\/2019\\\/11\\\/aymeric_vincent-1024x683.jpg\",\"url\":\"https:\\\/\\\/www.aymericvincent.fr\\\/wp-content\\\/uploads\\\/2019\\\/11\\\/aymeric_vincent-1024x683.jpg\",\"contentUrl\":\"https:\\\/\\\/www.aymericvincent.fr\\\/wp-content\\\/uploads\\\/2019\\\/11\\\/aymeric_vincent-1024x683.jpg\",\"width\":1024,\"height\":683,\"caption\":\"Aymeric Vincent\"},\"logo\":{\"@id\":\"https:\\\/\\\/www.aymericvincent.fr\\\/wp-content\\\/uploads\\\/2019\\\/11\\\/aymeric_vincent-1024x683.jpg\"},\"description\":\"Directeur des Ressources Humaines adjoint dans l'univers de l'\u00e9dition\",\"sameAs\":[\"https:\\\/\\\/www.aymericvincent.fr\"],\"url\":\"https:\\\/\\\/www.aymericvincent.fr\\\/?author=1\"}]}<\/script>\n<!-- \/ Yoast SEO plugin. -->","yoast_head_json":{"title":"Savoirs Partag\u00e9s | Aymeric Vincent","description":"Savoirs Partag\u00e9s, un programme d'envergure d\u00e9di\u00e9 aux \u00e9l\u00e8ves de seconde, imagin\u00e9 et d\u00e9ploy\u00e9 par la Direction des Ressources Humaines.","robots":{"index":"index","follow":"follow","max-snippet":"max-snippet:-1","max-image-preview":"max-image-preview:large","max-video-preview":"max-video-preview:-1"},"canonical":"https:\/\/www.aymericvincent.fr\/?p=15886","og_locale":"fr_FR","og_type":"article","og_title":"Savoirs Partag\u00e9s | Aymeric Vincent","og_description":"Savoirs Partag\u00e9s, un programme d'envergure d\u00e9di\u00e9 aux \u00e9l\u00e8ves de seconde, imagin\u00e9 et d\u00e9ploy\u00e9 par la Direction des Ressources Humaines.","og_url":"https:\/\/www.aymericvincent.fr\/?p=15886","og_site_name":"Aymeric Vincent","article_published_time":"2025-06-02T10:12:00+00:00","author":"Aymeric Vincent","twitter_card":"summary_large_image","twitter_creator":"@aymericvincent","twitter_site":"@aymericvincent","twitter_misc":{"\u00c9crit par":"Aymeric Vincent","Dur\u00e9e de lecture estim\u00e9e":"1 minute"},"schema":{"@context":"https:\/\/schema.org","@graph":[{"@type":"Article","@id":"https:\/\/www.aymericvincent.fr\/?p=15886#article","isPartOf":{"@id":"https:\/\/www.aymericvincent.fr\/?p=15886"},"author":{"name":"Aymeric Vincent","@id":"https:\/\/www.aymericvincent.fr\/#\/schema\/person\/7eae4d27b09369dbd5d9d7c7b16d4643"},"headline":"Savoirs Partag\u00e9s","datePublished":"2025-06-02T10:12:00+00:00","mainEntityOfPage":{"@id":"https:\/\/www.aymericvincent.fr\/?p=15886"},"wordCount":135,"publisher":{"@id":"https:\/\/www.aymericvincent.fr\/#\/schema\/person\/7eae4d27b09369dbd5d9d7c7b16d4643"},"keywords":["Aymeric Vincent","engagement","Groupe Les Echos Le Parisien","Savoirs Partag\u00e9s","seconde","stage","transmission","troisi\u00e8me"],"articleSection":["Responsabilit\u00e9 Soci\u00e9tale Entreprise"],"inLanguage":"fr-FR"},{"@type":"WebPage","@id":"https:\/\/www.aymericvincent.fr\/?p=15886","url":"https:\/\/www.aymericvincent.fr\/?p=15886","name":"Savoirs Partag\u00e9s | Aymeric Vincent","isPartOf":{"@id":"https:\/\/www.aymericvincent.fr\/#website"},"datePublished":"2025-06-02T10:12:00+00:00","description":"Savoirs Partag\u00e9s, un programme d'envergure d\u00e9di\u00e9 aux \u00e9l\u00e8ves de seconde, imagin\u00e9 et d\u00e9ploy\u00e9 par la Direction des Ressources Humaines.","breadcrumb":{"@id":"https:\/\/www.aymericvincent.fr\/?p=15886#breadcrumb"},"inLanguage":"fr-FR","potentialAction":[{"@type":"ReadAction","target":["https:\/\/www.aymericvincent.fr\/?p=15886"]}]},{"@type":"BreadcrumbList","@id":"https:\/\/www.aymericvincent.fr\/?p=15886#breadcrumb","itemListElement":[{"@type":"ListItem","position":1,"name":"Accueil","item":"https:\/\/www.aymericvincent.fr\/"},{"@type":"ListItem","position":2,"name":"Savoirs Partag\u00e9s"}]},{"@type":"WebSite","@id":"https:\/\/www.aymericvincent.fr\/#website","url":"https:\/\/www.aymericvincent.fr\/","name":"Aymeric Vincent","description":"Le blog de Aymeric Vincent - Management, RH et Responsabilit\u00e9 Soci\u00e9tale","publisher":{"@id":"https:\/\/www.aymericvincent.fr\/#\/schema\/person\/7eae4d27b09369dbd5d9d7c7b16d4643"},"potentialAction":[{"@type":"SearchAction","target":{"@type":"EntryPoint","urlTemplate":"https:\/\/www.aymericvincent.fr\/?s={search_term_string}"},"query-input":{"@type":"PropertyValueSpecification","valueRequired":true,"valueName":"search_term_string"}}],"inLanguage":"fr-FR"},{"@type":["Person","Organization"],"@id":"https:\/\/www.aymericvincent.fr\/#\/schema\/person\/7eae4d27b09369dbd5d9d7c7b16d4643","name":"Aymeric Vincent","image":{"@type":"ImageObject","inLanguage":"fr-FR","@id":"https:\/\/www.aymericvincent.fr\/wp-content\/uploads\/2019\/11\/aymeric_vincent-1024x683.jpg","url":"https:\/\/www.aymericvincent.fr\/wp-content\/uploads\/2019\/11\/aymeric_vincent-1024x683.jpg","contentUrl":"https:\/\/www.aymericvincent.fr\/wp-content\/uploads\/2019\/11\/aymeric_vincent-1024x683.jpg","width":1024,"height":683,"caption":"Aymeric Vincent"},"logo":{"@id":"https:\/\/www.aymericvincent.fr\/wp-content\/uploads\/2019\/11\/aymeric_vincent-1024x683.jpg"},"description":"Directeur des Ressources Humaines adjoint dans l'univers de l'\u00e9dition","sameAs":["https:\/\/www.aymericvincent.fr"],"url":"https:\/\/www.aymericvincent.fr\/?author=1"}]}},"_links":{"self":[{"href":"https:\/\/www.aymericvincent.fr\/index.php?rest_route=\/wp\/v2\/posts\/15886","targetHints":{"allow":["GET"]}}],"collection":[{"href":"https:\/\/www.aymericvincent.fr\/index.php?rest_route=\/wp\/v2\/posts"}],"about":[{"href":"https:\/\/www.aymericvincent.fr\/index.php?rest_route=\/wp\/v2\/types\/post"}],"author":[{"embeddable":true,"href":"https:\/\/www.aymericvincent.fr\/index.php?rest_route=\/wp\/v2\/users\/1"}],"replies":[{"embeddable":true,"href":"https:\/\/www.aymericvincent.fr\/index.php?rest_route=%2Fwp%2Fv2%2Fcomments&post=15886"}],"version-history":[{"count":1,"href":"https:\/\/www.aymericvincent.fr\/index.php?rest_route=\/wp\/v2\/posts\/15886\/revisions"}],"predecessor-version":[{"id":15887,"href":"https:\/\/www.aymericvincent.fr\/index.php?rest_route=\/wp\/v2\/posts\/15886\/revisions\/15887"}],"wp:attachment":[{"href":"https:\/\/www.aymericvincent.fr\/index.php?rest_route=%2Fwp%2Fv2%2Fmedia&parent=15886"}],"wp:term":[{"taxonomy":"category","embeddable":true,"href":"https:\/\/www.aymericvincent.fr\/index.php?rest_route=%2Fwp%2Fv2%2Fcategories&post=15886"},{"taxonomy":"post_tag","embeddable":true,"href":"https:\/\/www.aymericvincent.fr\/index.php?rest_route=%2Fwp%2Fv2%2Ftags&post=15886"}],"curies":[{"name":"wp","href":"https:\/\/api.w.org\/{rel}","templated":true}]}}