{"id":12989,"date":"2022-01-10T12:21:49","date_gmt":"2022-01-10T11:21:49","guid":{"rendered":"https:\/\/www.aymericvincent.fr\/?p=12989"},"modified":"2022-01-01T09:33:46","modified_gmt":"2022-01-01T08:33:46","slug":"pour-une-drh-des-savoirs","status":"publish","type":"post","link":"https:\/\/www.aymericvincent.fr\/?p=12989","title":{"rendered":"Pour une DRH des savoirs"},"content":{"rendered":"\n<p>Lorsque les directions des ressources humaines sont appel\u00e9es dans les m\u00e9dias, la question est tr\u00e8s souvent identique. On y parle des tuyaux pour permettre aux salari\u00e9s de r\u00e9pondre aux obligations du Code du Travail ou aux attentes des politiques.<\/p>\n\n\n\n<p>En 2021, on a ainsi beaucoup parl\u00e9 de t\u00e9l\u00e9travail, beaucoup de distribution de masques, beaucoup de flex office\u2026 <strong>et finalement si peu des salari\u00e9s et de la n\u00e9cessit\u00e9 de d\u00e9velopper leurs savoirs.<\/strong><\/p>\n\n\n\n<p>Enfermer la fonction des ressources humaines dans la seule expertise de la mise en place, et ensuite de la gestion, des tuyaux, c\u2019est lui redonner la place de direction du personnel. Celle dont elle a essay\u00e9 de se d\u00e9tacher ses derni\u00e8res ann\u00e9es.<\/p>\n\n\n\n<p>Faire des DRH des architectes du droit social, c\u2019est oublier que l\u2019atout premier des entreprises est les femmes et les hommes qui la composent, qui la font vivre et non les r\u00e8gles l\u00e9gales qui \u00ab r\u00e9gissent \u00bb les relations.<\/p>\n\n\n\n<p>Le <strong>t\u00e9l\u00e9travail <\/strong>n\u2019est pas le travail \u00e0 distance des locaux habituels de l\u2019entreprise, ni un accord r\u00e9gissant sa mise en \u0153uvre. Le t\u00e9l\u00e9travail, c\u2019est une modalit\u00e9 diff\u00e9rente d\u2019exercer son m\u00e9tier, modalit\u00e9 qui par essence, ne peut convenir \u00e0 tous, ne peut \u00eatre impos\u00e9e \u00e0 chacun. R\u00e9ussir la mise en place du t\u00e9l\u00e9travail dans une entreprise ne se mesure pas au nombre des salari\u00e9s ayant opt\u00e9 pour cela, mais \u00e0 la capacit\u00e9 des femmes et des hommes de continuer \u00e0 vivre ensemble, dans une m\u00eame soci\u00e9t\u00e9, \u00e0 distance.<\/p>\n\n\n\n<p>Le <strong>flex office<\/strong> n\u2019est pas l\u2019outil premier d\u2019\u00e9conomies financi\u00e8res souhait\u00e9 lors d\u2019une p\u00e9riode de crise \u00e9conomique. L\u2019am\u00e9nagement des espaces, c\u2019est r\u00e9ussir \u00e0 proposer aux collaborateurs un cadre de travail alliant cr\u00e9ativit\u00e9 et intimit\u00e9, territoires collectifs et territoires individuels. Allier la puissance du collectif pour cr\u00e9er de la valeur sans perdre la cr\u00e9ation d\u2019une zone individuelle personnalis\u00e9e pour d\u00e9velopper une s\u00e9curit\u00e9 psychologique, voil\u00e0 des enjeux premiers.<\/p>\n\n\n\n<p>Les sujets sont nombreux et ne peuvent \u00eatre \u00e9gren\u00e9s ici dans leur totalit\u00e9.<\/p>\n\n\n\n<p>Ce que nous a montr\u00e9 2021, et les ann\u00e9es de crise de la Covid 19, ce n\u2019est pas l\u2019importance du cadre mais la capacit\u00e9 de faire avec agilit\u00e9, de faire confiance aux uns et aux autres.<\/p>\n\n\n\n<p><strong>Cela nous a montr\u00e9 aussi, si besoin en \u00e9tait, toute l\u2019importance des savoirs.<\/strong> Combien de salari\u00e9s ont \u00e9t\u00e9 en capacit\u00e9 de se r\u00e9inventer durant ces derniers mois o\u00f9 le cadre avait explos\u00e9 ? Combien de salari\u00e9s, dans le m\u00eame temps, ont d\u00e9croch\u00e9 car leurs valises de connaissances n\u2019\u00e9taient pas assez riche pour affronter l\u2019incertitude ?<\/p>\n\n\n\n<p>Les tuyaux sont les circuits permettant de mettre en \u0153uvre les d\u00e9cisions, ils ne peuvent \u00eatre les d\u00e9cisions en elles-m\u00eames. M\u00e9langer le message et le messager, c\u2019est laisser \u00e0 d\u2019autres la force de construire le message.<\/p>\n\n\n\n<p><strong>Le r\u00f4le d\u2019une direction des ressources humaines doit \u00eatre, avant toute autre chose, celle des savoirs. Les savoirs-\u00eatre, les savoirs faire. Se placer ainsi comme un acc\u00e9l\u00e9rateur des comp\u00e9tences, comme une mise en valeur des connaissances est un r\u00f4le central. Cela doit \u00eatre l\u2019ADN de cette fonction.<\/strong><\/p>\n\n\n\n<p><a href=\"http:\/\/www.linkedin.com\/in\/aymericvincent\" target=\"_blank\" rel=\"noreferrer noopener\" aria-label=\"Aymeric Vincent (s\u2019ouvre dans un nouvel onglet)\">Aymeric Vincent<\/a><\/p>\n","protected":false},"excerpt":{"rendered":"<p>Lorsque les directions des ressources humaines sont appel\u00e9es dans les m\u00e9dias, la question est tr\u00e8s souvent identique. On y parle des tuyaux pour permettre aux salari\u00e9s de r\u00e9pondre aux obligations du Code du Travail ou aux attentes des politiques. En 2021, on a ainsi beaucoup parl\u00e9 de t\u00e9l\u00e9travail, beaucoup de distribution de masques, beaucoup de [&hellip;]<\/p>\n","protected":false},"author":1,"featured_media":0,"comment_status":"closed","ping_status":"closed","sticky":false,"template":"","format":"standard","meta":{"_monsterinsights_skip_tracking":false,"_monsterinsights_sitenote_active":false,"_monsterinsights_sitenote_note":"","_monsterinsights_sitenote_category":0,"footnotes":""},"categories":[4,7,2025],"tags":[151,552,6094,1589],"class_list":["post-12989","post","type-post","status-publish","format-standard","hentry","category-evoluer-pour-fideliser","category-management","category-responsabilite-societale-entreprise","tag-aymeric-vincent","tag-drh","tag-futurofhr","tag-rh"],"yoast_head":"<!-- This site is optimized with the Yoast SEO plugin v27.5 - https:\/\/yoast.com\/product\/yoast-seo-wordpress\/ -->\n<title>Pour une DRH des savoirs | Aymeric Vincent<\/title>\n<meta name=\"description\" content=\"Le r\u00f4le d\u2019une direction des ressources humaines doit \u00eatre, avant toute autre chose, celle des savoirs. Les savoirs-\u00eatre, les savoirs faire. Se placer ainsi comme un acc\u00e9l\u00e9rateur des comp\u00e9tences, comme une mise en valeur des connaissances est un r\u00f4le central. Cela doit \u00eatre l\u2019ADN de cette fonction.\" \/>\n<meta name=\"robots\" content=\"index, follow, max-snippet:-1, max-image-preview:large, max-video-preview:-1\" \/>\n<link rel=\"canonical\" href=\"https:\/\/www.aymericvincent.fr\/?p=12989\" \/>\n<meta property=\"og:locale\" content=\"fr_FR\" \/>\n<meta property=\"og:type\" content=\"article\" \/>\n<meta property=\"og:title\" content=\"Pour une DRH des savoirs | Aymeric Vincent\" \/>\n<meta property=\"og:description\" content=\"Le r\u00f4le d\u2019une direction des ressources humaines doit \u00eatre, avant toute autre chose, celle des savoirs. Les savoirs-\u00eatre, les savoirs faire. Se placer ainsi comme un acc\u00e9l\u00e9rateur des comp\u00e9tences, comme une mise en valeur des connaissances est un r\u00f4le central. Cela doit \u00eatre l\u2019ADN de cette fonction.\" \/>\n<meta property=\"og:url\" content=\"https:\/\/www.aymericvincent.fr\/?p=12989\" \/>\n<meta property=\"og:site_name\" content=\"Aymeric Vincent\" \/>\n<meta property=\"article:published_time\" content=\"2022-01-10T11:21:49+00:00\" \/>\n<meta name=\"author\" content=\"Aymeric Vincent\" \/>\n<meta name=\"twitter:card\" content=\"summary_large_image\" \/>\n<meta name=\"twitter:creator\" content=\"@aymericvincent\" \/>\n<meta name=\"twitter:site\" content=\"@aymericvincent\" \/>\n<meta name=\"twitter:label1\" content=\"\u00c9crit par\" \/>\n\t<meta name=\"twitter:data1\" content=\"Aymeric Vincent\" \/>\n\t<meta name=\"twitter:label2\" content=\"Dur\u00e9e de lecture estim\u00e9e\" \/>\n\t<meta name=\"twitter:data2\" content=\"3 minutes\" \/>\n<script type=\"application\/ld+json\" class=\"yoast-schema-graph\">{\"@context\":\"https:\\\/\\\/schema.org\",\"@graph\":[{\"@type\":\"Article\",\"@id\":\"https:\\\/\\\/www.aymericvincent.fr\\\/?p=12989#article\",\"isPartOf\":{\"@id\":\"https:\\\/\\\/www.aymericvincent.fr\\\/?p=12989\"},\"author\":{\"name\":\"Aymeric Vincent\",\"@id\":\"https:\\\/\\\/www.aymericvincent.fr\\\/#\\\/schema\\\/person\\\/7eae4d27b09369dbd5d9d7c7b16d4643\"},\"headline\":\"Pour une DRH des savoirs\",\"datePublished\":\"2022-01-10T11:21:49+00:00\",\"mainEntityOfPage\":{\"@id\":\"https:\\\/\\\/www.aymericvincent.fr\\\/?p=12989\"},\"wordCount\":563,\"publisher\":{\"@id\":\"https:\\\/\\\/www.aymericvincent.fr\\\/#\\\/schema\\\/person\\\/7eae4d27b09369dbd5d9d7c7b16d4643\"},\"keywords\":[\"Aymeric Vincent\",\"drh\",\"futurofhr\",\"RH\"],\"articleSection\":[\"Fid\u00e9liser\",\"Manager\",\"Responsabilit\u00e9 Soci\u00e9tale Entreprise\"],\"inLanguage\":\"fr-FR\"},{\"@type\":\"WebPage\",\"@id\":\"https:\\\/\\\/www.aymericvincent.fr\\\/?p=12989\",\"url\":\"https:\\\/\\\/www.aymericvincent.fr\\\/?p=12989\",\"name\":\"Pour une DRH des savoirs | Aymeric Vincent\",\"isPartOf\":{\"@id\":\"https:\\\/\\\/www.aymericvincent.fr\\\/#website\"},\"datePublished\":\"2022-01-10T11:21:49+00:00\",\"description\":\"Le r\u00f4le d\u2019une direction des ressources humaines doit \u00eatre, avant toute autre chose, celle des savoirs. Les savoirs-\u00eatre, les savoirs faire. Se placer ainsi comme un acc\u00e9l\u00e9rateur des comp\u00e9tences, comme une mise en valeur des connaissances est un r\u00f4le central. Cela doit \u00eatre l\u2019ADN de cette fonction.\",\"breadcrumb\":{\"@id\":\"https:\\\/\\\/www.aymericvincent.fr\\\/?p=12989#breadcrumb\"},\"inLanguage\":\"fr-FR\",\"potentialAction\":[{\"@type\":\"ReadAction\",\"target\":[\"https:\\\/\\\/www.aymericvincent.fr\\\/?p=12989\"]}]},{\"@type\":\"BreadcrumbList\",\"@id\":\"https:\\\/\\\/www.aymericvincent.fr\\\/?p=12989#breadcrumb\",\"itemListElement\":[{\"@type\":\"ListItem\",\"position\":1,\"name\":\"Accueil\",\"item\":\"https:\\\/\\\/www.aymericvincent.fr\\\/\"},{\"@type\":\"ListItem\",\"position\":2,\"name\":\"Pour une DRH des savoirs\"}]},{\"@type\":\"WebSite\",\"@id\":\"https:\\\/\\\/www.aymericvincent.fr\\\/#website\",\"url\":\"https:\\\/\\\/www.aymericvincent.fr\\\/\",\"name\":\"Aymeric Vincent\",\"description\":\"Le blog de Aymeric Vincent - Management, RH et Responsabilit\u00e9 Soci\u00e9tale\",\"publisher\":{\"@id\":\"https:\\\/\\\/www.aymericvincent.fr\\\/#\\\/schema\\\/person\\\/7eae4d27b09369dbd5d9d7c7b16d4643\"},\"potentialAction\":[{\"@type\":\"SearchAction\",\"target\":{\"@type\":\"EntryPoint\",\"urlTemplate\":\"https:\\\/\\\/www.aymericvincent.fr\\\/?s={search_term_string}\"},\"query-input\":{\"@type\":\"PropertyValueSpecification\",\"valueRequired\":true,\"valueName\":\"search_term_string\"}}],\"inLanguage\":\"fr-FR\"},{\"@type\":[\"Person\",\"Organization\"],\"@id\":\"https:\\\/\\\/www.aymericvincent.fr\\\/#\\\/schema\\\/person\\\/7eae4d27b09369dbd5d9d7c7b16d4643\",\"name\":\"Aymeric Vincent\",\"image\":{\"@type\":\"ImageObject\",\"inLanguage\":\"fr-FR\",\"@id\":\"https:\\\/\\\/www.aymericvincent.fr\\\/wp-content\\\/uploads\\\/2019\\\/11\\\/aymeric_vincent-1024x683.jpg\",\"url\":\"https:\\\/\\\/www.aymericvincent.fr\\\/wp-content\\\/uploads\\\/2019\\\/11\\\/aymeric_vincent-1024x683.jpg\",\"contentUrl\":\"https:\\\/\\\/www.aymericvincent.fr\\\/wp-content\\\/uploads\\\/2019\\\/11\\\/aymeric_vincent-1024x683.jpg\",\"width\":1024,\"height\":683,\"caption\":\"Aymeric Vincent\"},\"logo\":{\"@id\":\"https:\\\/\\\/www.aymericvincent.fr\\\/wp-content\\\/uploads\\\/2019\\\/11\\\/aymeric_vincent-1024x683.jpg\"},\"description\":\"Directeur des Ressources Humaines adjoint dans l'univers de l'\u00e9dition\",\"sameAs\":[\"https:\\\/\\\/www.aymericvincent.fr\"],\"url\":\"https:\\\/\\\/www.aymericvincent.fr\\\/?author=1\"}]}<\/script>\n<!-- \/ Yoast SEO plugin. -->","yoast_head_json":{"title":"Pour une DRH des savoirs | Aymeric Vincent","description":"Le r\u00f4le d\u2019une direction des ressources humaines doit \u00eatre, avant toute autre chose, celle des savoirs. Les savoirs-\u00eatre, les savoirs faire. Se placer ainsi comme un acc\u00e9l\u00e9rateur des comp\u00e9tences, comme une mise en valeur des connaissances est un r\u00f4le central. Cela doit \u00eatre l\u2019ADN de cette fonction.","robots":{"index":"index","follow":"follow","max-snippet":"max-snippet:-1","max-image-preview":"max-image-preview:large","max-video-preview":"max-video-preview:-1"},"canonical":"https:\/\/www.aymericvincent.fr\/?p=12989","og_locale":"fr_FR","og_type":"article","og_title":"Pour une DRH des savoirs | Aymeric Vincent","og_description":"Le r\u00f4le d\u2019une direction des ressources humaines doit \u00eatre, avant toute autre chose, celle des savoirs. Les savoirs-\u00eatre, les savoirs faire. Se placer ainsi comme un acc\u00e9l\u00e9rateur des comp\u00e9tences, comme une mise en valeur des connaissances est un r\u00f4le central. Cela doit \u00eatre l\u2019ADN de cette fonction.","og_url":"https:\/\/www.aymericvincent.fr\/?p=12989","og_site_name":"Aymeric Vincent","article_published_time":"2022-01-10T11:21:49+00:00","author":"Aymeric Vincent","twitter_card":"summary_large_image","twitter_creator":"@aymericvincent","twitter_site":"@aymericvincent","twitter_misc":{"\u00c9crit par":"Aymeric Vincent","Dur\u00e9e de lecture estim\u00e9e":"3 minutes"},"schema":{"@context":"https:\/\/schema.org","@graph":[{"@type":"Article","@id":"https:\/\/www.aymericvincent.fr\/?p=12989#article","isPartOf":{"@id":"https:\/\/www.aymericvincent.fr\/?p=12989"},"author":{"name":"Aymeric Vincent","@id":"https:\/\/www.aymericvincent.fr\/#\/schema\/person\/7eae4d27b09369dbd5d9d7c7b16d4643"},"headline":"Pour une DRH des savoirs","datePublished":"2022-01-10T11:21:49+00:00","mainEntityOfPage":{"@id":"https:\/\/www.aymericvincent.fr\/?p=12989"},"wordCount":563,"publisher":{"@id":"https:\/\/www.aymericvincent.fr\/#\/schema\/person\/7eae4d27b09369dbd5d9d7c7b16d4643"},"keywords":["Aymeric Vincent","drh","futurofhr","RH"],"articleSection":["Fid\u00e9liser","Manager","Responsabilit\u00e9 Soci\u00e9tale Entreprise"],"inLanguage":"fr-FR"},{"@type":"WebPage","@id":"https:\/\/www.aymericvincent.fr\/?p=12989","url":"https:\/\/www.aymericvincent.fr\/?p=12989","name":"Pour une DRH des savoirs | Aymeric Vincent","isPartOf":{"@id":"https:\/\/www.aymericvincent.fr\/#website"},"datePublished":"2022-01-10T11:21:49+00:00","description":"Le r\u00f4le d\u2019une direction des ressources humaines doit \u00eatre, avant toute autre chose, celle des savoirs. Les savoirs-\u00eatre, les savoirs faire. Se placer ainsi comme un acc\u00e9l\u00e9rateur des comp\u00e9tences, comme une mise en valeur des connaissances est un r\u00f4le central. Cela doit \u00eatre l\u2019ADN de cette fonction.","breadcrumb":{"@id":"https:\/\/www.aymericvincent.fr\/?p=12989#breadcrumb"},"inLanguage":"fr-FR","potentialAction":[{"@type":"ReadAction","target":["https:\/\/www.aymericvincent.fr\/?p=12989"]}]},{"@type":"BreadcrumbList","@id":"https:\/\/www.aymericvincent.fr\/?p=12989#breadcrumb","itemListElement":[{"@type":"ListItem","position":1,"name":"Accueil","item":"https:\/\/www.aymericvincent.fr\/"},{"@type":"ListItem","position":2,"name":"Pour une DRH des savoirs"}]},{"@type":"WebSite","@id":"https:\/\/www.aymericvincent.fr\/#website","url":"https:\/\/www.aymericvincent.fr\/","name":"Aymeric Vincent","description":"Le blog de Aymeric Vincent - Management, RH et Responsabilit\u00e9 Soci\u00e9tale","publisher":{"@id":"https:\/\/www.aymericvincent.fr\/#\/schema\/person\/7eae4d27b09369dbd5d9d7c7b16d4643"},"potentialAction":[{"@type":"SearchAction","target":{"@type":"EntryPoint","urlTemplate":"https:\/\/www.aymericvincent.fr\/?s={search_term_string}"},"query-input":{"@type":"PropertyValueSpecification","valueRequired":true,"valueName":"search_term_string"}}],"inLanguage":"fr-FR"},{"@type":["Person","Organization"],"@id":"https:\/\/www.aymericvincent.fr\/#\/schema\/person\/7eae4d27b09369dbd5d9d7c7b16d4643","name":"Aymeric Vincent","image":{"@type":"ImageObject","inLanguage":"fr-FR","@id":"https:\/\/www.aymericvincent.fr\/wp-content\/uploads\/2019\/11\/aymeric_vincent-1024x683.jpg","url":"https:\/\/www.aymericvincent.fr\/wp-content\/uploads\/2019\/11\/aymeric_vincent-1024x683.jpg","contentUrl":"https:\/\/www.aymericvincent.fr\/wp-content\/uploads\/2019\/11\/aymeric_vincent-1024x683.jpg","width":1024,"height":683,"caption":"Aymeric Vincent"},"logo":{"@id":"https:\/\/www.aymericvincent.fr\/wp-content\/uploads\/2019\/11\/aymeric_vincent-1024x683.jpg"},"description":"Directeur des Ressources Humaines adjoint dans l'univers de l'\u00e9dition","sameAs":["https:\/\/www.aymericvincent.fr"],"url":"https:\/\/www.aymericvincent.fr\/?author=1"}]}},"_links":{"self":[{"href":"https:\/\/www.aymericvincent.fr\/index.php?rest_route=\/wp\/v2\/posts\/12989","targetHints":{"allow":["GET"]}}],"collection":[{"href":"https:\/\/www.aymericvincent.fr\/index.php?rest_route=\/wp\/v2\/posts"}],"about":[{"href":"https:\/\/www.aymericvincent.fr\/index.php?rest_route=\/wp\/v2\/types\/post"}],"author":[{"embeddable":true,"href":"https:\/\/www.aymericvincent.fr\/index.php?rest_route=\/wp\/v2\/users\/1"}],"replies":[{"embeddable":true,"href":"https:\/\/www.aymericvincent.fr\/index.php?rest_route=%2Fwp%2Fv2%2Fcomments&post=12989"}],"version-history":[{"count":4,"href":"https:\/\/www.aymericvincent.fr\/index.php?rest_route=\/wp\/v2\/posts\/12989\/revisions"}],"predecessor-version":[{"id":12995,"href":"https:\/\/www.aymericvincent.fr\/index.php?rest_route=\/wp\/v2\/posts\/12989\/revisions\/12995"}],"wp:attachment":[{"href":"https:\/\/www.aymericvincent.fr\/index.php?rest_route=%2Fwp%2Fv2%2Fmedia&parent=12989"}],"wp:term":[{"taxonomy":"category","embeddable":true,"href":"https:\/\/www.aymericvincent.fr\/index.php?rest_route=%2Fwp%2Fv2%2Fcategories&post=12989"},{"taxonomy":"post_tag","embeddable":true,"href":"https:\/\/www.aymericvincent.fr\/index.php?rest_route=%2Fwp%2Fv2%2Ftags&post=12989"}],"curies":[{"name":"wp","href":"https:\/\/api.w.org\/{rel}","templated":true}]}}