{"id":12457,"date":"2021-05-31T12:01:07","date_gmt":"2021-05-31T10:01:07","guid":{"rendered":"https:\/\/www.aymericvincent.fr\/?p=12457"},"modified":"2021-05-29T08:42:27","modified_gmt":"2021-05-29T06:42:27","slug":"comment-les-jeunes-des-grandes-ecoles-voient-ils-leur-avenir-professionnel","status":"publish","type":"post","link":"https:\/\/www.aymericvincent.fr\/?p=12457","title":{"rendered":"Comment les jeunes des grandes \u00e9coles voient-ils leur avenir professionnel ?"},"content":{"rendered":"\n<p>Malgr\u00e9 la pand\u00e9mie, les aspirations professionnelles des jeunes talents n\u2019ont pas chang\u00e9 en profondeur. L\u2019int\u00e9r\u00eat du poste, l\u2019ambiance au sein de l\u2019entreprise et le fait qu\u2019elle se trouve en phase avec leurs valeurs demeurent les crit\u00e8res de choix essentiels, loin devant la r\u00e9mun\u00e9ration (qui arrive en\u00a011\u00e8me position), ou la possibilit\u00e9 de t\u00e9l\u00e9travailler\u00a0(19\u00e8me position). <\/p>\n\n\n\n<figure><iframe loading=\"lazy\" src=\"\/\/www.slideshare.net\/slideshow\/embed_code\/key\/9NEzuXfYL8wXkH\" width=\"595\" height=\"485\" allowfullscreen=\"\"><\/iframe><\/figure>\n\n\n\n<p><strong> <a href=\"\/\/www.slideshare.net\/IpsosFrance\/gnration-covid-comment-les-jeunes-des-grandes-coles-voientils-leur-avenir-professionnel\" target=\"_blank\" rel=\"noreferrer noopener\">G\u00e9n\u00e9ration Covid : comment les jeunes des grandes \u00e9coles voient-ils leur avenir professionnel ?<\/a> <\/strong> from <strong><a href=\"https:\/\/www.slideshare.net\/IpsosFrance\" target=\"_blank\" rel=\"noreferrer noopener\">Ipsos France<\/a><\/strong><\/p>\n","protected":false},"excerpt":{"rendered":"<p>Malgr\u00e9 la pand\u00e9mie, les aspirations professionnelles des jeunes talents n\u2019ont pas chang\u00e9 en profondeur. L\u2019int\u00e9r\u00eat du poste, l\u2019ambiance au sein de l\u2019entreprise et le fait qu\u2019elle se trouve en phase avec leurs valeurs demeurent les crit\u00e8res de choix essentiels, loin devant la r\u00e9mun\u00e9ration (qui arrive en\u00a011\u00e8me position), ou la possibilit\u00e9 de t\u00e9l\u00e9travailler\u00a0(19\u00e8me position). G\u00e9n\u00e9ration Covid [&hellip;]<\/p>\n","protected":false},"author":1,"featured_media":0,"comment_status":"closed","ping_status":"closed","sticky":false,"template":"","format":"standard","meta":{"_monsterinsights_skip_tracking":false,"_monsterinsights_sitenote_active":false,"_monsterinsights_sitenote_note":"","_monsterinsights_sitenote_category":0,"footnotes":""},"categories":[10],"tags":[584,1229,1510],"class_list":["post-12457","post","type-post","status-publish","format-standard","hentry","category-trouver-et-recruter","tag-ecole","tag-motivation","tag-recrutement"],"yoast_head":"<!-- This site is optimized with the Yoast SEO plugin v27.5 - https:\/\/yoast.com\/product\/yoast-seo-wordpress\/ -->\n<title>Comment les jeunes des grandes \u00e9coles voient-ils leur avenir professionnel ? | Aymeric Vincent<\/title>\n<meta name=\"robots\" content=\"index, follow, max-snippet:-1, max-image-preview:large, max-video-preview:-1\" \/>\n<link rel=\"canonical\" href=\"https:\/\/www.aymericvincent.fr\/?p=12457\" \/>\n<meta property=\"og:locale\" content=\"fr_FR\" \/>\n<meta property=\"og:type\" content=\"article\" \/>\n<meta property=\"og:title\" content=\"Comment les jeunes des grandes \u00e9coles voient-ils leur avenir professionnel ? | Aymeric Vincent\" \/>\n<meta property=\"og:description\" content=\"Malgr\u00e9 la pand\u00e9mie, les aspirations professionnelles des jeunes talents n\u2019ont pas chang\u00e9 en profondeur. L\u2019int\u00e9r\u00eat du poste, l\u2019ambiance au sein de l\u2019entreprise et le fait qu\u2019elle se trouve en phase avec leurs valeurs demeurent les crit\u00e8res de choix essentiels, loin devant la r\u00e9mun\u00e9ration (qui arrive en\u00a011\u00e8me position), ou la possibilit\u00e9 de t\u00e9l\u00e9travailler\u00a0(19\u00e8me position). G\u00e9n\u00e9ration Covid [&hellip;]\" \/>\n<meta property=\"og:url\" content=\"https:\/\/www.aymericvincent.fr\/?p=12457\" \/>\n<meta property=\"og:site_name\" content=\"Aymeric Vincent\" \/>\n<meta property=\"article:published_time\" content=\"2021-05-31T10:01:07+00:00\" \/>\n<meta name=\"author\" content=\"Aymeric Vincent\" \/>\n<meta name=\"twitter:card\" content=\"summary_large_image\" \/>\n<meta name=\"twitter:creator\" content=\"@aymericvincent\" \/>\n<meta name=\"twitter:site\" content=\"@aymericvincent\" \/>\n<meta name=\"twitter:label1\" content=\"\u00c9crit par\" \/>\n\t<meta name=\"twitter:data1\" content=\"Aymeric Vincent\" \/>\n<script type=\"application\/ld+json\" class=\"yoast-schema-graph\">{\"@context\":\"https:\\\/\\\/schema.org\",\"@graph\":[{\"@type\":\"Article\",\"@id\":\"https:\\\/\\\/www.aymericvincent.fr\\\/?p=12457#article\",\"isPartOf\":{\"@id\":\"https:\\\/\\\/www.aymericvincent.fr\\\/?p=12457\"},\"author\":{\"name\":\"Aymeric Vincent\",\"@id\":\"https:\\\/\\\/www.aymericvincent.fr\\\/#\\\/schema\\\/person\\\/7eae4d27b09369dbd5d9d7c7b16d4643\"},\"headline\":\"Comment les jeunes des grandes \u00e9coles voient-ils leur avenir professionnel ?\",\"datePublished\":\"2021-05-31T10:01:07+00:00\",\"mainEntityOfPage\":{\"@id\":\"https:\\\/\\\/www.aymericvincent.fr\\\/?p=12457\"},\"wordCount\":95,\"publisher\":{\"@id\":\"https:\\\/\\\/www.aymericvincent.fr\\\/#\\\/schema\\\/person\\\/7eae4d27b09369dbd5d9d7c7b16d4643\"},\"keywords\":[\"ecole\",\"motivation\",\"recrutement\"],\"articleSection\":[\"Recruter\"],\"inLanguage\":\"fr-FR\"},{\"@type\":\"WebPage\",\"@id\":\"https:\\\/\\\/www.aymericvincent.fr\\\/?p=12457\",\"url\":\"https:\\\/\\\/www.aymericvincent.fr\\\/?p=12457\",\"name\":\"Comment les jeunes des grandes \u00e9coles voient-ils leur avenir professionnel ? | Aymeric Vincent\",\"isPartOf\":{\"@id\":\"https:\\\/\\\/www.aymericvincent.fr\\\/#website\"},\"datePublished\":\"2021-05-31T10:01:07+00:00\",\"breadcrumb\":{\"@id\":\"https:\\\/\\\/www.aymericvincent.fr\\\/?p=12457#breadcrumb\"},\"inLanguage\":\"fr-FR\",\"potentialAction\":[{\"@type\":\"ReadAction\",\"target\":[\"https:\\\/\\\/www.aymericvincent.fr\\\/?p=12457\"]}]},{\"@type\":\"BreadcrumbList\",\"@id\":\"https:\\\/\\\/www.aymericvincent.fr\\\/?p=12457#breadcrumb\",\"itemListElement\":[{\"@type\":\"ListItem\",\"position\":1,\"name\":\"Accueil\",\"item\":\"https:\\\/\\\/www.aymericvincent.fr\\\/\"},{\"@type\":\"ListItem\",\"position\":2,\"name\":\"Comment les jeunes des grandes \u00e9coles voient-ils leur avenir professionnel ?\"}]},{\"@type\":\"WebSite\",\"@id\":\"https:\\\/\\\/www.aymericvincent.fr\\\/#website\",\"url\":\"https:\\\/\\\/www.aymericvincent.fr\\\/\",\"name\":\"Aymeric Vincent\",\"description\":\"Le blog de Aymeric Vincent - Management, RH et Responsabilit\u00e9 Soci\u00e9tale\",\"publisher\":{\"@id\":\"https:\\\/\\\/www.aymericvincent.fr\\\/#\\\/schema\\\/person\\\/7eae4d27b09369dbd5d9d7c7b16d4643\"},\"potentialAction\":[{\"@type\":\"SearchAction\",\"target\":{\"@type\":\"EntryPoint\",\"urlTemplate\":\"https:\\\/\\\/www.aymericvincent.fr\\\/?s={search_term_string}\"},\"query-input\":{\"@type\":\"PropertyValueSpecification\",\"valueRequired\":true,\"valueName\":\"search_term_string\"}}],\"inLanguage\":\"fr-FR\"},{\"@type\":[\"Person\",\"Organization\"],\"@id\":\"https:\\\/\\\/www.aymericvincent.fr\\\/#\\\/schema\\\/person\\\/7eae4d27b09369dbd5d9d7c7b16d4643\",\"name\":\"Aymeric Vincent\",\"image\":{\"@type\":\"ImageObject\",\"inLanguage\":\"fr-FR\",\"@id\":\"https:\\\/\\\/www.aymericvincent.fr\\\/wp-content\\\/uploads\\\/2019\\\/11\\\/aymeric_vincent-1024x683.jpg\",\"url\":\"https:\\\/\\\/www.aymericvincent.fr\\\/wp-content\\\/uploads\\\/2019\\\/11\\\/aymeric_vincent-1024x683.jpg\",\"contentUrl\":\"https:\\\/\\\/www.aymericvincent.fr\\\/wp-content\\\/uploads\\\/2019\\\/11\\\/aymeric_vincent-1024x683.jpg\",\"width\":1024,\"height\":683,\"caption\":\"Aymeric Vincent\"},\"logo\":{\"@id\":\"https:\\\/\\\/www.aymericvincent.fr\\\/wp-content\\\/uploads\\\/2019\\\/11\\\/aymeric_vincent-1024x683.jpg\"},\"description\":\"Directeur des Ressources Humaines adjoint dans l'univers de l'\u00e9dition\",\"sameAs\":[\"https:\\\/\\\/www.aymericvincent.fr\"],\"url\":\"https:\\\/\\\/www.aymericvincent.fr\\\/?author=1\"}]}<\/script>\n<!-- \/ Yoast SEO plugin. -->","yoast_head_json":{"title":"Comment les jeunes des grandes \u00e9coles voient-ils leur avenir professionnel ? | Aymeric Vincent","robots":{"index":"index","follow":"follow","max-snippet":"max-snippet:-1","max-image-preview":"max-image-preview:large","max-video-preview":"max-video-preview:-1"},"canonical":"https:\/\/www.aymericvincent.fr\/?p=12457","og_locale":"fr_FR","og_type":"article","og_title":"Comment les jeunes des grandes \u00e9coles voient-ils leur avenir professionnel ? | Aymeric Vincent","og_description":"Malgr\u00e9 la pand\u00e9mie, les aspirations professionnelles des jeunes talents n\u2019ont pas chang\u00e9 en profondeur. L\u2019int\u00e9r\u00eat du poste, l\u2019ambiance au sein de l\u2019entreprise et le fait qu\u2019elle se trouve en phase avec leurs valeurs demeurent les crit\u00e8res de choix essentiels, loin devant la r\u00e9mun\u00e9ration (qui arrive en\u00a011\u00e8me position), ou la possibilit\u00e9 de t\u00e9l\u00e9travailler\u00a0(19\u00e8me position). G\u00e9n\u00e9ration Covid [&hellip;]","og_url":"https:\/\/www.aymericvincent.fr\/?p=12457","og_site_name":"Aymeric Vincent","article_published_time":"2021-05-31T10:01:07+00:00","author":"Aymeric Vincent","twitter_card":"summary_large_image","twitter_creator":"@aymericvincent","twitter_site":"@aymericvincent","twitter_misc":{"\u00c9crit par":"Aymeric Vincent"},"schema":{"@context":"https:\/\/schema.org","@graph":[{"@type":"Article","@id":"https:\/\/www.aymericvincent.fr\/?p=12457#article","isPartOf":{"@id":"https:\/\/www.aymericvincent.fr\/?p=12457"},"author":{"name":"Aymeric Vincent","@id":"https:\/\/www.aymericvincent.fr\/#\/schema\/person\/7eae4d27b09369dbd5d9d7c7b16d4643"},"headline":"Comment les jeunes des grandes \u00e9coles voient-ils leur avenir professionnel ?","datePublished":"2021-05-31T10:01:07+00:00","mainEntityOfPage":{"@id":"https:\/\/www.aymericvincent.fr\/?p=12457"},"wordCount":95,"publisher":{"@id":"https:\/\/www.aymericvincent.fr\/#\/schema\/person\/7eae4d27b09369dbd5d9d7c7b16d4643"},"keywords":["ecole","motivation","recrutement"],"articleSection":["Recruter"],"inLanguage":"fr-FR"},{"@type":"WebPage","@id":"https:\/\/www.aymericvincent.fr\/?p=12457","url":"https:\/\/www.aymericvincent.fr\/?p=12457","name":"Comment les jeunes des grandes \u00e9coles voient-ils leur avenir professionnel ? | Aymeric Vincent","isPartOf":{"@id":"https:\/\/www.aymericvincent.fr\/#website"},"datePublished":"2021-05-31T10:01:07+00:00","breadcrumb":{"@id":"https:\/\/www.aymericvincent.fr\/?p=12457#breadcrumb"},"inLanguage":"fr-FR","potentialAction":[{"@type":"ReadAction","target":["https:\/\/www.aymericvincent.fr\/?p=12457"]}]},{"@type":"BreadcrumbList","@id":"https:\/\/www.aymericvincent.fr\/?p=12457#breadcrumb","itemListElement":[{"@type":"ListItem","position":1,"name":"Accueil","item":"https:\/\/www.aymericvincent.fr\/"},{"@type":"ListItem","position":2,"name":"Comment les jeunes des grandes \u00e9coles voient-ils leur avenir professionnel ?"}]},{"@type":"WebSite","@id":"https:\/\/www.aymericvincent.fr\/#website","url":"https:\/\/www.aymericvincent.fr\/","name":"Aymeric Vincent","description":"Le blog de Aymeric Vincent - Management, RH et Responsabilit\u00e9 Soci\u00e9tale","publisher":{"@id":"https:\/\/www.aymericvincent.fr\/#\/schema\/person\/7eae4d27b09369dbd5d9d7c7b16d4643"},"potentialAction":[{"@type":"SearchAction","target":{"@type":"EntryPoint","urlTemplate":"https:\/\/www.aymericvincent.fr\/?s={search_term_string}"},"query-input":{"@type":"PropertyValueSpecification","valueRequired":true,"valueName":"search_term_string"}}],"inLanguage":"fr-FR"},{"@type":["Person","Organization"],"@id":"https:\/\/www.aymericvincent.fr\/#\/schema\/person\/7eae4d27b09369dbd5d9d7c7b16d4643","name":"Aymeric Vincent","image":{"@type":"ImageObject","inLanguage":"fr-FR","@id":"https:\/\/www.aymericvincent.fr\/wp-content\/uploads\/2019\/11\/aymeric_vincent-1024x683.jpg","url":"https:\/\/www.aymericvincent.fr\/wp-content\/uploads\/2019\/11\/aymeric_vincent-1024x683.jpg","contentUrl":"https:\/\/www.aymericvincent.fr\/wp-content\/uploads\/2019\/11\/aymeric_vincent-1024x683.jpg","width":1024,"height":683,"caption":"Aymeric Vincent"},"logo":{"@id":"https:\/\/www.aymericvincent.fr\/wp-content\/uploads\/2019\/11\/aymeric_vincent-1024x683.jpg"},"description":"Directeur des Ressources Humaines adjoint dans l'univers de l'\u00e9dition","sameAs":["https:\/\/www.aymericvincent.fr"],"url":"https:\/\/www.aymericvincent.fr\/?author=1"}]}},"_links":{"self":[{"href":"https:\/\/www.aymericvincent.fr\/index.php?rest_route=\/wp\/v2\/posts\/12457","targetHints":{"allow":["GET"]}}],"collection":[{"href":"https:\/\/www.aymericvincent.fr\/index.php?rest_route=\/wp\/v2\/posts"}],"about":[{"href":"https:\/\/www.aymericvincent.fr\/index.php?rest_route=\/wp\/v2\/types\/post"}],"author":[{"embeddable":true,"href":"https:\/\/www.aymericvincent.fr\/index.php?rest_route=\/wp\/v2\/users\/1"}],"replies":[{"embeddable":true,"href":"https:\/\/www.aymericvincent.fr\/index.php?rest_route=%2Fwp%2Fv2%2Fcomments&post=12457"}],"version-history":[{"count":2,"href":"https:\/\/www.aymericvincent.fr\/index.php?rest_route=\/wp\/v2\/posts\/12457\/revisions"}],"predecessor-version":[{"id":12459,"href":"https:\/\/www.aymericvincent.fr\/index.php?rest_route=\/wp\/v2\/posts\/12457\/revisions\/12459"}],"wp:attachment":[{"href":"https:\/\/www.aymericvincent.fr\/index.php?rest_route=%2Fwp%2Fv2%2Fmedia&parent=12457"}],"wp:term":[{"taxonomy":"category","embeddable":true,"href":"https:\/\/www.aymericvincent.fr\/index.php?rest_route=%2Fwp%2Fv2%2Fcategories&post=12457"},{"taxonomy":"post_tag","embeddable":true,"href":"https:\/\/www.aymericvincent.fr\/index.php?rest_route=%2Fwp%2Fv2%2Ftags&post=12457"}],"curies":[{"name":"wp","href":"https:\/\/api.w.org\/{rel}","templated":true}]}}