{"id":12326,"date":"2021-03-30T12:13:14","date_gmt":"2021-03-30T11:13:14","guid":{"rendered":"https:\/\/www.aymericvincent.fr\/?p=12326"},"modified":"2021-03-28T07:05:20","modified_gmt":"2021-03-28T06:05:20","slug":"lirruption-de-lintime-dans-le-rapport-au-travail","status":"publish","type":"post","link":"https:\/\/www.aymericvincent.fr\/?p=12326","title":{"rendered":"L&rsquo;irruption de l&rsquo;intime dans le rapport au travail"},"content":{"rendered":"\n<p>Quand une quarantaine de patrons raconte comment ils ont v\u00e9cu l&rsquo;arriv\u00e9e de la pand\u00e9mie, et pris des d\u00e9cisions avec Pierre Louette, PDG du Groupe Les Echos Le Parisien. Celui-ci raconte notamment comment l&rsquo;intime est arriv\u00e9 dans le rapport au travail.<\/p>\n\n\n\n<p><a rel=\"noreferrer noopener\" aria-label=\"D\u00e9couvrir le projet (s\u2019ouvre dans un nouvel onglet)\" href=\"https:\/\/archives-nationales-travail.culture.gouv.fr\/Decouvrir\/Evenements\/Journee-d-etudes-memoire-des-entreprises-au-temps-de-la-COVID-19\" target=\"_blank\">D\u00e9couvrir le projet<\/a><\/p>\n\n\n\n<p><a rel=\"noreferrer noopener\" aria-label=\"M\u00e9moire des entreprises au temps de la Covid 19 (s\u2019ouvre dans un nouvel onglet)\" href=\"https:\/\/recherche-anmt.culture.gouv.fr\/archive\/resultats\/audiovideo\/\" target=\"_blank\">M\u00e9moire des entreprises au temps de la Covid 19<\/a><\/p>\n\n\n\n<p><a href=\"https:\/\/recherche-anmt.culture.gouv.fr\/ark:\/60879\/1253977.1254020\/dao\/0\/1\" target=\"_blank\" rel=\"noreferrer noopener\" aria-label=\"Ecouter le t\u00e9moignage de Pierre Louette (s\u2019ouvre dans un nouvel onglet)\">Ecouter le t\u00e9moignage de Pierre Louette<\/a><\/p>\n\n\n\n<p><\/p>\n","protected":false},"excerpt":{"rendered":"<p>Quand une quarantaine de patrons raconte comment ils ont v\u00e9cu l&rsquo;arriv\u00e9e de la pand\u00e9mie, et pris des d\u00e9cisions avec Pierre Louette, PDG du Groupe Les Echos Le Parisien. Celui-ci raconte notamment comment l&rsquo;intime est arriv\u00e9 dans le rapport au travail. D\u00e9couvrir le projet M\u00e9moire des entreprises au temps de la Covid 19 Ecouter le t\u00e9moignage [&hellip;]<\/p>\n","protected":false},"author":1,"featured_media":0,"comment_status":"closed","ping_status":"closed","sticky":false,"template":"","format":"standard","meta":{"_monsterinsights_skip_tracking":false,"_monsterinsights_sitenote_active":false,"_monsterinsights_sitenote_note":"","_monsterinsights_sitenote_category":0,"footnotes":""},"categories":[7],"tags":[5881,5837,5620,5207,5495,5880],"class_list":["post-12326","post","type-post","status-publish","format-standard","hentry","category-management","tag-archive","tag-covid","tag-covid-19","tag-groupe-les-echos-le-parisien","tag-pierre-louette","tag-temoigagne"],"yoast_head":"<!-- This site is optimized with the Yoast SEO plugin v27.3 - https:\/\/yoast.com\/product\/yoast-seo-wordpress\/ -->\n<title>L&#039;irruption de l&#039;intime dans le rapport au travail | Aymeric Vincent<\/title>\n<meta name=\"description\" content=\"D\u00e9couvrez les t\u00e9moignages de PDG sur la crise du Covid 19 dont Pierre Louette PDG du Groupe Les Echos Le Parisien, des archives pour le temps.\" \/>\n<meta name=\"robots\" content=\"index, follow, max-snippet:-1, max-image-preview:large, max-video-preview:-1\" \/>\n<link rel=\"canonical\" href=\"https:\/\/www.aymericvincent.fr\/?p=12326\" \/>\n<meta property=\"og:locale\" content=\"fr_FR\" \/>\n<meta property=\"og:type\" content=\"article\" \/>\n<meta property=\"og:title\" content=\"L&#039;irruption de l&#039;intime dans le rapport au travail | Aymeric Vincent\" \/>\n<meta property=\"og:description\" content=\"D\u00e9couvrez les t\u00e9moignages de PDG sur la crise du Covid 19 dont Pierre Louette PDG du Groupe Les Echos Le Parisien, des archives pour le temps.\" \/>\n<meta property=\"og:url\" content=\"https:\/\/www.aymericvincent.fr\/?p=12326\" \/>\n<meta property=\"og:site_name\" content=\"Aymeric Vincent\" \/>\n<meta property=\"article:published_time\" content=\"2021-03-30T11:13:14+00:00\" \/>\n<meta name=\"author\" content=\"Aymeric Vincent\" \/>\n<meta name=\"twitter:card\" content=\"summary_large_image\" \/>\n<meta name=\"twitter:creator\" content=\"@aymericvincent\" \/>\n<meta name=\"twitter:site\" content=\"@aymericvincent\" \/>\n<meta name=\"twitter:label1\" content=\"\u00c9crit par\" \/>\n\t<meta name=\"twitter:data1\" content=\"Aymeric Vincent\" \/>\n<script type=\"application\/ld+json\" class=\"yoast-schema-graph\">{\"@context\":\"https:\\\/\\\/schema.org\",\"@graph\":[{\"@type\":\"Article\",\"@id\":\"https:\\\/\\\/www.aymericvincent.fr\\\/?p=12326#article\",\"isPartOf\":{\"@id\":\"https:\\\/\\\/www.aymericvincent.fr\\\/?p=12326\"},\"author\":{\"name\":\"Aymeric Vincent\",\"@id\":\"https:\\\/\\\/www.aymericvincent.fr\\\/#\\\/schema\\\/person\\\/7eae4d27b09369dbd5d9d7c7b16d4643\"},\"headline\":\"L&rsquo;irruption de l&rsquo;intime dans le rapport au travail\",\"datePublished\":\"2021-03-30T11:13:14+00:00\",\"mainEntityOfPage\":{\"@id\":\"https:\\\/\\\/www.aymericvincent.fr\\\/?p=12326\"},\"wordCount\":76,\"publisher\":{\"@id\":\"https:\\\/\\\/www.aymericvincent.fr\\\/#\\\/schema\\\/person\\\/7eae4d27b09369dbd5d9d7c7b16d4643\"},\"keywords\":[\"archive\",\"covid\",\"covid 19\",\"Groupe Les Echos Le Parisien\",\"Pierre Louette\",\"t\u00e9moigagne\"],\"articleSection\":[\"Manager\"],\"inLanguage\":\"fr-FR\"},{\"@type\":\"WebPage\",\"@id\":\"https:\\\/\\\/www.aymericvincent.fr\\\/?p=12326\",\"url\":\"https:\\\/\\\/www.aymericvincent.fr\\\/?p=12326\",\"name\":\"L'irruption de l'intime dans le rapport au travail | Aymeric Vincent\",\"isPartOf\":{\"@id\":\"https:\\\/\\\/www.aymericvincent.fr\\\/#website\"},\"datePublished\":\"2021-03-30T11:13:14+00:00\",\"description\":\"D\u00e9couvrez les t\u00e9moignages de PDG sur la crise du Covid 19 dont Pierre Louette PDG du Groupe Les Echos Le Parisien, des archives pour le temps.\",\"breadcrumb\":{\"@id\":\"https:\\\/\\\/www.aymericvincent.fr\\\/?p=12326#breadcrumb\"},\"inLanguage\":\"fr-FR\",\"potentialAction\":[{\"@type\":\"ReadAction\",\"target\":[\"https:\\\/\\\/www.aymericvincent.fr\\\/?p=12326\"]}]},{\"@type\":\"BreadcrumbList\",\"@id\":\"https:\\\/\\\/www.aymericvincent.fr\\\/?p=12326#breadcrumb\",\"itemListElement\":[{\"@type\":\"ListItem\",\"position\":1,\"name\":\"Accueil\",\"item\":\"https:\\\/\\\/www.aymericvincent.fr\\\/\"},{\"@type\":\"ListItem\",\"position\":2,\"name\":\"L&rsquo;irruption de l&rsquo;intime dans le rapport au travail\"}]},{\"@type\":\"WebSite\",\"@id\":\"https:\\\/\\\/www.aymericvincent.fr\\\/#website\",\"url\":\"https:\\\/\\\/www.aymericvincent.fr\\\/\",\"name\":\"Aymeric Vincent\",\"description\":\"Le blog de Aymeric Vincent - Management, RH et Responsabilit\u00e9 Soci\u00e9tale\",\"publisher\":{\"@id\":\"https:\\\/\\\/www.aymericvincent.fr\\\/#\\\/schema\\\/person\\\/7eae4d27b09369dbd5d9d7c7b16d4643\"},\"potentialAction\":[{\"@type\":\"SearchAction\",\"target\":{\"@type\":\"EntryPoint\",\"urlTemplate\":\"https:\\\/\\\/www.aymericvincent.fr\\\/?s={search_term_string}\"},\"query-input\":{\"@type\":\"PropertyValueSpecification\",\"valueRequired\":true,\"valueName\":\"search_term_string\"}}],\"inLanguage\":\"fr-FR\"},{\"@type\":[\"Person\",\"Organization\"],\"@id\":\"https:\\\/\\\/www.aymericvincent.fr\\\/#\\\/schema\\\/person\\\/7eae4d27b09369dbd5d9d7c7b16d4643\",\"name\":\"Aymeric Vincent\",\"image\":{\"@type\":\"ImageObject\",\"inLanguage\":\"fr-FR\",\"@id\":\"https:\\\/\\\/www.aymericvincent.fr\\\/wp-content\\\/uploads\\\/2019\\\/11\\\/aymeric_vincent-1024x683.jpg\",\"url\":\"https:\\\/\\\/www.aymericvincent.fr\\\/wp-content\\\/uploads\\\/2019\\\/11\\\/aymeric_vincent-1024x683.jpg\",\"contentUrl\":\"https:\\\/\\\/www.aymericvincent.fr\\\/wp-content\\\/uploads\\\/2019\\\/11\\\/aymeric_vincent-1024x683.jpg\",\"width\":1024,\"height\":683,\"caption\":\"Aymeric Vincent\"},\"logo\":{\"@id\":\"https:\\\/\\\/www.aymericvincent.fr\\\/wp-content\\\/uploads\\\/2019\\\/11\\\/aymeric_vincent-1024x683.jpg\"},\"description\":\"Directeur des Ressources Humaines adjoint dans l'univers de l'\u00e9dition\",\"sameAs\":[\"https:\\\/\\\/www.aymericvincent.fr\"],\"url\":\"https:\\\/\\\/www.aymericvincent.fr\\\/?author=1\"}]}<\/script>\n<!-- \/ Yoast SEO plugin. -->","yoast_head_json":{"title":"L'irruption de l'intime dans le rapport au travail | Aymeric Vincent","description":"D\u00e9couvrez les t\u00e9moignages de PDG sur la crise du Covid 19 dont Pierre Louette PDG du Groupe Les Echos Le Parisien, des archives pour le temps.","robots":{"index":"index","follow":"follow","max-snippet":"max-snippet:-1","max-image-preview":"max-image-preview:large","max-video-preview":"max-video-preview:-1"},"canonical":"https:\/\/www.aymericvincent.fr\/?p=12326","og_locale":"fr_FR","og_type":"article","og_title":"L'irruption de l'intime dans le rapport au travail | Aymeric Vincent","og_description":"D\u00e9couvrez les t\u00e9moignages de PDG sur la crise du Covid 19 dont Pierre Louette PDG du Groupe Les Echos Le Parisien, des archives pour le temps.","og_url":"https:\/\/www.aymericvincent.fr\/?p=12326","og_site_name":"Aymeric Vincent","article_published_time":"2021-03-30T11:13:14+00:00","author":"Aymeric Vincent","twitter_card":"summary_large_image","twitter_creator":"@aymericvincent","twitter_site":"@aymericvincent","twitter_misc":{"\u00c9crit par":"Aymeric Vincent"},"schema":{"@context":"https:\/\/schema.org","@graph":[{"@type":"Article","@id":"https:\/\/www.aymericvincent.fr\/?p=12326#article","isPartOf":{"@id":"https:\/\/www.aymericvincent.fr\/?p=12326"},"author":{"name":"Aymeric Vincent","@id":"https:\/\/www.aymericvincent.fr\/#\/schema\/person\/7eae4d27b09369dbd5d9d7c7b16d4643"},"headline":"L&rsquo;irruption de l&rsquo;intime dans le rapport au travail","datePublished":"2021-03-30T11:13:14+00:00","mainEntityOfPage":{"@id":"https:\/\/www.aymericvincent.fr\/?p=12326"},"wordCount":76,"publisher":{"@id":"https:\/\/www.aymericvincent.fr\/#\/schema\/person\/7eae4d27b09369dbd5d9d7c7b16d4643"},"keywords":["archive","covid","covid 19","Groupe Les Echos Le Parisien","Pierre Louette","t\u00e9moigagne"],"articleSection":["Manager"],"inLanguage":"fr-FR"},{"@type":"WebPage","@id":"https:\/\/www.aymericvincent.fr\/?p=12326","url":"https:\/\/www.aymericvincent.fr\/?p=12326","name":"L'irruption de l'intime dans le rapport au travail | Aymeric Vincent","isPartOf":{"@id":"https:\/\/www.aymericvincent.fr\/#website"},"datePublished":"2021-03-30T11:13:14+00:00","description":"D\u00e9couvrez les t\u00e9moignages de PDG sur la crise du Covid 19 dont Pierre Louette PDG du Groupe Les Echos Le Parisien, des archives pour le temps.","breadcrumb":{"@id":"https:\/\/www.aymericvincent.fr\/?p=12326#breadcrumb"},"inLanguage":"fr-FR","potentialAction":[{"@type":"ReadAction","target":["https:\/\/www.aymericvincent.fr\/?p=12326"]}]},{"@type":"BreadcrumbList","@id":"https:\/\/www.aymericvincent.fr\/?p=12326#breadcrumb","itemListElement":[{"@type":"ListItem","position":1,"name":"Accueil","item":"https:\/\/www.aymericvincent.fr\/"},{"@type":"ListItem","position":2,"name":"L&rsquo;irruption de l&rsquo;intime dans le rapport au travail"}]},{"@type":"WebSite","@id":"https:\/\/www.aymericvincent.fr\/#website","url":"https:\/\/www.aymericvincent.fr\/","name":"Aymeric Vincent","description":"Le blog de Aymeric Vincent - Management, RH et Responsabilit\u00e9 Soci\u00e9tale","publisher":{"@id":"https:\/\/www.aymericvincent.fr\/#\/schema\/person\/7eae4d27b09369dbd5d9d7c7b16d4643"},"potentialAction":[{"@type":"SearchAction","target":{"@type":"EntryPoint","urlTemplate":"https:\/\/www.aymericvincent.fr\/?s={search_term_string}"},"query-input":{"@type":"PropertyValueSpecification","valueRequired":true,"valueName":"search_term_string"}}],"inLanguage":"fr-FR"},{"@type":["Person","Organization"],"@id":"https:\/\/www.aymericvincent.fr\/#\/schema\/person\/7eae4d27b09369dbd5d9d7c7b16d4643","name":"Aymeric Vincent","image":{"@type":"ImageObject","inLanguage":"fr-FR","@id":"https:\/\/www.aymericvincent.fr\/wp-content\/uploads\/2019\/11\/aymeric_vincent-1024x683.jpg","url":"https:\/\/www.aymericvincent.fr\/wp-content\/uploads\/2019\/11\/aymeric_vincent-1024x683.jpg","contentUrl":"https:\/\/www.aymericvincent.fr\/wp-content\/uploads\/2019\/11\/aymeric_vincent-1024x683.jpg","width":1024,"height":683,"caption":"Aymeric Vincent"},"logo":{"@id":"https:\/\/www.aymericvincent.fr\/wp-content\/uploads\/2019\/11\/aymeric_vincent-1024x683.jpg"},"description":"Directeur des Ressources Humaines adjoint dans l'univers de l'\u00e9dition","sameAs":["https:\/\/www.aymericvincent.fr"],"url":"https:\/\/www.aymericvincent.fr\/?author=1"}]}},"_links":{"self":[{"href":"https:\/\/www.aymericvincent.fr\/index.php?rest_route=\/wp\/v2\/posts\/12326","targetHints":{"allow":["GET"]}}],"collection":[{"href":"https:\/\/www.aymericvincent.fr\/index.php?rest_route=\/wp\/v2\/posts"}],"about":[{"href":"https:\/\/www.aymericvincent.fr\/index.php?rest_route=\/wp\/v2\/types\/post"}],"author":[{"embeddable":true,"href":"https:\/\/www.aymericvincent.fr\/index.php?rest_route=\/wp\/v2\/users\/1"}],"replies":[{"embeddable":true,"href":"https:\/\/www.aymericvincent.fr\/index.php?rest_route=%2Fwp%2Fv2%2Fcomments&post=12326"}],"version-history":[{"count":2,"href":"https:\/\/www.aymericvincent.fr\/index.php?rest_route=\/wp\/v2\/posts\/12326\/revisions"}],"predecessor-version":[{"id":12328,"href":"https:\/\/www.aymericvincent.fr\/index.php?rest_route=\/wp\/v2\/posts\/12326\/revisions\/12328"}],"wp:attachment":[{"href":"https:\/\/www.aymericvincent.fr\/index.php?rest_route=%2Fwp%2Fv2%2Fmedia&parent=12326"}],"wp:term":[{"taxonomy":"category","embeddable":true,"href":"https:\/\/www.aymericvincent.fr\/index.php?rest_route=%2Fwp%2Fv2%2Fcategories&post=12326"},{"taxonomy":"post_tag","embeddable":true,"href":"https:\/\/www.aymericvincent.fr\/index.php?rest_route=%2Fwp%2Fv2%2Ftags&post=12326"}],"curies":[{"name":"wp","href":"https:\/\/api.w.org\/{rel}","templated":true}]}}