{"id":11189,"date":"2019-12-16T20:15:03","date_gmt":"2019-12-16T19:15:03","guid":{"rendered":"https:\/\/www.aymericvincent.fr\/?p=11189"},"modified":"2019-12-07T10:17:53","modified_gmt":"2019-12-07T09:17:53","slug":"prevenir-les-agissements-sexistes-et-le-harcelement-sexuel","status":"publish","type":"post","link":"https:\/\/www.aymericvincent.fr\/?p=11189","title":{"rendered":"Pr\u00e9venir les agissements sexistes et le harc\u00e8lement sexuel"},"content":{"rendered":"\n<p>Comment pr\u00e9venir les agissements sexistes et le harc\u00e8lement sexuel dans l&rsquo;entreprise ?<\/p>\n\n\n\n<p><a aria-label=\"D\u00e9couvrir le dossier de l'ANAC (s\u2019ouvre dans un nouvel onglet)\" rel=\"noreferrer noopener\" href=\"https:\/\/veille-travail.anact.fr\/produits-documentaires\/prevenir-les-agissements-sexistes-et-le-harcelement-sexuel-une-preoccupation\" target=\"_blank\">D\u00e9couvrir le dossier d<\/a><a href=\"https:\/\/veille-travail.anact.fr\/produits-documentaires\/prevenir-les-agissements-sexistes-et-le-harcelement-sexuel-une-preoccupation\" target=\"_blank\" rel=\"noreferrer noopener\" aria-label=\"e l'ANACT (s\u2019ouvre dans un nouvel onglet)\">e l&rsquo;ANACT<\/a><\/p>\n\n\n\n<figure class=\"wp-block-image\"><img decoding=\"async\" src=\"https:\/\/jean-jaures.org\/sites\/default\/files\/redac\/commun\/productions\/2019\/1012\/graph_3.png\" alt=\"\"\/><\/figure>\n","protected":false},"excerpt":{"rendered":"<p>Comment pr\u00e9venir les agissements sexistes et le harc\u00e8lement sexuel dans l&rsquo;entreprise ? D\u00e9couvrir le dossier de l&rsquo;ANACT<\/p>\n","protected":false},"author":1,"featured_media":0,"comment_status":"open","ping_status":"open","sticky":false,"template":"","format":"standard","meta":{"_monsterinsights_skip_tracking":false,"_monsterinsights_sitenote_active":false,"_monsterinsights_sitenote_note":"","_monsterinsights_sitenote_category":0,"footnotes":""},"categories":[5,7,2025],"tags":[75,4417,1437,2828],"class_list":["post-11189","post","type-post","status-publish","format-standard","hentry","category-formations","category-management","category-responsabilite-societale-entreprise","tag-anact","tag-harcelement","tag-prevention","tag-sexisme"],"yoast_head":"<!-- This site is optimized with the Yoast SEO plugin v27.5 - https:\/\/yoast.com\/product\/yoast-seo-wordpress\/ -->\n<title>Pr\u00e9venir les agissements sexistes et le harc\u00e8lement sexuel | Aymeric Vincent<\/title>\n<meta name=\"robots\" content=\"index, follow, max-snippet:-1, max-image-preview:large, max-video-preview:-1\" \/>\n<link rel=\"canonical\" href=\"https:\/\/www.aymericvincent.fr\/?p=11189\" \/>\n<meta property=\"og:locale\" content=\"fr_FR\" \/>\n<meta property=\"og:type\" content=\"article\" \/>\n<meta property=\"og:title\" content=\"Pr\u00e9venir les agissements sexistes et le harc\u00e8lement sexuel | Aymeric Vincent\" \/>\n<meta property=\"og:description\" content=\"Comment pr\u00e9venir les agissements sexistes et le harc\u00e8lement sexuel dans l&rsquo;entreprise ? D\u00e9couvrir le dossier de l&rsquo;ANACT\" \/>\n<meta property=\"og:url\" content=\"https:\/\/www.aymericvincent.fr\/?p=11189\" \/>\n<meta property=\"og:site_name\" content=\"Aymeric Vincent\" \/>\n<meta property=\"article:published_time\" content=\"2019-12-16T19:15:03+00:00\" \/>\n<meta property=\"og:image\" content=\"https:\/\/jean-jaures.org\/sites\/default\/files\/redac\/commun\/productions\/2019\/1012\/graph_3.png\" \/>\n<meta name=\"author\" content=\"Aymeric Vincent\" \/>\n<meta name=\"twitter:card\" content=\"summary_large_image\" \/>\n<meta name=\"twitter:creator\" content=\"@aymericvincent\" \/>\n<meta name=\"twitter:site\" content=\"@aymericvincent\" \/>\n<meta name=\"twitter:label1\" content=\"\u00c9crit par\" \/>\n\t<meta name=\"twitter:data1\" content=\"Aymeric Vincent\" \/>\n<script type=\"application\/ld+json\" class=\"yoast-schema-graph\">{\"@context\":\"https:\\\/\\\/schema.org\",\"@graph\":[{\"@type\":\"Article\",\"@id\":\"https:\\\/\\\/www.aymericvincent.fr\\\/?p=11189#article\",\"isPartOf\":{\"@id\":\"https:\\\/\\\/www.aymericvincent.fr\\\/?p=11189\"},\"author\":{\"name\":\"Aymeric Vincent\",\"@id\":\"https:\\\/\\\/www.aymericvincent.fr\\\/#\\\/schema\\\/person\\\/7eae4d27b09369dbd5d9d7c7b16d4643\"},\"headline\":\"Pr\u00e9venir les agissements sexistes et le harc\u00e8lement sexuel\",\"datePublished\":\"2019-12-16T19:15:03+00:00\",\"mainEntityOfPage\":{\"@id\":\"https:\\\/\\\/www.aymericvincent.fr\\\/?p=11189\"},\"wordCount\":32,\"commentCount\":0,\"publisher\":{\"@id\":\"https:\\\/\\\/www.aymericvincent.fr\\\/#\\\/schema\\\/person\\\/7eae4d27b09369dbd5d9d7c7b16d4643\"},\"image\":{\"@id\":\"https:\\\/\\\/www.aymericvincent.fr\\\/?p=11189#primaryimage\"},\"thumbnailUrl\":\"https:\\\/\\\/jean-jaures.org\\\/sites\\\/default\\\/files\\\/redac\\\/commun\\\/productions\\\/2019\\\/1012\\\/graph_3.png\",\"keywords\":[\"anact\",\"harc\u00e8lement\",\"pr\u00e9vention\",\"sexisme\"],\"articleSection\":[\"Apprendre\",\"Manager\",\"Responsabilit\u00e9 Soci\u00e9tale Entreprise\"],\"inLanguage\":\"fr-FR\",\"potentialAction\":[{\"@type\":\"CommentAction\",\"name\":\"Comment\",\"target\":[\"https:\\\/\\\/www.aymericvincent.fr\\\/?p=11189#respond\"]}]},{\"@type\":\"WebPage\",\"@id\":\"https:\\\/\\\/www.aymericvincent.fr\\\/?p=11189\",\"url\":\"https:\\\/\\\/www.aymericvincent.fr\\\/?p=11189\",\"name\":\"Pr\u00e9venir les agissements sexistes et le harc\u00e8lement sexuel | Aymeric Vincent\",\"isPartOf\":{\"@id\":\"https:\\\/\\\/www.aymericvincent.fr\\\/#website\"},\"primaryImageOfPage\":{\"@id\":\"https:\\\/\\\/www.aymericvincent.fr\\\/?p=11189#primaryimage\"},\"image\":{\"@id\":\"https:\\\/\\\/www.aymericvincent.fr\\\/?p=11189#primaryimage\"},\"thumbnailUrl\":\"https:\\\/\\\/jean-jaures.org\\\/sites\\\/default\\\/files\\\/redac\\\/commun\\\/productions\\\/2019\\\/1012\\\/graph_3.png\",\"datePublished\":\"2019-12-16T19:15:03+00:00\",\"breadcrumb\":{\"@id\":\"https:\\\/\\\/www.aymericvincent.fr\\\/?p=11189#breadcrumb\"},\"inLanguage\":\"fr-FR\",\"potentialAction\":[{\"@type\":\"ReadAction\",\"target\":[\"https:\\\/\\\/www.aymericvincent.fr\\\/?p=11189\"]}]},{\"@type\":\"ImageObject\",\"inLanguage\":\"fr-FR\",\"@id\":\"https:\\\/\\\/www.aymericvincent.fr\\\/?p=11189#primaryimage\",\"url\":\"https:\\\/\\\/jean-jaures.org\\\/sites\\\/default\\\/files\\\/redac\\\/commun\\\/productions\\\/2019\\\/1012\\\/graph_3.png\",\"contentUrl\":\"https:\\\/\\\/jean-jaures.org\\\/sites\\\/default\\\/files\\\/redac\\\/commun\\\/productions\\\/2019\\\/1012\\\/graph_3.png\"},{\"@type\":\"BreadcrumbList\",\"@id\":\"https:\\\/\\\/www.aymericvincent.fr\\\/?p=11189#breadcrumb\",\"itemListElement\":[{\"@type\":\"ListItem\",\"position\":1,\"name\":\"Accueil\",\"item\":\"https:\\\/\\\/www.aymericvincent.fr\\\/\"},{\"@type\":\"ListItem\",\"position\":2,\"name\":\"Pr\u00e9venir les agissements sexistes et le harc\u00e8lement sexuel\"}]},{\"@type\":\"WebSite\",\"@id\":\"https:\\\/\\\/www.aymericvincent.fr\\\/#website\",\"url\":\"https:\\\/\\\/www.aymericvincent.fr\\\/\",\"name\":\"Aymeric Vincent\",\"description\":\"Le blog de Aymeric Vincent - Management, RH et Responsabilit\u00e9 Soci\u00e9tale\",\"publisher\":{\"@id\":\"https:\\\/\\\/www.aymericvincent.fr\\\/#\\\/schema\\\/person\\\/7eae4d27b09369dbd5d9d7c7b16d4643\"},\"potentialAction\":[{\"@type\":\"SearchAction\",\"target\":{\"@type\":\"EntryPoint\",\"urlTemplate\":\"https:\\\/\\\/www.aymericvincent.fr\\\/?s={search_term_string}\"},\"query-input\":{\"@type\":\"PropertyValueSpecification\",\"valueRequired\":true,\"valueName\":\"search_term_string\"}}],\"inLanguage\":\"fr-FR\"},{\"@type\":[\"Person\",\"Organization\"],\"@id\":\"https:\\\/\\\/www.aymericvincent.fr\\\/#\\\/schema\\\/person\\\/7eae4d27b09369dbd5d9d7c7b16d4643\",\"name\":\"Aymeric Vincent\",\"image\":{\"@type\":\"ImageObject\",\"inLanguage\":\"fr-FR\",\"@id\":\"https:\\\/\\\/www.aymericvincent.fr\\\/wp-content\\\/uploads\\\/2019\\\/11\\\/aymeric_vincent-1024x683.jpg\",\"url\":\"https:\\\/\\\/www.aymericvincent.fr\\\/wp-content\\\/uploads\\\/2019\\\/11\\\/aymeric_vincent-1024x683.jpg\",\"contentUrl\":\"https:\\\/\\\/www.aymericvincent.fr\\\/wp-content\\\/uploads\\\/2019\\\/11\\\/aymeric_vincent-1024x683.jpg\",\"width\":1024,\"height\":683,\"caption\":\"Aymeric Vincent\"},\"logo\":{\"@id\":\"https:\\\/\\\/www.aymericvincent.fr\\\/wp-content\\\/uploads\\\/2019\\\/11\\\/aymeric_vincent-1024x683.jpg\"},\"description\":\"Directeur des Ressources Humaines adjoint dans l'univers de l'\u00e9dition\",\"sameAs\":[\"https:\\\/\\\/www.aymericvincent.fr\"],\"url\":\"https:\\\/\\\/www.aymericvincent.fr\\\/?author=1\"}]}<\/script>\n<!-- \/ Yoast SEO plugin. -->","yoast_head_json":{"title":"Pr\u00e9venir les agissements sexistes et le harc\u00e8lement sexuel | Aymeric Vincent","robots":{"index":"index","follow":"follow","max-snippet":"max-snippet:-1","max-image-preview":"max-image-preview:large","max-video-preview":"max-video-preview:-1"},"canonical":"https:\/\/www.aymericvincent.fr\/?p=11189","og_locale":"fr_FR","og_type":"article","og_title":"Pr\u00e9venir les agissements sexistes et le harc\u00e8lement sexuel | Aymeric Vincent","og_description":"Comment pr\u00e9venir les agissements sexistes et le harc\u00e8lement sexuel dans l&rsquo;entreprise ? D\u00e9couvrir le dossier de l&rsquo;ANACT","og_url":"https:\/\/www.aymericvincent.fr\/?p=11189","og_site_name":"Aymeric Vincent","article_published_time":"2019-12-16T19:15:03+00:00","og_image":[{"url":"https:\/\/jean-jaures.org\/sites\/default\/files\/redac\/commun\/productions\/2019\/1012\/graph_3.png","type":"","width":"","height":""}],"author":"Aymeric Vincent","twitter_card":"summary_large_image","twitter_creator":"@aymericvincent","twitter_site":"@aymericvincent","twitter_misc":{"\u00c9crit par":"Aymeric Vincent"},"schema":{"@context":"https:\/\/schema.org","@graph":[{"@type":"Article","@id":"https:\/\/www.aymericvincent.fr\/?p=11189#article","isPartOf":{"@id":"https:\/\/www.aymericvincent.fr\/?p=11189"},"author":{"name":"Aymeric Vincent","@id":"https:\/\/www.aymericvincent.fr\/#\/schema\/person\/7eae4d27b09369dbd5d9d7c7b16d4643"},"headline":"Pr\u00e9venir les agissements sexistes et le harc\u00e8lement sexuel","datePublished":"2019-12-16T19:15:03+00:00","mainEntityOfPage":{"@id":"https:\/\/www.aymericvincent.fr\/?p=11189"},"wordCount":32,"commentCount":0,"publisher":{"@id":"https:\/\/www.aymericvincent.fr\/#\/schema\/person\/7eae4d27b09369dbd5d9d7c7b16d4643"},"image":{"@id":"https:\/\/www.aymericvincent.fr\/?p=11189#primaryimage"},"thumbnailUrl":"https:\/\/jean-jaures.org\/sites\/default\/files\/redac\/commun\/productions\/2019\/1012\/graph_3.png","keywords":["anact","harc\u00e8lement","pr\u00e9vention","sexisme"],"articleSection":["Apprendre","Manager","Responsabilit\u00e9 Soci\u00e9tale Entreprise"],"inLanguage":"fr-FR","potentialAction":[{"@type":"CommentAction","name":"Comment","target":["https:\/\/www.aymericvincent.fr\/?p=11189#respond"]}]},{"@type":"WebPage","@id":"https:\/\/www.aymericvincent.fr\/?p=11189","url":"https:\/\/www.aymericvincent.fr\/?p=11189","name":"Pr\u00e9venir les agissements sexistes et le harc\u00e8lement sexuel | Aymeric Vincent","isPartOf":{"@id":"https:\/\/www.aymericvincent.fr\/#website"},"primaryImageOfPage":{"@id":"https:\/\/www.aymericvincent.fr\/?p=11189#primaryimage"},"image":{"@id":"https:\/\/www.aymericvincent.fr\/?p=11189#primaryimage"},"thumbnailUrl":"https:\/\/jean-jaures.org\/sites\/default\/files\/redac\/commun\/productions\/2019\/1012\/graph_3.png","datePublished":"2019-12-16T19:15:03+00:00","breadcrumb":{"@id":"https:\/\/www.aymericvincent.fr\/?p=11189#breadcrumb"},"inLanguage":"fr-FR","potentialAction":[{"@type":"ReadAction","target":["https:\/\/www.aymericvincent.fr\/?p=11189"]}]},{"@type":"ImageObject","inLanguage":"fr-FR","@id":"https:\/\/www.aymericvincent.fr\/?p=11189#primaryimage","url":"https:\/\/jean-jaures.org\/sites\/default\/files\/redac\/commun\/productions\/2019\/1012\/graph_3.png","contentUrl":"https:\/\/jean-jaures.org\/sites\/default\/files\/redac\/commun\/productions\/2019\/1012\/graph_3.png"},{"@type":"BreadcrumbList","@id":"https:\/\/www.aymericvincent.fr\/?p=11189#breadcrumb","itemListElement":[{"@type":"ListItem","position":1,"name":"Accueil","item":"https:\/\/www.aymericvincent.fr\/"},{"@type":"ListItem","position":2,"name":"Pr\u00e9venir les agissements sexistes et le harc\u00e8lement sexuel"}]},{"@type":"WebSite","@id":"https:\/\/www.aymericvincent.fr\/#website","url":"https:\/\/www.aymericvincent.fr\/","name":"Aymeric Vincent","description":"Le blog de Aymeric Vincent - Management, RH et Responsabilit\u00e9 Soci\u00e9tale","publisher":{"@id":"https:\/\/www.aymericvincent.fr\/#\/schema\/person\/7eae4d27b09369dbd5d9d7c7b16d4643"},"potentialAction":[{"@type":"SearchAction","target":{"@type":"EntryPoint","urlTemplate":"https:\/\/www.aymericvincent.fr\/?s={search_term_string}"},"query-input":{"@type":"PropertyValueSpecification","valueRequired":true,"valueName":"search_term_string"}}],"inLanguage":"fr-FR"},{"@type":["Person","Organization"],"@id":"https:\/\/www.aymericvincent.fr\/#\/schema\/person\/7eae4d27b09369dbd5d9d7c7b16d4643","name":"Aymeric Vincent","image":{"@type":"ImageObject","inLanguage":"fr-FR","@id":"https:\/\/www.aymericvincent.fr\/wp-content\/uploads\/2019\/11\/aymeric_vincent-1024x683.jpg","url":"https:\/\/www.aymericvincent.fr\/wp-content\/uploads\/2019\/11\/aymeric_vincent-1024x683.jpg","contentUrl":"https:\/\/www.aymericvincent.fr\/wp-content\/uploads\/2019\/11\/aymeric_vincent-1024x683.jpg","width":1024,"height":683,"caption":"Aymeric Vincent"},"logo":{"@id":"https:\/\/www.aymericvincent.fr\/wp-content\/uploads\/2019\/11\/aymeric_vincent-1024x683.jpg"},"description":"Directeur des Ressources Humaines adjoint dans l'univers de l'\u00e9dition","sameAs":["https:\/\/www.aymericvincent.fr"],"url":"https:\/\/www.aymericvincent.fr\/?author=1"}]}},"_links":{"self":[{"href":"https:\/\/www.aymericvincent.fr\/index.php?rest_route=\/wp\/v2\/posts\/11189","targetHints":{"allow":["GET"]}}],"collection":[{"href":"https:\/\/www.aymericvincent.fr\/index.php?rest_route=\/wp\/v2\/posts"}],"about":[{"href":"https:\/\/www.aymericvincent.fr\/index.php?rest_route=\/wp\/v2\/types\/post"}],"author":[{"embeddable":true,"href":"https:\/\/www.aymericvincent.fr\/index.php?rest_route=\/wp\/v2\/users\/1"}],"replies":[{"embeddable":true,"href":"https:\/\/www.aymericvincent.fr\/index.php?rest_route=%2Fwp%2Fv2%2Fcomments&post=11189"}],"version-history":[{"count":1,"href":"https:\/\/www.aymericvincent.fr\/index.php?rest_route=\/wp\/v2\/posts\/11189\/revisions"}],"predecessor-version":[{"id":11190,"href":"https:\/\/www.aymericvincent.fr\/index.php?rest_route=\/wp\/v2\/posts\/11189\/revisions\/11190"}],"wp:attachment":[{"href":"https:\/\/www.aymericvincent.fr\/index.php?rest_route=%2Fwp%2Fv2%2Fmedia&parent=11189"}],"wp:term":[{"taxonomy":"category","embeddable":true,"href":"https:\/\/www.aymericvincent.fr\/index.php?rest_route=%2Fwp%2Fv2%2Fcategories&post=11189"},{"taxonomy":"post_tag","embeddable":true,"href":"https:\/\/www.aymericvincent.fr\/index.php?rest_route=%2Fwp%2Fv2%2Ftags&post=11189"}],"curies":[{"name":"wp","href":"https:\/\/api.w.org\/{rel}","templated":true}]}}